{"id":1071,"date":"2018-03-15T13:55:24","date_gmt":"2018-03-15T11:55:24","guid":{"rendered":"http:\/\/www.houseofeurope.ro\/blog\/?p=1071"},"modified":"2018-07-26T09:20:21","modified_gmt":"2018-07-26T07:20:21","slug":"alinierea-la-standardele-ue-si-internationale-in-domeniul-dezvoltarii-si-inovarii-urbane","status":"publish","type":"post","link":"http:\/\/www.houseofeurope.ro\/blog\/alinierea-la-standardele-ue-si-internationale-in-domeniul-dezvoltarii-si-inovarii-urbane\/","title":{"rendered":"Alinierea la standardele UE \u0219i interna\u021bionale \u00een domeniul dezvolt\u0103rii \u0219i inov\u0103rii urbane"},"content":{"rendered":"<blockquote><p><em><strong>\u00a0~ Oportunit\u0103\u021bi profesionale prin programul online CIO-SUERD ~<\/strong><\/em><\/p><\/blockquote>\n<p>\u00cen condi\u021biile \u00een care Rom\u00e2nia se preg\u0103te\u0219te s\u0103 preia at\u00e2t <strong>Pre\u0219edin\u021bia Strategiei UE pentru Regiunea Dun\u0103rii<\/strong> (SUERD), c\u00e2t \u0219i, \u00een anul 2019, <strong>Pre\u0219edin\u021bia Consiliului UE<\/strong>, starea planific\u0103rii, dezvolt\u0103rii teritoriale \u0219i regener\u0103rii\/inov\u0103rii urbane \u00een Rom\u00e2nia, se afl\u0103, per ansamblu, \u00eenc\u0103 \u00eentr-o mare suferin\u021b\u0103, \u00een special \u00een c\u00e2teva mari ora\u0219e, datorit\u0103 neconcordan\u021bei sau lipsei de consultare \u00eentre deciden\u021bii din administra\u021bia public\u0103 \u0219i speciali\u0219tii din domeniu, precum arhitec\u021bi, urbani\u0219ti, consultan\u021bi, planificatori, cercet\u0103tori etc.<\/p>\n<p><!--more--><\/p>\n<p>\u00cen acest sens, reprezentan\u021bii Ordinului Arhitec\u021bilor din Rom\u00e2nia, precum \u0219i cei ai Registrului Urbani\u0219tilor, au avertizat, din timp, asupra necesit\u0103\u021bii concord\u0103rii opiniilor cu privire la adoptarea \u0219i transpunerea \u00een practic\u0103 a<strong> Codului Amenaj\u0103rii Teritoriului, Urbanismului \u0219i Construc\u021biilor<\/strong>, conform recomand\u0103rilor exprese ale Noii Agende Urbane &#8211; Habitat (ONU), Comisiei Europene, Pre\u0219edin\u021biei SUERD \u0219i a Consiliului Ora\u0219elor \u0219i Regiunilor Dun\u0103rii (CoDCR), Societ\u0103\u021bii Interna\u021bionale a Planificatorilor Urbani \u0219i Regionali (ISOCARP Bruxelles), ai Re\u021belei de Dezvoltare Urban\u0103 (Urban Development Network), etc.<\/p>\n<p>Totu\u0219i, at\u00e2t miza Strategiei Dun\u0103rii, c\u00e2t \u0219i <strong>Agenda Urban\u0103 UE<\/strong>, au fost \u00eensu\u0219ite de Rom\u00e2nia, ca Stat Membru, \u0219i ne revine \u00een continuare obliga\u021bia s\u0103 adapt\u0103m c\u00e2t mai rapid standardele \u0219i procedurile referitoare la domeniul dezvolt\u0103rii urbane, \u00een special aplic\u00e2nd \u00een practic\u0103 conceptele de<strong> \u201dSmart City\u201d<\/strong> \u0219i de <strong>\u201dora\u0219 sustenabil\u201d<\/strong>.<\/p>\n<p>Bucur\u00e2ndu-ne de recente parteneriate constructive cu <a href=\"http:\/\/romaniansmartcity.ro\" target=\"_blank\" rel=\"noopener\"><strong>Asocia\u021bia Rom\u00e2n\u0103 pentru Smart City \u0219i Mobilitate<\/strong><\/a>, precum \u0219i cu<a href=\"http:\/\/www.urbasofia.eu\" target=\"_blank\" rel=\"noopener\"><strong> Agen\u021bia URBASOFIA<\/strong><\/a> (Roma-Bucure\u0219ti), <strong>\u201dComunit\u0103\u021bile Locale Riverane Dun\u0103rii\u201d<\/strong> &#8211; CLDR, asocia\u021bie membr\u0103 CoDCR (Viena), prin Departamentul de Formare \u0219i Consiliere, cu sprijinul <strong>Catedrei Interna\u021bionale Onorifice \u201dJean Bart\u201d \u00een sprijinul Strategiei UE pentru Regiunea Dun\u0103rii<\/strong> (CIO-SUERD), proiect coordonat de Funda\u021bia EUROLINK-Casa Europei \u0219i fondat \u00een parteneriat cu Academia Rom\u00e2n\u0103, ini\u021biaz\u0103 prima filier\u0103 de formare profesional\u0103 deosebit de necesar\u0103 pentru formarea inter-disciplinar\u0103 a <strong>\u201dExper\u021bilor \u00een Dezvoltare, Proiectare \u0219i Inovare Urban\u0103 European\u0103\u201d<\/strong>.<\/p>\n<p style=\"text-align: center;\"><a href=\"http:\/\/www.cldr.ro\/expert-european-in-dezvoltare-inovare-urbana\/\"><img loading=\"lazy\" decoding=\"async\" class=\"aligncenter wp-image-1081 size-full\" src=\"http:\/\/www.houseofeurope.ro\/blog\/wp-content\/uploads\/2018\/03\/Curs-Inovare-Urbana.jpg\" alt=\"\" width=\"379\" height=\"532\" srcset=\"http:\/\/www.houseofeurope.ro\/blog\/wp-content\/uploads\/2018\/03\/Curs-Inovare-Urbana.jpg 379w, http:\/\/www.houseofeurope.ro\/blog\/wp-content\/uploads\/2018\/03\/Curs-Inovare-Urbana-214x300.jpg 214w\" sizes=\"(max-width: 379px) 100vw, 379px\" \/><\/a><\/p>\n<p>Cursurile se desf\u0103\u0219oar\u0103 online, \u00een perioada lunilor<strong> aprilie-iulie 2018<\/strong>, prin intermediul unei platforme educa\u021bionale, accesibil\u0103 oric\u0103rui cursant \u00een mod flexibil, incluz\u00e2nd <strong>7 module<\/strong> cu <strong>studii de caz<\/strong> \u0219i <strong>exemple de bune practici<\/strong>. Certificarea se ob\u021bine \u00een urma unei evalu\u0103ri finale care const\u0103 \u00een completarea online a unui model de cerere de finan\u021bare, \u00een linii sale principale, conform modelului furnizat de organizatori. Cursul se adreseaz\u0103 \u00een special urm\u0103toarelor categorii: arhitec\u021bi \u0219efi\/func\u021bionari \u00een departamentele de specialitate ale ora\u0219elor, municipiilor \u0219i jude\u021belor, urbani\u0219ti, consultan\u021bi, planificatori, geodezi, speciali\u0219ti \u00eembun\u0103t\u0103\u021biri funciare \/ ingineria mediului, cercet\u0103tori, masteranzi \u0219i doctoranzi.<\/p>\n<p><a href=\"http:\/\/www.cldr.ro\/expert-european-in-dezvoltare-inovare-urbana\/\" target=\"_blank\" rel=\"noopener\">Programul de formare<\/a> beneficiaz\u0103 de coordonarea teoretic\u0103 \u0219i practic\u0103 a unuia dintre cei mai reputa\u021bi exper\u021bi ai Comisiei Europene \u00een domeniu, <strong>Dr. Ing. Urb. Pietro ELISEI<\/strong>, Ambasador ISOCARP \u0219i Manager General URBASOFIA.<\/p>\n<p>\u00censcrierile\u00a0se fac \u00een baza <a href=\"http:\/\/www.houseofeurope.ro\/blog\/wp-content\/uploads\/2018\/03\/Formular_Inovare-Urbana.doc\"><strong>Formularului de \u00censcriere<\/strong><\/a>, conform principiului <em>&#8220;Primul venit-primul servit&#8221;<\/em> p\u00e2n\u0103 \u00een data de\u00a0<em>13 aprilie 2018<\/em>. Detalii suplimentare pot fi consultate pe siteul <a href=\"http:\/\/www.cldr.ro\/alinierea-la-standardele-ue-si-internationale-in-domeniul-dezvoltarii-si-inovarii-urbane\/\" target=\"_blank\" rel=\"noopener\">www.cldr.ro<\/a> sau solicitate Secretariatului Tehnic prin e-mail: <a href=\"mailto:secretariat@cldr.ro\" target=\"_blank\" rel=\"noopener\">secretariat@cldr.ro<\/a> ori telefonic la tel.\/fax: 021.230.49.97.<\/p>\n<p>Men\u021bion\u0103m c\u0103 o prezentare a con\u021binutului acestui program \u0219i a oportunit\u0103\u021bilor de carier\u0103 pentru absolven\u021bi va fi f\u0103cut\u0103 live, cu ocazia unui eveniment public de lansare, \u00een data de <em><strong>13 aprilie 2018<\/strong><\/em>, ce va avea loc la <strong>Bucure\u0219ti<\/strong> (detaliile tehnice vor fi comunicate \u00een timp util).<\/p>\n<p><strong>Parteneri Media Asocia\u021bi:<\/strong> Agen\u021bia Na\u021bional\u0103 de Pres\u0103 AGERPRES, Smart City Magazine, TVH. <strong>Parteneri Media:<\/strong> Finantare.ro, CalendarEvenimente.ro, CaleaEuropeana.ro, Comunica\u021bii Mobile, SmartFinancial.ro, BrandInfo.ro, Opinia Na\u021bional\u0103, PRwave.ro, ComunicateMedia.ro, Tribuna Economic\u0103, Tomisul Cultural, 24PHarte.ro, \u201dBuletin Dun\u0103rean\u201d.<\/p>\n","protected":false},"excerpt":{"rendered":"<p>\u00a0~ Oportunit\u0103\u021bi profesionale prin programul online CIO-SUERD ~ \u00cen condi\u021biile \u00een care Rom\u00e2nia se preg\u0103te\u0219te s\u0103 preia at\u00e2t Pre\u0219edin\u021bia Strategiei UE pentru Regiunea Dun\u0103rii (SUERD), c\u00e2t \u0219i, \u00een anul 2019, Pre\u0219edin\u021bia Consiliului UE, starea planific\u0103rii, dezvolt\u0103rii teritoriale \u0219i regener\u0103rii\/inov\u0103rii urbane \u00een Rom\u00e2nia, se afl\u0103, per ansamblu, \u00eenc\u0103 \u00eentr-o mare suferin\u021b\u0103, \u00een special \u00een c\u00e2teva mari<a class=\"sup-readmore\" href=\"http:\/\/www.houseofeurope.ro\/blog\/alinierea-la-standardele-ue-si-internationale-in-domeniul-dezvoltarii-si-inovarii-urbane\/\">Read More<\/a><\/p>\n","protected":false},"author":1,"featured_media":1072,"comment_status":"open","ping_status":"open","sticky":false,"template":"","format":"standard","meta":{"footnotes":""},"categories":[8],"tags":[236,143,237],"_links":{"self":[{"href":"http:\/\/www.houseofeurope.ro\/blog\/wp-json\/wp\/v2\/posts\/1071"}],"collection":[{"href":"http:\/\/www.houseofeurope.ro\/blog\/wp-json\/wp\/v2\/posts"}],"about":[{"href":"http:\/\/www.houseofeurope.ro\/blog\/wp-json\/wp\/v2\/types\/post"}],"author":[{"embeddable":true,"href":"http:\/\/www.houseofeurope.ro\/blog\/wp-json\/wp\/v2\/users\/1"}],"replies":[{"embeddable":true,"href":"http:\/\/www.houseofeurope.ro\/blog\/wp-json\/wp\/v2\/comments?post=1071"}],"version-history":[{"count":5,"href":"http:\/\/www.houseofeurope.ro\/blog\/wp-json\/wp\/v2\/posts\/1071\/revisions"}],"predecessor-version":[{"id":1092,"href":"http:\/\/www.houseofeurope.ro\/blog\/wp-json\/wp\/v2\/posts\/1071\/revisions\/1092"}],"wp:featuredmedia":[{"embeddable":true,"href":"http:\/\/www.houseofeurope.ro\/blog\/wp-json\/wp\/v2\/media\/1072"}],"wp:attachment":[{"href":"http:\/\/www.houseofeurope.ro\/blog\/wp-json\/wp\/v2\/media?parent=1071"}],"wp:term":[{"taxonomy":"category","embeddable":true,"href":"http:\/\/www.houseofeurope.ro\/blog\/wp-json\/wp\/v2\/categories?post=1071"},{"taxonomy":"post_tag","embeddable":true,"href":"http:\/\/www.houseofeurope.ro\/blog\/wp-json\/wp\/v2\/tags?post=1071"}],"curies":[{"name":"wp","href":"https:\/\/api.w.org\/{rel}","templated":true}]}}