{"id":1094,"date":"2018-05-16T10:56:56","date_gmt":"2018-05-16T08:56:56","guid":{"rendered":"http:\/\/www.houseofeurope.ro\/blog\/?p=1094"},"modified":"2018-11-20T12:42:32","modified_gmt":"2018-11-20T10:42:32","slug":"sesiuni-de-formare-sezonul-estival-2018","status":"publish","type":"post","link":"http:\/\/www.houseofeurope.ro\/blog\/sesiuni-de-formare-sezonul-estival-2018\/","title":{"rendered":"Sesiuni de Formare \u2013 sezonul estival 2018"},"content":{"rendered":"<p>Continu\u0103m \u0219i \u00een acest sezon estival colaborarea cu\u00a0<strong>Asocia\u021bia Profesional\u0103 a Form\u0103rii \u00een Administra\u021bia Public\u0103 Local\u0103 \u201dCINAQ\u201d<\/strong>, Membr\u0103 CLDR, prin organizarea \u00een prestigioase loca\u021bii de la munte \u0219i de pe litoral, a unor\u00a0<strong>Sesiuni de Formare<\/strong>\u00a0g\u00e2ndite s\u0103 combine punerea \u00een tem\u0103 cu probleme stringente la ordinea zilei cu momente de team-building \u0219i relaxare-tonifiere a tuturor celor interesa\u021bi de oferta noastr\u0103.<\/p>\n<p><strong>Pachetul de servicii turistice<\/strong>\u00a0include cazare cu mic dejun (<strong>bonus<\/strong> oferit de hotel: camera poate fi rezervat\u0103 \u00een regim de\u00a0<em>single<\/em>\u00a0sau\u00a0<em>double<\/em>,\u00a0<strong>f\u0103r\u0103 cost suplimentar<\/strong>\u00a0pentru \u00eenso\u021bitor), precum \u0219i un tichet de masa \u00een valoare de\u00a0<strong>100 lei\/zi\/camera<\/strong>.<\/p>\n<p>&nbsp;<\/p>\n<h5><strong>Neptun,\u00a0<a href=\"http:\/\/www.qhotel.ro\/\" target=\"_blank\" rel=\"noopener\">Hotel Q<\/a>\u00a0***<\/strong><\/h5>\n<p>Perioada:\u00a0<strong>\u200b\u200b\u200b15-22 iulie\u200b 2018<\/strong>\u200b<\/p>\n<p><strong>\u201dAlinierea protec\u021biei datelor personale \u00een raport cu standardele Un\u200bi\u200bunii Europene. Implica\u021bii esen\u021biale \u00een rela\u021bia cu protec\u021bia consumatorilor, regimul concuren\u021bei \u0219i drepturile omului\u200b\u201d\u200b<\/strong><\/p>\n<p>Pachet cazare (7 nop\u021bi): 2310 lei\/persoan\u0103\u00a0 <em>(echiv. aprox. 490 Euro)<\/em><\/p>\n<p>Costul cursului: 825 lei\/persoan\u0103<\/p>\n<p>&nbsp;<\/p>\n<h5><strong>Mamaia Nord,\u00a0<a href=\"http:\/\/www.voilamamaia.ro\/\" target=\"_blank\" rel=\"noopener\">Hotel Voila<\/a>\u00a0***<\/strong><\/h5>\n<p>Perioada:\u00a0<strong>5-12 august 2018<\/strong><\/p>\n<p><strong>\u201dComunicare \u0219i rela\u021bii publice\u201d<\/strong><\/p>\n<p>Pachet cazare (7 nop\u021bi): 2310 lei\/persoan\u0103\u00a0<em>(echiv. aprox. 490 Euro)<\/em><\/p>\n<p>Costul cursului: 825 lei\/persoan\u0103<\/p>\n<p>&nbsp;<\/p>\n<h5><strong>Mamaia Nord,\u00a0<a href=\"http:\/\/www.voilamamaia.ro\/\" target=\"_blank\" rel=\"noopener\">Hotel Voila<\/a>\u00a0***<\/strong><\/h5>\n<p>Perioada:\u00a0<strong>12-19 august 2018<\/strong><\/p>\n<p><strong>\u201dProtocol institu\u021bional \u0219i rela\u021bii publice\u201d<\/strong><\/p>\n<p>Pachet cazare (7 nop\u021bi): 2310 lei\/persoan\u0103\u00a0<em>(echiv. aprox. 490 Euro)<\/em><\/p>\n<p>Costul cursului: 825 lei\/persoan\u0103<\/p>\n<p>&nbsp;<\/p>\n<p><strong>Sinaia,\u00a0<a href=\"http:\/\/www.hotel-carpathia.ro\/\" target=\"_blank\" rel=\"noopener\">Hotel SPA Carpathia<\/a>\u00a0****<\/strong><\/p>\n<p>Perioada:\u00a0<strong>19-26 august 2018<\/strong><\/p>\n<p><strong>\u201dConceptul de Smart City \u0219i consecin\u021bele sale privind dezvoltarea \u0219i inovarea urban\u0103 \u00een Rom\u00e2nia\u201d<\/strong><\/p>\n<p>Pachet cazare (7 nop\u021bi): 2310 lei\/persoan\u0103\u00a0<em>(echiv. aprox. 490 Euro)<\/em><\/p>\n<p>Costul cursului: 825 lei\/persoan\u0103<\/p>\n<p>&nbsp;<\/p>\n<h5><strong><br \/>\nCostine\u0219ti,\u00a0<a href=\"http:\/\/www.voxmaris.ro\/\" target=\"_blank\" rel=\"noopener\">Hotel Vox Maris Grand Resort<\/a>\u00a0*****<\/strong><\/h5>\n<p>Perioada:\u00a0<strong>26 august \u2013 2 septembrie 2018<\/strong><\/p>\n<p><strong>\u201dConceptul de Smart City \u0219i consecin\u021bele sale privind dezvoltarea \u0219i inovarea urban\u0103 \u00een Rom\u00e2nia\u201d \u200b<\/strong><\/p>\n<p>Pachet cazare (7 nop\u021bi): 2240 lei\/persoan\u0103\u00a0<em>(echiv. aprox. 475 Euro)<\/em><\/p>\n<p>Costul cursului: 825 lei\/persoan\u0103<\/p>\n<p>&nbsp;<\/p>\n<h5><strong>Costine\u0219ti,\u00a0<a href=\"http:\/\/www.voxmaris.ro\/\" target=\"_blank\" rel=\"noopener\">Hotel Vox Maris Grand Resort<\/a>\u00a0*****<\/strong><\/h5>\n<p>Perioada:\u00a0<strong>2-9 septembrie 2018<\/strong><\/p>\n<p><strong>\u201dIntegrarea european\u0103 \u0219i consecin\u021bele ei pentru administra\u021bia public\u0103 din Rom\u00e2nia\u201d\u00a0\u200b<\/strong><\/p>\n<p>Pachet cazare (7 nop\u021bi): 1960 lei\/persoan\u0103\u00a0<em>(echiv. aprox. 415 Euro)<\/em><\/p>\n<p>Costul cursului: 825 lei\/persoan\u0103<\/p>\n<p>&nbsp;<\/p>\n<p><strong>Diploma de Absolvire<\/strong>\u00a0va fi eliberat\u0103 \u00een co-tutel\u0103 de Catedra Interna\u021bional\u0103 Onorific\u0103 \u201dJean Bart\u201d (<a href=\"http:\/\/www.houseofeurope.ro\/SUERD\/CIO-SUERD.html\" target=\"_blank\" rel=\"noopener\"><strong>CIO-SUERD<\/strong><\/a>), proiect fondat \u00een parteneriat cu Academia Rom\u00e2n\u0103, \u0219i Asocia\u021bia Profesional\u0103 a Form\u0103rii \u00een Administra\u021bia Public\u0103 Local\u0103 (<a href=\"http:\/\/www.cinaq.org\/\" target=\"_blank\" rel=\"noopener\"><strong>CINAQ<\/strong><\/a>).<\/p>\n<p><strong>Coordonatorii \u0218tiin\u021bifici:<\/strong>\u00a0Prof. Dr. Georgeta GHE\u021aE-D\u0102N\u0102U \u2013 Pre\u0219edinte Asocia\u021bia CINAQ; Prof. Sever AVRAM \u2013 Pre\u0219edinte Executiv CLDR\/Coordonator General CIO-SUERD; Sandu ZAMFIRESCU \u2013 Secretar General EUROLINK-Casa Europei<\/p>\n<p><strong>\u00censcrierile<\/strong>\u00a0se fac \u00een baza\u00a0<a href=\"http:\/\/www.cldr.ro\/wp-content\/uploads\/2018\/05\/Formular-Sesiuni-2018.doc\">Formularului<\/a>, \u00een limita locurilor disponibile (maxim 20 persoane), conform principiului\u00a0<em>\u201dPrimul venit-primul servit\u201d<\/em>, \u00een avans cu minim 12 zile \u00eenaintea \u00eenceperii sesiunilor. Detalii suplimentare pentru fiecare sesiune pot fi solicitate \u00een scris la adresa\u00a0<a href=\"mailto:ciosuerd@gmail.com\"><strong>ciosuerd@gmail.com<\/strong><\/a>\u00a0\u200b<\/p>\n","protected":false},"excerpt":{"rendered":"<p>Continu\u0103m \u0219i \u00een acest sezon estival colaborarea cu\u00a0Asocia\u021bia Profesional\u0103 a Form\u0103rii \u00een Administra\u021bia Public\u0103 Local\u0103 \u201dCINAQ\u201d, Membr\u0103 CLDR, prin organizarea \u00een prestigioase loca\u021bii de la munte \u0219i de pe litoral, a unor\u00a0Sesiuni de Formare\u00a0g\u00e2ndite s\u0103 combine punerea \u00een tem\u0103 cu probleme stringente la ordinea zilei cu momente de team-building \u0219i relaxare-tonifiere a tuturor celor interesa\u021bi<a class=\"sup-readmore\" href=\"http:\/\/www.houseofeurope.ro\/blog\/sesiuni-de-formare-sezonul-estival-2018\/\">Read More<\/a><\/p>\n","protected":false},"author":1,"featured_media":1050,"comment_status":"open","ping_status":"open","sticky":false,"template":"","format":"standard","meta":{"footnotes":""},"categories":[8],"tags":[119,238,239],"_links":{"self":[{"href":"http:\/\/www.houseofeurope.ro\/blog\/wp-json\/wp\/v2\/posts\/1094"}],"collection":[{"href":"http:\/\/www.houseofeurope.ro\/blog\/wp-json\/wp\/v2\/posts"}],"about":[{"href":"http:\/\/www.houseofeurope.ro\/blog\/wp-json\/wp\/v2\/types\/post"}],"author":[{"embeddable":true,"href":"http:\/\/www.houseofeurope.ro\/blog\/wp-json\/wp\/v2\/users\/1"}],"replies":[{"embeddable":true,"href":"http:\/\/www.houseofeurope.ro\/blog\/wp-json\/wp\/v2\/comments?post=1094"}],"version-history":[{"count":3,"href":"http:\/\/www.houseofeurope.ro\/blog\/wp-json\/wp\/v2\/posts\/1094\/revisions"}],"predecessor-version":[{"id":1098,"href":"http:\/\/www.houseofeurope.ro\/blog\/wp-json\/wp\/v2\/posts\/1094\/revisions\/1098"}],"wp:featuredmedia":[{"embeddable":true,"href":"http:\/\/www.houseofeurope.ro\/blog\/wp-json\/wp\/v2\/media\/1050"}],"wp:attachment":[{"href":"http:\/\/www.houseofeurope.ro\/blog\/wp-json\/wp\/v2\/media?parent=1094"}],"wp:term":[{"taxonomy":"category","embeddable":true,"href":"http:\/\/www.houseofeurope.ro\/blog\/wp-json\/wp\/v2\/categories?post=1094"},{"taxonomy":"post_tag","embeddable":true,"href":"http:\/\/www.houseofeurope.ro\/blog\/wp-json\/wp\/v2\/tags?post=1094"}],"curies":[{"name":"wp","href":"https:\/\/api.w.org\/{rel}","templated":true}]}}