{"id":1126,"date":"2018-07-31T09:28:27","date_gmt":"2018-07-31T07:28:27","guid":{"rendered":"http:\/\/www.houseofeurope.ro\/blog\/?p=1126"},"modified":"2018-07-31T14:31:59","modified_gmt":"2018-07-31T12:31:59","slug":"consultare-nationala-privind-initiativele-in-cadrul-presedintiei-strategiei-dunarii","status":"publish","type":"post","link":"http:\/\/www.houseofeurope.ro\/blog\/consultare-nationala-privind-initiativele-in-cadrul-presedintiei-strategiei-dunarii\/","title":{"rendered":"Consultare na\u021bional\u0103 privind ini\u021biativele \u00een cadrul Pre\u0219edin\u021biei Strategiei Dun\u0103rii"},"content":{"rendered":"<blockquote>\n<h2>~ Seria de Conferin\u021be \u201dREGIONAL DANUBE STRATEGY SUMMIT\u201d ~<\/h2>\n<\/blockquote>\n<p>\u00cen preg\u0103tirea prelu\u0103rii de c\u0103tre Rom\u00e2nia a <strong>Pre\u0219edin\u021biei Strategiei UE pentru Regiunea Dun\u0103rii<\/strong> (SUERD), cu ocazia Forumului Anual al Dun\u0103rii de la Sofia (octombrie 2018), <strong>Asocia\u021bia \u201dComunit\u0103\u021bile Locale Riverane Dun\u0103rii\u201d<\/strong> (CLDR), membr\u0103 CoDCR \u0219i <strong>Funda\u021bia EUROLINK-Casa Europei<\/strong>, membr\u0103 EUNET au luat ini\u021biativa organiz\u0103rii unei serii de <strong>Conferin\u021be Regionale<\/strong> sub genericul<strong> \u201dREGIONAL DANUBE STRATEGY SUMMIT\u201d<\/strong>. Acestea se vor desf\u0103\u0219ura \u00een urm\u0103toarele centre urbane: <strong>Cluj Napoca<\/strong> (7 septembrie 2018), <strong>Timi\u0219oara<\/strong> (10 septembrie 2018), <strong>Craiova<\/strong> (12 septembrie 2018), <strong>Ia\u0219i<\/strong> (18 septembrie 2018), <strong>Gala\u021bi<\/strong> (19 septembrie 2018), <strong>Br\u0103ila<\/strong> (20 septembrie 2018), <strong>Constan\u021ba<\/strong> (24 septembrie 2018) \u0219i <strong>Tulcea<\/strong> (25 septembrie 2018). \u00cen luna octombrie 2018, la <strong>Bucure\u0219ti<\/strong>, va avea loc conferin\u021ba de evaluare final\u0103 a campaniei na\u021bionale de promovare a SUERD \u0219i a Pre\u0219edin\u021biei Rom\u00e2niei.<\/p>\n<p>Men\u021bion\u0103m c\u0103 aceste evenimente vor fi organizate cu amabilul sprijin \u0219i \u00een prezen\u021ba reprezentantului <strong>Coordonatorului Na\u021bional al Strategiei Dun\u0103rii &#8211; Ministrul Delegat pentru Afaceri Europene<\/strong>, Dr. Victor NEGRESCU, precum \u0219i gra\u021bie contribu\u021biei <strong>E.S. Ambasadorului Special al Regiunii Dun\u0103rii<\/strong>, Dr. Bogdan DUMITRACHE.<\/p>\n<p>\u00centruc\u00e2t Rom\u00e2nia a pus \u00een centrul aten\u021biei, pentru anul care urmeaz\u0103, <strong>INOVAREA<\/strong>, prin clustere \u0219i hub-uri, precum \u0219i \u00een sensul populariz\u0103rii noii <strong>Hot\u0103r\u00e2ri de Guvern nr. 462\/2018<\/strong>, din care rezult\u0103 o nou\u0103 structurare administrativ\u0103 pentru gestionarea procesului implement\u0103rii SUERD, aplicabil\u0103 \u00een toate cele 41 de jude\u021be, ca \u0219i \u00een Capitala Rom\u00e2niei, organizatorii lanseaz\u0103 invita\u021bia tuturor de\u021bin\u0103torilor de interese \u0219i altor entit\u0103\u021bi co-interesate \u00een domeniu s\u0103 se implice \u0219i s\u0103 transmit\u0103 propunerile \u0219i sugestiile lor cu privire la ac\u021biunile pe care, al\u0103turi de CLDR \u0219i partenerii s\u0103i, doresc s\u0103 le ini\u021bieze \u00een cursul Pre\u0219edin\u021biei rom\u00e2ne.<\/p>\n<p>La aceste reuniuni, sunt invita\u021bi s\u0103 participe reprezentan\u021bii conducerii Forumului Na\u021bional SUERD, ai Biroului Coordonatorului Na\u021bional al Strategiei din cadrul MAE, Ministerul Culturii \u0219i Identit\u0103\u021bii Na\u021bionale, din alte ministere de resort implicate \u00een organizarea Pre\u0219edin\u021biei rom\u00e2ne, ai Pre\u0219edin\u021biei Rom\u00e2niei, BNR, Academiei Rom\u00e2ne, ai Comisiei Europene \u0219i ai corpului diplomatic acreditat \u00een \u021bara noastr\u0103, precum \u0219i ai altor entit\u0103\u021bi publice \u0219i private implicate \u00een transpunerea SUERD \u00een Rom\u00e2nia.<\/p>\n<p>Participarea este posibil\u0103 \u00een baza invita\u021biei din partea organizatorilor, \u00een limita locurilor r\u0103mase disponibile, precum \u0219i \u00een baza exprim\u0103rii op\u021biunii pentru o anumit\u0103 loca\u021bie. Pentru detalii suplimentare, cei interesa\u021bi pot contacta <strong>Secretariatul Consor\u021biului Organizatoric<\/strong> la e-mail <a href=\"mailto:asociatiacldr@gmail.com\" target=\"_blank\" rel=\"noopener\">asociatiacldr@gmail.com<\/a> sau <a href=\"mailto:info@houseofeurope.ro\" target=\"_blank\" rel=\"noopener\">info@houseofeurope.ro<\/a> .<\/p>\n<p><strong>Parteneri Media Asocia\u021bi<\/strong>: Agen\u021bia Na\u021bional\u0103 de Pres\u0103 AGERPRES, TVH, Radio7, Opinia Na\u021bional\u0103, Juridice.ro. <strong>Parteneri Media<\/strong>: CaleaEuropeana.ro, Comunica\u021bii Mobile, CalendarEvenimente.ro, Finantare.ro, Tribuna Economic\u0103, PRwave.ro, SmartFinancial.ro, BrandInfo.ro, Tomisul Cultural, CalendarEvenimente.ro, 24PHarte.ro, \u201cBuletin Dun\u0103rean\u201d.<\/p>\n<p>Pentru conformitate,<br \/>\n<em>Secretariatul Consor\u021biului Organizatoric<\/em><\/p>\n","protected":false},"excerpt":{"rendered":"<p>~ Seria de Conferin\u021be \u201dREGIONAL DANUBE STRATEGY SUMMIT\u201d ~ \u00cen preg\u0103tirea prelu\u0103rii de c\u0103tre Rom\u00e2nia a Pre\u0219edin\u021biei Strategiei UE pentru Regiunea Dun\u0103rii (SUERD), cu ocazia Forumului Anual al Dun\u0103rii de la Sofia (octombrie 2018), Asocia\u021bia \u201dComunit\u0103\u021bile Locale Riverane Dun\u0103rii\u201d (CLDR), membr\u0103 CoDCR \u0219i Funda\u021bia EUROLINK-Casa Europei, membr\u0103 EUNET au luat ini\u021biativa organiz\u0103rii unei serii de<a class=\"sup-readmore\" href=\"http:\/\/www.houseofeurope.ro\/blog\/consultare-nationala-privind-initiativele-in-cadrul-presedintiei-strategiei-dunarii\/\">Read More<\/a><\/p>\n","protected":false},"author":1,"featured_media":647,"comment_status":"open","ping_status":"open","sticky":false,"template":"","format":"standard","meta":{"footnotes":""},"categories":[8],"tags":[119,150,7,242,106],"_links":{"self":[{"href":"http:\/\/www.houseofeurope.ro\/blog\/wp-json\/wp\/v2\/posts\/1126"}],"collection":[{"href":"http:\/\/www.houseofeurope.ro\/blog\/wp-json\/wp\/v2\/posts"}],"about":[{"href":"http:\/\/www.houseofeurope.ro\/blog\/wp-json\/wp\/v2\/types\/post"}],"author":[{"embeddable":true,"href":"http:\/\/www.houseofeurope.ro\/blog\/wp-json\/wp\/v2\/users\/1"}],"replies":[{"embeddable":true,"href":"http:\/\/www.houseofeurope.ro\/blog\/wp-json\/wp\/v2\/comments?post=1126"}],"version-history":[{"count":3,"href":"http:\/\/www.houseofeurope.ro\/blog\/wp-json\/wp\/v2\/posts\/1126\/revisions"}],"predecessor-version":[{"id":1129,"href":"http:\/\/www.houseofeurope.ro\/blog\/wp-json\/wp\/v2\/posts\/1126\/revisions\/1129"}],"wp:featuredmedia":[{"embeddable":true,"href":"http:\/\/www.houseofeurope.ro\/blog\/wp-json\/wp\/v2\/media\/647"}],"wp:attachment":[{"href":"http:\/\/www.houseofeurope.ro\/blog\/wp-json\/wp\/v2\/media?parent=1126"}],"wp:term":[{"taxonomy":"category","embeddable":true,"href":"http:\/\/www.houseofeurope.ro\/blog\/wp-json\/wp\/v2\/categories?post=1126"},{"taxonomy":"post_tag","embeddable":true,"href":"http:\/\/www.houseofeurope.ro\/blog\/wp-json\/wp\/v2\/tags?post=1126"}],"curies":[{"name":"wp","href":"https:\/\/api.w.org\/{rel}","templated":true}]}}