{"id":1132,"date":"2018-09-26T09:41:05","date_gmt":"2018-09-26T07:41:05","guid":{"rendered":"http:\/\/www.houseofeurope.ro\/blog\/?p=1132"},"modified":"2018-09-26T09:42:14","modified_gmt":"2018-09-26T07:42:14","slug":"conferinta-de-evaluare-regional-danube-strategy-summit-9-octombrie-2018","status":"publish","type":"post","link":"http:\/\/www.houseofeurope.ro\/blog\/conferinta-de-evaluare-regional-danube-strategy-summit-9-octombrie-2018\/","title":{"rendered":"Conferin\u021ba de evaluare \u201dRegional Danube Strategy Summit\u201d &#8211; 9 octombrie 2018"},"content":{"rendered":"<blockquote>\n<h2><strong>Oportunitate sporit\u0103 de cooperare macroregional\u0103<\/strong><br \/>\n<strong>prin lansarea Academiei Dun\u0103rene a Inov\u0103rii Integrale<\/strong><br \/>\n<strong>Conferin\u021ba de evaluare &#8211; Bucure\u0219ti, 9 octombrie 2018<\/strong><\/h2>\n<\/blockquote>\n<p>&nbsp;<\/p>\n<p style=\"text-align: center;\"><span style=\"text-decoration: underline;\">Anun\u021b de pres\u0103<\/span><\/p>\n<p>&nbsp;<\/p>\n<p>Demararea procesului de implementare a noii guvernan\u021be a Strategiei UE pentru Regiunea Dun\u0103rii (SUERD) la nivel na\u021bional, prin<strong> H.G. 462\/28.06.2018<\/strong>, deschiderea <strong>Punctului Focal &#8211; Secretariatul Tehnic SUERD<\/strong> la Bucure\u0219ti, \u00een tandem cu Municipalitatea Viena, precum \u0219i apropiata preluare a <strong>Pre\u0219edin\u021biei SUERD<\/strong> de c\u0103tre Rom\u00e2nia cu ocazia Forumului Anual al Dun\u0103rii (Sofia, octombrie 2018) ofer\u0103 oportunitatea deosebit\u0103 at\u00e2t a revigor\u0103rii Strategiei Macroregionale, c\u00e2t \u0219i a contur\u0103rii\/prioritiz\u0103rii acelor ini\u021biative \u0219i proiecte cu valoare ad\u0103ugat\u0103 dun\u0103rean\u0103 care dob\u00e2ndesc \u0219anse sporite de promovare \u0219i de finan\u021bare concret\u0103.<\/p>\n<p>Tocmai de aceea, \u00een acest context, Catedra Interna\u021bional\u0103 Onorific\u0103 \u201dJean Bart\u201d \u00een sprijinul Strategiei UE pentru Regiunea Dun\u0103rii (CIO-SUERD), Asocia\u021bia \u201dComunit\u0103\u021bile Locale Riverane Dun\u0103rii\u201d (CLDR), Funda\u021bia EUROLINK &#8211; Casa Europei \u0219i Universitatea Spiru Haret \u0219i-au asumat organizarea Conferin\u021bei de evaluare a campaniei \u201dREGIONAL DANUBE STRATEGY SUMMIT\u201d, care va avea loc la <strong>Bucure\u0219ti &#8211; Palatul \u00cenv\u0103\u021b\u0103m\u00e2ntului \u0219i Culturii &#8211; Sala Senatului USH<\/strong>, \u00een data de mar\u021bi, <strong>9 octombrie 2018<\/strong>, \u00eentre <strong>orele 10.00-12.30<\/strong>. Evenimentul se bucur\u0103 se prezen\u021ba \u0219i amabilul sprijin al Coordonatorului Na\u021bional SUERD \u2013 Ministerul Afacerilor Externe.<\/p>\n<p><strong>Obiectivele<\/strong> vizate \u00een principal rezid\u0103 \u00een prezentarea rezultatelor campaniei <strong>\u201dREGIONAL DANUBE STRATEGY SUMMIT\u201d<\/strong> \u0219i a principalelor recomand\u0103ri\/propuneri avansate anterior de invita\u021bi \u0219i participan\u021bi; promovarea particip\u0103rii la <strong>Misiunea Oficial\u0103 CLDR<\/strong> la Forumul Anual SUERD \u0219i la Conferin\u021ba Re\u021belei Europene a Comisarilor Dun\u0103reni; prezentarea programelor platformei de interna\u021bionalizare educa\u021bional\u0103 <strong>\u201dAcademia Dun\u0103rean\u0103 a Inov\u0103rii Integrale\u201d<\/strong>. La finalul reuniunii, reprezentan\u021bii mediului academic \u0219i al societ\u0103\u021bii civile prezen\u021bi sunt invita\u021bi s\u0103 adopte <strong>Declara\u021bia-Apel<\/strong> de la Bucure\u0219ti \u00een favoarea sprijinirii obiectivelor Pre\u0219edin\u021biei SUERD a Rom\u00e2niei subsumatei temei dominante alese privind cre\u0219terea rolului clusterelor dun\u0103rene \u00een promovarea inov\u0103rii \u0219i consolid\u0103rilor lan\u021burilor valorice umane \u0219i economice la nivel macro-regional prin cooperare transfrontalier\u0103 intensificat\u0103.<\/p>\n<p><strong>Participarea<\/strong> se face exclusiv \u00een baza unei solicit\u0103ri prealabile \u00een scris, precum \u0219i \u00een baza confirm\u0103rii exprese din partea organizatorilor, \u00een limita num\u0103rului de locuri r\u0103mase disponibile, p\u00e2n\u0103 cel t\u00e2rziu \u00een data de <em>4 octombrie 2018<\/em>. Pentru informa\u021bii suplimentare, v\u0103 rug\u0103m s\u0103 consulta\u021bi siteul <a href=\"http:\/\/ciosuerd.houseofeurope.ro\/lansare-academia-dunareana\" target=\"_blank\" rel=\"noopener\">http:\/\/ciosuerd.houseofeurope.ro\/lansare-academia-dunareana<\/a> sau s\u0103 contacta\u021bi Secretariatul la tel.\/fax: 021,2304997 sau e-mail: <a href=\"mailto:academia@houseofeurope.ro\" target=\"_blank\" rel=\"noopener\">academia@houseofeurope.ro<\/a><\/p>\n<p><strong>Parteneri Media Asocia\u021bi:<\/strong> Agen\u021bia Na\u021bional\u0103 de Pres\u0103 AGERPRES, TVH, Radio7, Opinia Na\u021bional\u0103, Juridice.ro. <strong>Parteneri Media:<\/strong> CaleaEuropeana.ro, Comunica\u021bii Mobile, CalendarEvenimente.ro, Finantare.ro, Tribuna Economic\u0103, PRwave.ro, SmartFinancial.ro, BrandInfo.ro, Tomisul Cultural, 24PHarte.ro, \u201cBuletin Dun\u0103rean\u201d.<\/p>\n<p>Pentru conformitate,<br \/>\nSecretariatul Consor\u021biului Organizatoric<br \/>\n<a href=\"mailto:academia@houseofeurope.ro\" target=\"_blank\" rel=\"noopener\"><em>academia@houseofeurope.ro<\/em><\/a><\/p>\n","protected":false},"excerpt":{"rendered":"<p>Oportunitate sporit\u0103 de cooperare macroregional\u0103 prin lansarea Academiei Dun\u0103rene a Inov\u0103rii Integrale Conferin\u021ba de evaluare &#8211; Bucure\u0219ti, 9 octombrie 2018 &nbsp; Anun\u021b de pres\u0103 &nbsp; Demararea procesului de implementare a noii guvernan\u021be a Strategiei UE pentru Regiunea Dun\u0103rii (SUERD) la nivel na\u021bional, prin H.G. 462\/28.06.2018, deschiderea Punctului Focal &#8211; Secretariatul Tehnic SUERD la Bucure\u0219ti, \u00een<a class=\"sup-readmore\" href=\"http:\/\/www.houseofeurope.ro\/blog\/conferinta-de-evaluare-regional-danube-strategy-summit-9-octombrie-2018\/\">Read More<\/a><\/p>\n","protected":false},"author":1,"featured_media":1134,"comment_status":"open","ping_status":"open","sticky":false,"template":"","format":"standard","meta":{"footnotes":""},"categories":[1,8],"tags":[243,119,106,95],"_links":{"self":[{"href":"http:\/\/www.houseofeurope.ro\/blog\/wp-json\/wp\/v2\/posts\/1132"}],"collection":[{"href":"http:\/\/www.houseofeurope.ro\/blog\/wp-json\/wp\/v2\/posts"}],"about":[{"href":"http:\/\/www.houseofeurope.ro\/blog\/wp-json\/wp\/v2\/types\/post"}],"author":[{"embeddable":true,"href":"http:\/\/www.houseofeurope.ro\/blog\/wp-json\/wp\/v2\/users\/1"}],"replies":[{"embeddable":true,"href":"http:\/\/www.houseofeurope.ro\/blog\/wp-json\/wp\/v2\/comments?post=1132"}],"version-history":[{"count":1,"href":"http:\/\/www.houseofeurope.ro\/blog\/wp-json\/wp\/v2\/posts\/1132\/revisions"}],"predecessor-version":[{"id":1133,"href":"http:\/\/www.houseofeurope.ro\/blog\/wp-json\/wp\/v2\/posts\/1132\/revisions\/1133"}],"wp:featuredmedia":[{"embeddable":true,"href":"http:\/\/www.houseofeurope.ro\/blog\/wp-json\/wp\/v2\/media\/1134"}],"wp:attachment":[{"href":"http:\/\/www.houseofeurope.ro\/blog\/wp-json\/wp\/v2\/media?parent=1132"}],"wp:term":[{"taxonomy":"category","embeddable":true,"href":"http:\/\/www.houseofeurope.ro\/blog\/wp-json\/wp\/v2\/categories?post=1132"},{"taxonomy":"post_tag","embeddable":true,"href":"http:\/\/www.houseofeurope.ro\/blog\/wp-json\/wp\/v2\/tags?post=1132"}],"curies":[{"name":"wp","href":"https:\/\/api.w.org\/{rel}","templated":true}]}}