{"id":1137,"date":"2018-11-27T11:38:47","date_gmt":"2018-11-27T09:38:47","guid":{"rendered":"http:\/\/www.houseofeurope.ro\/blog\/?p=1137"},"modified":"2018-12-17T10:39:37","modified_gmt":"2018-12-17T08:39:37","slug":"harta-interactiva-ghid-practic-attractive-danube","status":"publish","type":"post","link":"http:\/\/www.houseofeurope.ro\/blog\/harta-interactiva-ghid-practic-attractive-danube\/","title":{"rendered":"Lansarea h\u0103r\u021bii interactive \u0219i ghidului practic INTERREG \u201dAttractive Danube\u201d"},"content":{"rendered":"<blockquote>\n<h2>Reuniune Special\u0103, Sala de Consiliu &#8211; Ministerul Comunica\u021biilor &#8211; 12 decembrie 2018<\/h2>\n<\/blockquote>\n<p><span style=\"text-decoration: underline;\">Comunicat de Pres\u0103<\/span><\/p>\n<p>Pentru exper\u021bi, consultan\u021bi, manageri, cercet\u0103tori \u0219i inovatori, exercitarea <strong>Pre\u0219edin\u021biei Strategiei UE pentru Regiunea Dun\u0103rii<\/strong> (SUERD) de c\u0103tre Rom\u00e2nia reprezint\u0103 o \u0219ans\u0103 unic\u0103 privind agregarea de noi consor\u021bii parteneriale \u0219i \u00eembun\u0103t\u0103\u021birea expertizei, mai ales \u00een context macroregional. \u00centruc\u00e2t toate jude\u021bele \u021b\u0103rii sunt eligibile pentru un spectru larg de proiecte dun\u0103rene, cu ocazia finaliz\u0103rii <strong>proiectului INTERREG \u201dAttractive Danube\u201d<\/strong> privind instrumentele de planificare \u0219i de lucru \u00een domeniul turistic \u0219i al inov\u0103rii urbane, <strong>Catedra Interna\u021bional\u0103 Onorific\u0103 \u201dJean Bart\u201d \u00een sprijinul SUERD<\/strong> (<a href=\"http:\/\/www.ciosuerd.houseofeurope.ro\" target=\"_blank\" rel=\"noopener\">CIO-SUERD<\/a>), proiect fondat \u00een anul 2012 de <strong>Funda\u021bia EUROLINK-Casa Europei<\/strong>, \u00een parteneriat cu <strong>Academia Rom\u00e2n\u0103<\/strong>, sprijin\u0103 desf\u0103\u0219urarea sesiunii de informare, documentare \u0219i ghidaj referitoare la diseminarea bunelor practici legate de interconectarea tuturor zonelor \u0219i regiunilor din Statele Membre SUERD \u00een cadrul proiectului finan\u021bat de Uniunea European\u0103 prin Programul Transna\u021bional Dun\u0103rea. Evenimentul este g\u0103zduit la <strong>Sala de Consiliu a Ministerului Comunica\u021biilor \u0219i Societ\u0103\u021bii Informa\u021bionale<\/strong> (MCSI), \u00een data de\u00a0<strong>12 decembrie 2018<\/strong>.<\/p>\n<p>\u00cen partea a doua a zilei, organizatorii, \u00eempreun\u0103 cu <strong>Asocia\u021bia \u201dComunit\u0103\u021bile Locale Riverane Dun\u0103rii\u201d<\/strong>, au ini\u021biat desf\u0103\u0219urarea unei reuniuni speciale de networking a Re\u021belei Na\u021bionale a Ofi\u021berilor Dun\u0103reni, parte a <strong>Re\u021belei Europene a Comisarilor Dun\u0103reni<\/strong>, fondat\u0103 de primarii \u0219i pre\u0219edin\u021bii regiunilor dun\u0103rene (Budapesta, octombrie 2017), sub coordonarea <strong>Comisarului \u0218ef Dun\u0103rean, Dl Peter LANGER<\/strong>. Scopul principal al reuniunii ce are loc \u00een ajunul unor importante runde de apeluri de finan\u021bare pentru proiecte diverse \u00een macroregiunea dun\u0103rean\u0103 este acela de a \u00eent\u0103ri \u0219i extinde contribu\u021bia \u0219i participarea la proiecte \u0219i afaceri cu valoare ad\u0103ugat\u0103 dun\u0103rean\u0103.<\/p>\n<p>Dorind s\u0103 pun\u0103 \u00een valoare c\u00e2t mai inteligent acest context energizant \u0219i aplicativ, ini\u021biatorii vor favoriza \u00een mod concret <strong>discu\u021bii pe grupuri de lucru \u0219i afilierea<\/strong>, cu sprijinul lobbyi\u0219tilor \u0219i partenerilor strategici, la <strong>consor\u021biile formate sau emergente<\/strong>, nu doar \u00een cadrul SUERD, ci \u0219i al altor linii de finan\u021bare UE ce au fost p\u00e2n\u0103 \u00een prezent doar par\u021bial fructificate.<\/p>\n<blockquote>\n<h3><a href=\"http:\/\/www.houseofeurope.ro\/blog\/wp-content\/uploads\/2018\/12\/FormularReteaSUERD.doc\" target=\"_blank\" rel=\"noopener\">Formular de Afiliere la Re\u021beaua Na\u021bional\u0103<\/a><\/h3>\n<\/blockquote>\n<p>Informa\u021bii suplimentare privind modalit\u0103\u021bile de \u00eenscriere, participare \u0219i beneficiile aferente acesteia pot fi solicitate Secretariatului Tehnic la adresa <a href=\"mailto:info@houseofeurope.ro\" target=\"_blank\" rel=\"noopener\">info@houseofeurope.ro<\/a> sau telefonic la tel.\/fax: 021.2304997.<\/p>\n<p><strong>Parteneri Media Asocia\u021bi:<\/strong> Agen\u021bia Na\u021bional\u0103 de Pres\u0103 AGERPRES, TVH, Radio7, Opinia Na\u021bional\u0103, Juridice.ro. <strong>Parteneri Media:<\/strong> CaleaEuropeana.ro, Comunica\u021bii Mobile, CalendarEvenimente.ro, Finantare.ro, Tribuna Economic\u0103, PRwave.ro, SmartFinancial.ro, BrandInfo.ro, Tomisul Cultural, 24PHarte.ro, \u201cBuletin Dun\u0103rean\u201d.<\/p>\n<p><em>Pentru conformitate,<\/em><br \/>\nCIO-SUERD\/EUROLINK-Casa Europei<\/p>\n","protected":false},"excerpt":{"rendered":"<p>Reuniune Special\u0103, Sala de Consiliu &#8211; Ministerul Comunica\u021biilor &#8211; 12 decembrie 2018 Comunicat de Pres\u0103 Pentru exper\u021bi, consultan\u021bi, manageri, cercet\u0103tori \u0219i inovatori, exercitarea Pre\u0219edin\u021biei Strategiei UE pentru Regiunea Dun\u0103rii (SUERD) de c\u0103tre Rom\u00e2nia reprezint\u0103 o \u0219ans\u0103 unic\u0103 privind agregarea de noi consor\u021bii parteneriale \u0219i \u00eembun\u0103t\u0103\u021birea expertizei, mai ales \u00een context macroregional. \u00centruc\u00e2t toate jude\u021bele \u021b\u0103rii<a class=\"sup-readmore\" href=\"http:\/\/www.houseofeurope.ro\/blog\/harta-interactiva-ghid-practic-attractive-danube\/\">Read More<\/a><\/p>\n","protected":false},"author":1,"featured_media":1050,"comment_status":"closed","ping_status":"open","sticky":false,"template":"","format":"standard","meta":{"footnotes":""},"categories":[6,8],"tags":[244,245,95],"_links":{"self":[{"href":"http:\/\/www.houseofeurope.ro\/blog\/wp-json\/wp\/v2\/posts\/1137"}],"collection":[{"href":"http:\/\/www.houseofeurope.ro\/blog\/wp-json\/wp\/v2\/posts"}],"about":[{"href":"http:\/\/www.houseofeurope.ro\/blog\/wp-json\/wp\/v2\/types\/post"}],"author":[{"embeddable":true,"href":"http:\/\/www.houseofeurope.ro\/blog\/wp-json\/wp\/v2\/users\/1"}],"replies":[{"embeddable":true,"href":"http:\/\/www.houseofeurope.ro\/blog\/wp-json\/wp\/v2\/comments?post=1137"}],"version-history":[{"count":7,"href":"http:\/\/www.houseofeurope.ro\/blog\/wp-json\/wp\/v2\/posts\/1137\/revisions"}],"predecessor-version":[{"id":1150,"href":"http:\/\/www.houseofeurope.ro\/blog\/wp-json\/wp\/v2\/posts\/1137\/revisions\/1150"}],"wp:featuredmedia":[{"embeddable":true,"href":"http:\/\/www.houseofeurope.ro\/blog\/wp-json\/wp\/v2\/media\/1050"}],"wp:attachment":[{"href":"http:\/\/www.houseofeurope.ro\/blog\/wp-json\/wp\/v2\/media?parent=1137"}],"wp:term":[{"taxonomy":"category","embeddable":true,"href":"http:\/\/www.houseofeurope.ro\/blog\/wp-json\/wp\/v2\/categories?post=1137"},{"taxonomy":"post_tag","embeddable":true,"href":"http:\/\/www.houseofeurope.ro\/blog\/wp-json\/wp\/v2\/tags?post=1137"}],"curies":[{"name":"wp","href":"https:\/\/api.w.org\/{rel}","templated":true}]}}