{"id":1158,"date":"2019-02-05T10:41:18","date_gmt":"2019-02-05T08:41:18","guid":{"rendered":"http:\/\/www.houseofeurope.ro\/blog\/?p=1158"},"modified":"2019-04-03T11:49:01","modified_gmt":"2019-04-03T09:49:01","slug":"fondarea-hub-ului-macro-regional-dunare-marea-neagra","status":"publish","type":"post","link":"http:\/\/www.houseofeurope.ro\/blog\/fondarea-hub-ului-macro-regional-dunare-marea-neagra\/","title":{"rendered":"Fondarea Hub-ului Macro-Regional Dun\u0103re &#8211; Marea Neagr\u0103"},"content":{"rendered":"\n<p>\u00cen perioada 1-2 februarie 2019, la Constan\u021ba a avut loc reuniunea de fondare a <strong>Hub-ului Macro-Regional Dun\u0103re-Marea Neagr\u0103<\/strong>, o ini\u021biativ\u0103 a <strong>Asocia\u021biei \u201dComunit\u0103\u021bile Locale Riverane Dun\u0103rii\u201d <\/strong>(CLDR) \u00eempreun\u0103 cu <strong>Cluj IT Cluster<\/strong>, care coordoneaz\u0103 \u00een prezent un grup de circa 30 de clustere din zona Balcanic\u0103, a Bazinului M\u0103rii Negre \u0219i a Regiunii Baltice. Misiunea Hub-ului const\u0103 \u00een principal \u00een generarea unei contribu\u021bii importante la inovarea macroregiunii prin cooperare teritorial\u0103 \u0219i dezvoltarea unor proiecte transna\u021bionale potrivit specializ\u0103rilor regionale inteligente \u0219i subsumate Strategiei UE pentru Regiunea Dun\u0103rii (<strong>SUERD<\/strong>) \u0219i celorlalte documente strategice conexe.  <\/p>\n\n\n\n<p>La constituirea <strong>Hub-ului Macro-Regional Dun\u0103re-Marea Neagr\u0103<\/strong> au luat parte: Asocia\u021bia CLDR Rom\u00e2nia \u2013 membr\u0103 CoDCR (Viena), Cluj IT Cluster \u2013 format, la r\u00e2ndul s\u0103u, dintr-un num\u0103r de patru universit\u0103\u021bi din cadrul centrului universitar, \u00eempreun\u0103 cu numeroase companii din zon\u0103, Universitatea Maritim\u0103 din Constan\u021ba, Universitatea din Craiova, Universitatea de Vest din Timi\u0219oara, Universitatea Spiru Haret, Clusterul Prelucr\u0103ri Metale Transilvania \u2013 compus din trei universit\u0103\u021bi, dou\u0103 municipalit\u0103\u021bi \u0219i numeroase \u00eentreprinderi mici \u0219i mijlocii din Regiunea de Centru, INCD pentru Mecatronic\u0103 \u0219i Tehnica M\u0103sur\u0103rii, Arhiepiscopia Craiovei, Funda\u021bia Ac\u021biunea Ecologic\u0103 Rom\u00e2n\u0103, Asocia\u021bia \u201d24Pharte\u201d, Agen\u021bia URBASOFIA \u0219i CIO-SUERD \u201dJean Bart\u201d proiect fondat de Funda\u021bia EUROLINK-Casa Europei \u00een parteneriat cu Academia Rom\u00e2n\u0103.   <\/p>\n\n\n\n<p>Aceast\u0103 structur\u0103 func\u021bional\u0103 nu este \u00eenchis\u0103, ci printr-o cerere de afiliere, adresat\u0103 <strong>Pre\u0219edin\u021biei Hub-ului<\/strong>, asigurat\u0103 de Cluj IT Cluster, se pot al\u0103tura \u0219i alte universit\u0103\u021bi, centre de cercetare sau entit\u0103\u021bi co-interesate s\u0103 se implice consor\u021bii de proiecte majore. <\/p>\n\n\n\n<p>\u00cen acela\u0219i context, au fost prezentate \u0219i dezb\u0103tute <strong>ariile tematice<\/strong> ce pot primi finan\u021bare \u00een cursul perioadei urm\u0103toare cu un accent special pe combinarea diverselor domenii de cunoa\u0219tere \u0219i ac\u021biune interdisciplinar\u0103 cu dimensiunea digitaliz\u0103rii transformative. <\/p>\n\n\n\n<div class=\"wp-block-image\"><figure class=\"aligncenter is-resized\"><img loading=\"lazy\" decoding=\"async\" src=\"http:\/\/www.houseofeurope.ro\/blog\/wp-content\/uploads\/2016\/09\/Bioeconomy.jpg\" alt=\"\" class=\"wp-image-775\" width=\"309\" height=\"162\" srcset=\"http:\/\/www.houseofeurope.ro\/blog\/wp-content\/uploads\/2016\/09\/Bioeconomy.jpg 596w, http:\/\/www.houseofeurope.ro\/blog\/wp-content\/uploads\/2016\/09\/Bioeconomy-300x158.jpg 300w\" sizes=\"(max-width: 309px) 100vw, 309px\" \/><\/figure><\/div>\n\n\n\n<h2 class=\"wp-block-heading\">Prezentarea \u0219i promovarea cursului online de tip postuniversitar \u201dManagementul Bioeconomiei, Inov\u0103rii \u0219i Guvernan\u021bei\u201d<\/h2>\n\n\n\n<p>\u00cen scopul inter-conect\u0103rii c\u00e2t mai multor tineri absolven\u021bi, al\u021bi consultan\u021bi, exper\u021bi \u0219i manageri interesa\u021bi s\u0103 lucreze \u00een proiecte inovative la nivel macro-regional, a fost lansat\u0103 \u0219i noua serie a cursului <strong>\u201dManagementul Bioeconomiei, Inov\u0103rii \u0219i Guvernan\u021bei\u201d<\/strong>, care se desf\u0103\u0219oar\u0103 online \u00een perioada februarie-mai 2019. Pentru informa\u021bii suplimentare \u0219i \u00eenscrieri, cei doritori pot consulta siteul programului: <a href=\"http:\/\/ciosuerd.houseofeurope.ro\/managementul-bioeconomiei-inovarii-guvernantei \" target=\"_blank\" rel=\"noreferrer noopener\" aria-label=\"http:\/\/ciosuerd.houseofeurope.ro\/managementul-bioeconomiei-inovarii-guvernantei  (opens in a new tab)\">http:\/\/ciosuerd.houseofeurope.ro\/managementul-bioeconomiei-inovarii-guvernantei <\/a><\/p>\n\n\n\n<div class=\"wp-block-image\"><figure class=\"aligncenter is-resized\"><img loading=\"lazy\" decoding=\"async\" src=\"http:\/\/www.houseofeurope.ro\/blog\/wp-content\/uploads\/2019\/02\/CLDR2.jpg\" alt=\"\" class=\"wp-image-1163\" width=\"178\" height=\"158\" srcset=\"http:\/\/www.houseofeurope.ro\/blog\/wp-content\/uploads\/2019\/02\/CLDR2.jpg 319w, http:\/\/www.houseofeurope.ro\/blog\/wp-content\/uploads\/2019\/02\/CLDR2-300x266.jpg 300w\" sizes=\"(max-width: 178px) 100vw, 178px\" \/><\/figure><\/div>\n\n\n\n<h2 class=\"wp-block-heading\">Bilan\u021bul activit\u0103\u021bii CLDR \u00een 2018 \u0219i perspectivele \u00een cursul Pre\u0219edin\u021biei Rom\u00e2niei la SUERD<\/h2>\n\n\n\n<p>\u00cen cursul zilei de 1 februarie 2019, a fost organizat\u0103 <strong>Adunarea General\u0103 CLDR<\/strong>, care a prilejuit prezentarea raportului de activitate pe anul 2018, precum \u0219i a fost aleas\u0103 prin vot o nou\u0103 conducere a asocia\u021biei. <strong>Pre\u0219edin\u021bia CLDR<\/strong> a fost asumat\u0103 de Universitatea Maritim\u0103 Constan\u021ba, prin Prorector  Gabriel RAICU, Pre\u0219edinte Executiv fiind \u00een continuare Sever AVRAM, Comisar Regional Dun\u0103rean.<\/p>\n\n\n\n<p><strong>Parteneri Media Asocia\u021bi:<\/strong> Agen\u021bia Na\u021bional\u0103 de Pres\u0103 AGERPRES, TVH, Opinia Na\u021bional\u0103, Juridice.ro. <strong>Parteneri Media: <\/strong>Finantare.ro, CaleaEuropeana.ro, Comunica\u021bii Mobile, CalendarEvenimente.ro, ComunicateMedia.ro, Tribuna Economic\u0103, PRwave.ro, BrandInfo.ro, SmartFinancial.ro, Tomisul Cultural, 24PHarte.ro, \u201cBuletin Dun\u0103rean\u201d.<\/p>\n","protected":false},"excerpt":{"rendered":"<p>Prin fondarea Hub-ului Macro-Regional Dun\u0103re-Marea Neagr\u0103<br \/>\n\u2013 noi posibilit\u0103\u021bi de cooperare \u00een proiecte majore inovative transna\u021bionale (Constan\u021ba, 1-2 februarie 2019) <\/p>\n","protected":false},"author":1,"featured_media":1160,"comment_status":"open","ping_status":"open","sticky":false,"template":"","format":"standard","meta":{"footnotes":""},"categories":[1,8],"tags":[150,251,143,250],"_links":{"self":[{"href":"http:\/\/www.houseofeurope.ro\/blog\/wp-json\/wp\/v2\/posts\/1158"}],"collection":[{"href":"http:\/\/www.houseofeurope.ro\/blog\/wp-json\/wp\/v2\/posts"}],"about":[{"href":"http:\/\/www.houseofeurope.ro\/blog\/wp-json\/wp\/v2\/types\/post"}],"author":[{"embeddable":true,"href":"http:\/\/www.houseofeurope.ro\/blog\/wp-json\/wp\/v2\/users\/1"}],"replies":[{"embeddable":true,"href":"http:\/\/www.houseofeurope.ro\/blog\/wp-json\/wp\/v2\/comments?post=1158"}],"version-history":[{"count":6,"href":"http:\/\/www.houseofeurope.ro\/blog\/wp-json\/wp\/v2\/posts\/1158\/revisions"}],"predecessor-version":[{"id":1167,"href":"http:\/\/www.houseofeurope.ro\/blog\/wp-json\/wp\/v2\/posts\/1158\/revisions\/1167"}],"wp:featuredmedia":[{"embeddable":true,"href":"http:\/\/www.houseofeurope.ro\/blog\/wp-json\/wp\/v2\/media\/1160"}],"wp:attachment":[{"href":"http:\/\/www.houseofeurope.ro\/blog\/wp-json\/wp\/v2\/media?parent=1158"}],"wp:term":[{"taxonomy":"category","embeddable":true,"href":"http:\/\/www.houseofeurope.ro\/blog\/wp-json\/wp\/v2\/categories?post=1158"},{"taxonomy":"post_tag","embeddable":true,"href":"http:\/\/www.houseofeurope.ro\/blog\/wp-json\/wp\/v2\/tags?post=1158"}],"curies":[{"name":"wp","href":"https:\/\/api.w.org\/{rel}","templated":true}]}}