{"id":1172,"date":"2019-02-22T14:21:55","date_gmt":"2019-02-22T12:21:55","guid":{"rendered":"http:\/\/www.houseofeurope.ro\/blog\/?p=1172"},"modified":"2019-10-08T12:43:23","modified_gmt":"2019-10-08T10:43:23","slug":"accentul-pe-proiecte-si-afaceri-in-context-macro-regional-sansa-unei-cariere-profesionale-si-a-succesului-antreprenorial","status":"publish","type":"post","link":"http:\/\/www.houseofeurope.ro\/blog\/accentul-pe-proiecte-si-afaceri-in-context-macro-regional-sansa-unei-cariere-profesionale-si-a-succesului-antreprenorial\/","title":{"rendered":"Accentul pe proiecte \u0219i afaceri \u00een context macro-regional  \u2013 \u0219ansa unei cariere profesionale \u0219i a succesului antreprenorial"},"content":{"rendered":"\n<p>\nAnul 2019 \u2013 peste 50 de evenimente \u0219i\ntot at\u00e2tea oportunit\u0103\u021bi de networking, informare, schimb de bune\npractici \u0219i lobby institu\u021bional \u00een cursul mandatului <strong>Pre\u0219edin\u021biei\nRom\u00e2niei la Strategia UE pentru Regiunea Dun\u0103rii<\/strong>\n(SUERD). Strategia Dun\u0103rii este un document oficial care se refer\u0103,\nca eligibilitate a proiectelor, la toate cele 41 de jude\u021be plus\nCapitala Rom\u00e2niei.<\/p>\n\n\n\n<p>\nDe altfel, precum se \u0219tie <strong>Palatul\nParlamentului<\/strong> va g\u0103zdui, la\nfinele lunii iunie, \u0219i marile evenimente anuale la care particip\u0103\ntoate Statele Membre Dun\u0103rene, iar tematica din acest an vizeaz\u0103 \u00een\nspecial cooperarea transna\u021bional\u0103 \u00een favoarea inov\u0103rii\ntehnologice, digitaliz\u0103rii \u0219i revitaliz\u0103rii strategiei \u00eense\u0219i cu\nsprijinul comunit\u0103\u021bilor locale \u0219i organiza\u021biilor neguvernamentale\nreprezentate \u00een cadrul <strong>Consiliului\nConsultativ SUERD <\/strong>\u0219i al\n<strong>Re\u021belei Comisarilor \u0219i\nOfi\u021berilor Dun\u0103reni<\/strong>.    \n<\/p>\n\n\n\n<p>\nTocmai pentru a declan\u0219a preg\u0103tirea\nviitoarelor parteneriate \u0219i ini\u021biative concrete, \u021bin\u00e2nd cont \u0219i\nde oportunitatea oferit\u0103 de crearea <strong>Hub-ului\nMacro-Regional Dun\u0103re-Marea Neagr\u0103 <\/strong>(februarie\n2019), se deschide un culoar nou de \u0219anse de colaborare \u0219i acces la\nfinan\u021b\u0103ri UE, ce pot fi fructificate doar prin \u00eent\u0103rirea\ncapacit\u0103\u021bii de informare rapid\u0103, inter-comunicare \u0219i particip\u0103ri\nactive \u00eencep\u00e2nd chiar din aceast\u0103 perioad\u0103 a anului. \n<\/p>\n\n\n\n<p>\n\u00cen consecin\u021b\u0103, <strong>Catedra\nInterna\u021bional\u0103 Onorific\u0103 \u201dJean Bart\u201d \u00een sprijinul Strategiei\nUE pentru Regiunea Dun\u0103rii <\/strong>(CIO-SUERD),\nproiect fondat de Funda\u021bia EUROLINK-Casa Europei \u00een parteneriat cu\nCentrul de Biodiversitate al Academiei Rom\u00e2ne (2012), \u00een\nparteneriat cu Asocia\u021bia \u201dComunit\u0103\u021bile Locale Riverane Dun\u0103rii\u201d\n(CLDR), membr\u0103 CoDCR (Viena), ini\u021biaz\u0103 o nou\u0103 edi\u021bie a <strong>cursului\nde tip post-universitar online dedicat form\u0103rii<\/strong>\n\u201d<strong>Exper\u021bilor \/ Ofi\u021berilor\nDun\u0103reni\u201d<\/strong>.\nRolul acestora devine recunoscut oficial \u0219i cu mult mai important\npentru ca toate comunit\u0103\u021bile din cele 41 de jude\u021be \u0219i din\nCapitala Rom\u00e2niei s\u0103 se inter-conecteze la viitoarea platform\u0103\ninternet a CoDCR \u0219i s\u0103 poat\u0103 beneficia de serviciile de sprijin\nprivind <strong>informarea,\nconsilierea \u0219i schimburile de bune practici <\/strong>care\nsunt \u00een mod curent desf\u0103\u0219urate pentru a facilita cooptarea \u00een\nre\u021bele \u0219i proiecte de cooperare teritorial\u0103 cu dimensiune\ntransfrontalier\u0103 \u0219i transna\u021bional\u0103.\n\n<\/p>\n\n\n\n<p>\nP\u00e2n\u0103 \u00een prezent, circa 750 de cursan\u021bi\nau absolvit cursurile la distan\u021b\u0103 \u0219i sesiunile intensive de\ntraining \u00een diverse universit\u0103\u021bi\/centre universitare ale Rom\u00e2niei,\n\u00een special cei motiva\u021bi s\u0103-\u0219i completeze formarea\nprofesional\u0103\/\u0219tiin\u021bific\u0103 pentru a \u00een\u021belege mai bine \u0219i a\nactiva \u00een cadrul proiectelor sau programelor cu finan\u021bare\neuropean\u0103, de tipul cooper\u0103rii transfrontaliere \u0219i transna\u021bionale,\n\u00een special. Ace\u0219tia formeaz\u0103 <strong>Re\u021beaua\nNa\u021bional\u0103 a Ofi\u021berilor Dun\u0103reni<\/strong>,\ndeja lansat\u0103 \u0219i constituit\u0103 din toamna anului 2015 (Palatul\nParlamentului), \u0219i ulterior afiliat\u0103, la Budapesta (2017) <strong>Re\u021belei\nEuropene a Comisarilor Dun\u0103reni<\/strong>,\nce grupeaz\u0103 reprezentan\u021bii a peste 80 de comunit\u0103\u021bi din \u00eentreaga\nregiune a Dun\u0103rii.<\/p>\n\n\n\n<p>\nParticipan\u021bii\nprimesc, \u00een urma unei evalu\u0103ri practice finale,<strong>\nCertificat de Absolvire<\/strong>\ncu anexa detaliat\u0103 a modulelor \u0219i modalitatea de evaluare, eliberat\nde Catedra Interna\u021bional\u0103 Onorific\u0103 \u201eJean Bart\u201d \u00een sprijinul\nSUERD \u2013 coordonat\u0103 de EUROLINK-Casa Europei, \u00een parteneriat cu\nCentrul de Biodiversitate \u201eAcad. David DAVIDESCU\u201d al Academiei\nRom\u00e2ne, institu\u021bie de \u00eenv\u0103\u021b\u0103m\u00e2nt care al\u0103turi de Ministerul\nEduca\u021biei este abilitat\u0103 prin lege s\u0103 organizeze cursuri de\nformare de tip postuniversitar.  \n<\/p>\n\n\n\n<p>\nCursurile se\ndesf\u0103\u0219oar\u0103 \u00een perioada <strong>martie\n&#8211; iunie 2019<\/strong>,\u00een\nsistem online (la distan\u021b\u0103), pe o platforma de e-learning (\u00eenv\u0103\u021bare\nprin intermediul unei platforme internet) \u0219i sunt prezentate sub\nforma unor module, care pot fi desc\u0103rcate \u0219i parcurse \u00een ritm\npropriu, \u00een func\u021bie de timpul alocat cursului \u0219i puterea de\nacumulare a materialelor prezentate. \n<\/p>\n\n\n\n<p>\n\u00censcrierile se fac \u00een baza complet\u0103rii\n\u0219i transmiterii <strong>Formularului\nde \u00censcriere <\/strong>de pe siteul\nprogramului &#8211;\n<a href=\"http:\/\/ciosuerd.houseofeurope.ro\/ofiteri-comisari-dunareni\/\">http:\/\/ciosuerd.houseofeurope.ro\/ofiteri-comisari-dunareni<\/a>,\nconform principiului <em>\u201ePrimul\nvenit-primul servit\u201d<\/em>, iar\npentru \u00eenscrierea timpurie (<em>\u201dEarly-Bird\u201d\n&#8211; 28 februarie 2019<\/em>) se\nofer\u0103 un discount special.  \n<\/p>\n\n\n\n<p>\n<strong>Parteneri Media\nAsocia\u021bi:<\/strong>\nAgen\u021bia Na\u021bional\u0103 de Pres\u0103 AGERPRES, TVH, Opinia Na\u021bional\u0103,\nJuridice.ro. <strong>Parteneri\nMedia: <\/strong>Finantare.ro,\nCaleaEuropeana.ro, Comunica\u021bii Mobile, CalendarEvenimente.ro,\nComunicateMedia.ro, Tribuna Economic\u0103, PRwave.ro, BrandInfo.ro,\nSmartFinancial.ro, Tomisul Cultural, 24PHarte.ro, \u201cBuletin\nDun\u0103rean\u201d.<\/p>\n\n\n\n<p>\nPentru conformitate, \n<\/p>\n\n\n\n<p>\nCIO-SUERD \/ Asocia\u021bia CLDR<\/p>\n\n\n\n<p>\n<em>22 februarie 2019<\/em><\/p>\n","protected":false},"excerpt":{"rendered":"<p>Anul 2019 \u2013 peste 50 de evenimente \u0219i tot at\u00e2tea oportunit\u0103\u021bi de networking, informare, schimb de bune practici \u0219i lobby institu\u021bional \u00een cursul mandatului Pre\u0219edin\u021biei Rom\u00e2niei la Strategia UE pentru Regiunea Dun\u0103rii (SUERD). Strategia Dun\u0103rii este un document oficial care se refer\u0103, ca eligibilitate a proiectelor, la toate cele 41 de jude\u021be plus Capitala Rom\u00e2niei.<a class=\"sup-readmore\" href=\"http:\/\/www.houseofeurope.ro\/blog\/accentul-pe-proiecte-si-afaceri-in-context-macro-regional-sansa-unei-cariere-profesionale-si-a-succesului-antreprenorial\/\">Read More<\/a><\/p>\n","protected":false},"author":1,"featured_media":389,"comment_status":"open","ping_status":"open","sticky":false,"template":"","format":"standard","meta":{"footnotes":""},"categories":[1,8],"tags":[119,143,95],"_links":{"self":[{"href":"http:\/\/www.houseofeurope.ro\/blog\/wp-json\/wp\/v2\/posts\/1172"}],"collection":[{"href":"http:\/\/www.houseofeurope.ro\/blog\/wp-json\/wp\/v2\/posts"}],"about":[{"href":"http:\/\/www.houseofeurope.ro\/blog\/wp-json\/wp\/v2\/types\/post"}],"author":[{"embeddable":true,"href":"http:\/\/www.houseofeurope.ro\/blog\/wp-json\/wp\/v2\/users\/1"}],"replies":[{"embeddable":true,"href":"http:\/\/www.houseofeurope.ro\/blog\/wp-json\/wp\/v2\/comments?post=1172"}],"version-history":[{"count":1,"href":"http:\/\/www.houseofeurope.ro\/blog\/wp-json\/wp\/v2\/posts\/1172\/revisions"}],"predecessor-version":[{"id":1173,"href":"http:\/\/www.houseofeurope.ro\/blog\/wp-json\/wp\/v2\/posts\/1172\/revisions\/1173"}],"wp:featuredmedia":[{"embeddable":true,"href":"http:\/\/www.houseofeurope.ro\/blog\/wp-json\/wp\/v2\/media\/389"}],"wp:attachment":[{"href":"http:\/\/www.houseofeurope.ro\/blog\/wp-json\/wp\/v2\/media?parent=1172"}],"wp:term":[{"taxonomy":"category","embeddable":true,"href":"http:\/\/www.houseofeurope.ro\/blog\/wp-json\/wp\/v2\/categories?post=1172"},{"taxonomy":"post_tag","embeddable":true,"href":"http:\/\/www.houseofeurope.ro\/blog\/wp-json\/wp\/v2\/tags?post=1172"}],"curies":[{"name":"wp","href":"https:\/\/api.w.org\/{rel}","templated":true}]}}