{"id":1175,"date":"2019-02-25T10:22:34","date_gmt":"2019-02-25T08:22:34","guid":{"rendered":"http:\/\/www.houseofeurope.ro\/blog\/?p=1175"},"modified":"2019-10-08T12:43:17","modified_gmt":"2019-10-08T10:43:17","slug":"lansarea-consultarilor-cu-stakeholderii-din-domeniul-maritim-si-al-dezvoltarii-macro-regionale","status":"publish","type":"post","link":"http:\/\/www.houseofeurope.ro\/blog\/lansarea-consultarilor-cu-stakeholderii-din-domeniul-maritim-si-al-dezvoltarii-macro-regionale\/","title":{"rendered":"Lansarea consult\u0103rilor cu stakeholderii  din domeniul maritim \u0219i al dezvolt\u0103rii macro-regionale"},"content":{"rendered":"\n<h2 class=\"wp-block-heading\"> <strong>~ Ziua Maritim\u0103 European\u0103 \u00een Rom\u00e2nia &#8211;<\/strong><\/h2>\n\n\n\n<p><strong>edi\u021bia 2019 ~<\/strong><\/p>\n\n\n\n<p>Comisia European\u0103, prin Directoratul General MARE, marcheaz\u0103 \u0219i \u00een acest an, nu doar \u00een cadrul conferin\u021bei centrale de la Lisabona, ci \u0219i printr-o serie de peste 100 de evenimente locale, ce se vor desf\u0103\u0219ura de-a lungul \u00eentregii Uniuni Europene.  \u00cen Rom\u00e2nia, a fost selectat evenimentul interna\u021bional <strong>\u201dHigh Level Stakeholders Event\u201d<\/strong>, propus  de un consor\u021biu de parteneri, sub genericul <em><strong>\u201dBoosting transnational cooperation through the Black Sea &#8211; Danube Macro-Regional Hub\u201d <\/strong><\/em>(\u201dStimularea cooper\u0103rii transna\u021bionale prin Hub-ul Macro-Regional Dun\u0103re-Marea Neagr\u0103\u201d), la <strong>Bucure\u0219ti<\/strong>, \u00een data de<strong> 31 mai 2019<\/strong>.  <\/p>\n\n\n\n<p>Din acest consor\u021biu fac parte: Hub-ul Macro-Regional Dun\u0103re-Marea Neagr\u0103, sub Pre\u0219edin\u021bia Cluj IT Cluster; Catedra Interna\u021bional\u0103 Onorific\u0103 \u201dJean Bart\u201d \u00een sprijinul Strategiei UE pentru Regiunea Dun\u0103rii (CIO-SUERD), proiect fondat de Funda\u021bia EUROLINK &#8211; Casa Europei \u00een parteneriat cu Academia Rom\u00e2n\u0103; Asocia\u021bia \u201dComunit\u0103\u021bile Locale Riverane Dun\u0103rii\u201d (CLDR &#8211; membr\u0103 CoDCR), sub Pre\u0219edin\u021bia Universit\u0103\u021bii Maritime din Constan\u021ba.  <\/p>\n\n\n\n<p><strong>Obiectivele-<\/strong><strong>cheie\n<\/strong>ale acestui eveniment\ninterna\u021bionalsunt\ndestinate: s\u0103 interconecteze,\npe de-o parte, componentele-cheie referitoare la <strong>\u201dBleu\nEntrepreneurship, Innovation and Investments\u201d<\/strong>\n(antreprenoriat, inovare \u0219i investi\u021bii albastre), iar pe de alt\u0103\nparte, s\u0103 ofere posibilitatea reactiv\u0103rii\/dinamiz\u0103rii unor noi\n<strong>platforme de cooperare<\/strong>\n\u00een zon\u0103; s\u0103 fructifice poten\u021bialului\nnoului <strong>Hub Maco-Regional Dun\u0103re-Marea\nNeagr\u0103<\/strong>, care prin serviciile \u0219i\nparteneriatele activate s\u0103 ofere solu\u021bii \u0219i aplica\u021bii inovative\npentru cele mai variate domenii.<\/p>\n\n\n\n<p>Evenimentul\ninclude urm\u0103toarele sec\u021biuni:<\/p>\n\n\n\n<ul><li>Sesiune\n\tPractic\u0103 de\n\tDezbateri \u0219i\n\tWorkshop-uri\n\t<\/li><li>Expozi\u021bie\n\tincluz\u00e2nd cele mai bune practici \u0219i pove\u0219ti de succes  \n\t\n\t<\/li><li>Networking\n\t\u0219i Matchmaking pe tot parcursul evenimentului\n\t<\/li><li>Decernarea\n\tDiplomelor de Excelen\u021b\u0103 &#8220;Inovare social\u0103 \u0219i economic\u0103 \u00een\n\tBazinul M\u0103rii Negre &#8211; Regiunea Dun\u0103rii&#8221;\n\t<\/li><li>\n\tVizit\u0103 de\n\tDocumentare la Universitatea Maritim\u0103 din Constan\u021ba \u0219i Baza\n\tNautic\u0103 Lacul Mamaia \n\t\n<\/li><\/ul>\n\n\n\n<p>Printre\n<strong>speakerii invita\u021bi<\/strong>\nse vor num\u0103ra reprezentan\u021bi ai Comisiei Europene, Consiliului\nOra\u0219elor \u0219i Regiunilor Dun\u0103rii (CoDCR), Ministerului Afacerilor\nExterne, Senatului Rom\u00e2niei, Academiei Rom\u00e2ne, alte institu\u021bii \u0219i\norganiza\u021bii profesionale relevante \u00een domeniu, precum \u0219i\njurnali\u0219ti \u0219i observatori specializa\u021bi. \n<\/p>\n\n\n\n<p>Reuniunea\neste deschis\u0103 unor grupuri largi de de\u021bin\u0103tori de interese,\nexper\u021bi \u0219i speciali\u0219ti \u00een diverse domenii conexe <strong>\u201dcre\u0219terii\nalbastre\u201d<\/strong>, dar \u0219i liderilor \u0219i\ndeciden\u021bilor din toate sectoarele de activitate care sprijin\u0103\ninovarea tehnologic\u0103 \u0219i urban\u0103, precum \u0219i promovarea unor\n<strong>domenii-cheie<\/strong>\nprecum: conservarea biodiversit\u0103\u021bii, turismul dun\u0103rean \u0219i\nmaritim, digitalizarea transformativ\u0103, acvacultura, pescuitul, etc.<\/p>\n\n\n\n<p>\u00cen\nvederea unei focaliz\u0103ri c\u00e2t mai pragmatice \u0219i a \u00eencheg\u0103rii unui\n<strong>Plan de Ac\u021biune<\/strong>\ncomun privind implicarea tuturor responsabililor \u0219i inovatorilor \u00een\nsens larg din Macro-Regiunea Dun\u0103rii \u0219i Bazinul M\u0103rii Negre,\norganizatorii lanseaz\u0103 din acest moment \u0219i o <strong>Consultare\nPublic\u0103 <\/strong>asupra domeniilor de interes\ncare vor face obiectul workshop-urilor, ca de pild\u0103: foaia de\nparcurs strategic\u0103 asupra\nenergiei marine; \u00eembun\u0103t\u0103\u021birea politicilor integrate \u0219i\nguvernan\u021bei maritime la nivel UE, inclusiv strategiile de securitate\naferente; stimulente privind dezvoltarea turismului nautic, costier\n\u0219i ecologic, inclusiv crearea de noi locuri de munc\u0103; modalit\u0103\u021bile\nde promovare a acvaculturii sustenabile \u00een zona Litoralului, Deltei,\nca \u0219i a afluen\u021bilor Dun\u0103rii, conform Strategiei de Dezvoltare\nSustenabil\u0103 a Acvaculturii Europene.  \n<\/p>\n\n\n\n<p>Mai multe informa\u021bii privind modalit\u0103\u021bile de \u00eenscriere \u0219i participare la Expozi\u021bia din cadrul evenimentului vor fi disponibile, \u00eencep\u00e2nd cu 1 martie 2019, pe siteurile <a href=\"http:\/\/www.houseofeurope.ro\/\">www.houseofeurope.ro<\/a> \u0219i <a href=\"http:\/\/www.cldr.ro\/\">www.cldr.ro<\/a> .<\/p>\n\n\n\n<p><strong>Parteneri Media Asocia\u021bi: <\/strong>Agen\u021bia Na\u021bional\u0103 de Pres\u0103 AGERPRES, Radio7, Opinia Na\u021bional\u0103, Juridice.ro. <strong>Parteneri Media:<\/strong> Finantare.ro, CaleaEuropeana.ro, Comunica\u021bii Mobile, CalendarEvenimente.ro, ComunicateMedia.ro, Tribuna Economic\u0103, PRwave.ro, BrandInfo.ro, SmartFinancial.ro, Tomisul Cultural, 24PHarte.ro, \u201cBuletin Dun\u0103rean\u201d.<\/p>\n\n\n\n<p>Pentru\nconformitate,<\/p>\n\n\n\n<p>EUROLINK\n\u2013 Casa Europei<\/p>\n\n\n\n<p>Comunicat de pres\u0103, 25 februarie 2019<\/p>\n","protected":false},"excerpt":{"rendered":"<p>~ Ziua Maritim\u0103 European\u0103 \u00een Rom\u00e2nia &#8211; edi\u021bia 2019 ~ Comisia European\u0103, prin Directoratul General MARE, marcheaz\u0103 \u0219i \u00een acest an, nu doar \u00een cadrul conferin\u021bei centrale de la Lisabona, ci \u0219i printr-o serie de peste 100 de evenimente locale, ce se vor desf\u0103\u0219ura de-a lungul \u00eentregii Uniuni Europene. \u00cen Rom\u00e2nia, a fost selectat evenimentul<a class=\"sup-readmore\" href=\"http:\/\/www.houseofeurope.ro\/blog\/lansarea-consultarilor-cu-stakeholderii-din-domeniul-maritim-si-al-dezvoltarii-macro-regionale\/\">Read More<\/a><\/p>\n","protected":false},"author":1,"featured_media":1177,"comment_status":"closed","ping_status":"open","sticky":false,"template":"","format":"standard","meta":{"footnotes":""},"categories":[8],"tags":[119,150,7,250,91],"_links":{"self":[{"href":"http:\/\/www.houseofeurope.ro\/blog\/wp-json\/wp\/v2\/posts\/1175"}],"collection":[{"href":"http:\/\/www.houseofeurope.ro\/blog\/wp-json\/wp\/v2\/posts"}],"about":[{"href":"http:\/\/www.houseofeurope.ro\/blog\/wp-json\/wp\/v2\/types\/post"}],"author":[{"embeddable":true,"href":"http:\/\/www.houseofeurope.ro\/blog\/wp-json\/wp\/v2\/users\/1"}],"replies":[{"embeddable":true,"href":"http:\/\/www.houseofeurope.ro\/blog\/wp-json\/wp\/v2\/comments?post=1175"}],"version-history":[{"count":3,"href":"http:\/\/www.houseofeurope.ro\/blog\/wp-json\/wp\/v2\/posts\/1175\/revisions"}],"predecessor-version":[{"id":1181,"href":"http:\/\/www.houseofeurope.ro\/blog\/wp-json\/wp\/v2\/posts\/1175\/revisions\/1181"}],"wp:featuredmedia":[{"embeddable":true,"href":"http:\/\/www.houseofeurope.ro\/blog\/wp-json\/wp\/v2\/media\/1177"}],"wp:attachment":[{"href":"http:\/\/www.houseofeurope.ro\/blog\/wp-json\/wp\/v2\/media?parent=1175"}],"wp:term":[{"taxonomy":"category","embeddable":true,"href":"http:\/\/www.houseofeurope.ro\/blog\/wp-json\/wp\/v2\/categories?post=1175"},{"taxonomy":"post_tag","embeddable":true,"href":"http:\/\/www.houseofeurope.ro\/blog\/wp-json\/wp\/v2\/tags?post=1175"}],"curies":[{"name":"wp","href":"https:\/\/api.w.org\/{rel}","templated":true}]}}