{"id":1487,"date":"2022-10-22T12:13:00","date_gmt":"2022-10-22T10:13:00","guid":{"rendered":"https:\/\/www.houseofeurope.ro\/blog\/?p=1487"},"modified":"2023-02-07T12:15:02","modified_gmt":"2023-02-07T10:15:02","slug":"portretele-soarelui-scurt-dialog-cu-participantii-la-editia-a-v-a-a-taberei-de-sculptura-monumentala-ploiesti","status":"publish","type":"post","link":"http:\/\/www.houseofeurope.ro\/blog\/portretele-soarelui-scurt-dialog-cu-participantii-la-editia-a-v-a-a-taberei-de-sculptura-monumentala-ploiesti\/","title":{"rendered":"Portretele soarelui (scurt dialog cu participan\u021bii la edi\u021bia a V-a a Taberei de Sculptur\u0103 Monumental\u0103 &#8211; Ploie\u0219ti)"},"content":{"rendered":"\n<p>\u00cen aceast\u0103 s\u0103pt\u0103m\u00e2n\u0103 a \u00eenceput edi\u021bia a V-a a <strong>Taberei de Sculptur\u0103 Monumental\u0103 Contemporan\u0103 de la Ploie\u0219ti<\/strong>. Dar ecourile edi\u021biei precedente \u00eenc\u0103 nu s-au stins. \u00cenainte de a-i cunoa\u0219te pe arti\u0219tii prezen\u021bi la aceast\u0103 edi\u021bie a taberei, propun s\u0103 ne amintim de cei care au creat anul trecut. Programul celei de-a IV-a edi\u021bii a Taberei de Sculptur\u0103 Contemporan\u0103 de la Ploie\u0219ti (2021) a inclus \u0219i o excurie la Casa Domneasc\u0103 de la Brebu. Excursioni\u0219tii au vizitat apoi proprietatea lui Alfred Dumitriu de la C\u00e2mpina, care cuprinde, printre altele, o galerie subteran\u0103 de art\u0103 \u0219i un atelier. Am profitat de ocazie \u0219i am realizat un scurt \u201dsimultan\u201d cu cei trei sculptori prezen\u021bi la lucr\u0103ri (Valentin V\u00e2rtosu, Dam Daniel, Vlad Dumitriu), dar \u0219i cu gazda, sculptor la r\u00e2ndul s\u0103u.<\/p>\n\n\n\n<p><strong>Cum s\u0103-\u021bi cuno\u0219ti cel mai mare du\u0219man<\/strong><\/p>\n\n\n\n<p>Reporter: Iat\u0103-ne la cap\u0103tul excursiei! Gazda noastr\u0103 de ast\u0103zi este domnul Alfred Dumitriu, tat\u0103l unuia dintre arti\u0219tii care lucreaz\u0103 la Tab\u0103ra Interna\u021bional\u0103 de Sculptur\u0103. Mul\u021bam de g\u0103zduire, domnule Dumitriu!<\/p>\n\n\n\n<p><strong>Alfred Dumitriu<\/strong>: Mul\u021bam de vizit\u0103!<\/p>\n\n\n\n<p><strong>R.:<\/strong>&nbsp;Nu cumva dvs. sunte\u021bi artistul acela care ne-a d\u0103ruit, \u00een anii preceden\u021bi, portrete ale soarelui? \u0218tiu c\u0103 anul trecut a fost sigur un portret al soarelui.<\/p>\n\n\n\n<p><strong>A.D.<\/strong>: Da. \u0218i care s-a l\u0103udat c\u0103 mai are unul de f\u0103cut.<\/p>\n\n\n\n<p><strong>R<\/strong>.: A, \u00eenc\u0103 unul! Este de presupus c\u0103 la edi\u021biile urm\u0103toare v\u0103 vom descoperi din nou la tab\u0103r\u0103.<\/p>\n\n\n\n<p><strong>A.D<\/strong>.: E de presupus, da. Sper.<\/p>\n\n\n\n<p><strong>R<\/strong>.: Ve\u021bi face prin rota\u021bie cu fiul dvs. sau e de sperat la un tandem tat\u0103-fiu? Anul acesta v-a \u00eenlocuit fiul, dar poate anul viitor\u2026<\/p>\n\n\n\n<p><strong>A.D<\/strong>.: Depinde de organizatori \u0219i \u00eentregul sistem administrativ, de c\u00e2t reu\u0219esc s\u0103 sus\u021bin\u0103.<\/p>\n\n\n\n<p><strong>R<\/strong>.: Eu cred c\u0103 locul dvs. trebuia s\u0103 fie \u00een tab\u0103r\u0103.<\/p>\n\n\n\n<p><strong>A.D<\/strong>.: Locul meu e bun unde este. Am deja dou\u0103 lucr\u0103ri acolo. E bine s\u0103 vin\u0103 \u0219i al\u021bii s\u0103 lucreze.<\/p>\n\n\n\n<p><strong>R<\/strong>.: Spunea\u021bi anul trecut c\u0103 \u201dpentru a-\u021bi cunoa\u0219te cel mai mare du\u0219man prive\u0219te \u00een oglind\u0103!\u201d. Ce vede\u021bi c\u00e2nd privi\u021bi \u00een ochii colegilor dvs.?<\/p>\n\n\n\n<p><strong>A.D.<\/strong>: (dup\u0103 un r\u0103gaz) Du\u0219manii mei! (R\u00e2sete, veselie) Valentin V\u00e2rtosu: Doamne fere\u0219te!<br><strong>A.D<\/strong>.: Ei au \u00een\u021beles, c\u0103 de-aia r\u00e2d!<\/p>\n\n\n\n<p><strong>Portretul lui Ha\u0219deu<\/strong><\/p>\n\n\n\n<p><strong>R.<\/strong>: L\u0103sa\u021bi-m\u0103 s\u0103-mi revin! Da, un r\u0103spuns nea\u0219teptat. (c\u0103tre ceilal\u021bi trei sculptori) Dar dvs. ce sim\u021bi\u021bi c\u00e2nd v\u0103 afla\u021bi aici, \u00een curtea domnului Dumitriu?<\/p>\n\n\n\n<p>Valentin V\u00e2rtosu: \u00cemi place ce simt aici, \u00een curtea lui Alfred. Alfred poate nu-\u0219i aduce aminte, dar noi ne-am v\u0103zut un pic \u00een 1996. Venisem cu cinci portrete ale familiei Ha\u0219deu, c\u00e2nd se s\u0103rb\u0103torea \u00eemplinirea a 100 de ani de la construirea Castelului Iulia Ha\u0219deu. Am fost impresionat de c\u00e2teva lucr\u0103ri pe care le are Alfred acolo. Din p\u0103cate, acum n-am putut s\u0103 mai vizit\u0103m castelul, pentru c\u0103 este \u00een repara\u021bie. A\u0219 fi vrut s\u0103 rev\u0103d portretul lui Ha\u0219deu, pentru c\u0103 m-a impresionat felul \u00een care l-a redat Alfred. Era ceva foarte decorativ. Barba aceea m-a impresionat!\u2026 Tot timpul vorbeam cu Vlad, c\u0103 suntem \u00eempreun\u0103 la lucr\u0103ri, \u0219i \u00eel tot \u00eentrebam ce a mai lucrat tat\u0103l s\u0103u. Nici nu mi-am imaginat c\u0103 po\u021bi s\u0103 lucrezi at\u00e2ta \u00eentr- o via\u021b\u0103, de parc\u0103 s-a lucrat totul \u00een 30 \u0219i nu \u00eentr-un an. Nu neap\u0103rat volumul de opere, c\u00e2t spiritul pe care-l are fiecare lucrare m-a impresionat, felul de a lucra fiecare pies\u0103 \u00een parte. Cicluri, multe cicluri. Uimitor!<\/p>\n\n\n\n<p><strong>R<\/strong>.: Domnule Daniel, aceea\u0219i \u00eentrebare: cum v\u0103 e aici?<br><strong>Dan Daniel:<\/strong>&nbsp;Aproape ca acas\u0103, dar\u2026 mai am mult de lucru.<br><strong>R<\/strong>.: Adic\u0103.<br><strong>D.D<\/strong>.: Adic\u0103 am r\u0103mas impresionat la prima edi\u021bie, c\u00e2nd am fost pentru prima dat\u0103<\/p>\n\n\n\n<p>aici. Acuma sunt \u0219i mai impresionat \u0219i am dorin\u021ba s\u0103 merg \u0219i eu mai departe, s\u0103 lucrez tot mai bine. Sunt \u2013 \u00eentr-adev\u0103r \u2013 foarte mi\u0219cat de ce mi-e dat s\u0103 v\u0103d.<\/p>\n\n\n\n<p><strong>R<\/strong>.: Cople\u0219itor, \u00eentr-adev\u0103r, ce-am v\u0103zut! Ce galerie, ce atelier! Cred c\u0103 galeria aceasta concureaz\u0103 galerii private sau galerii de stat. V-a luat mult timp s\u0103 o realiza\u021bi?<\/p>\n\n\n\n<p><strong>A.D<\/strong>.: Lucrurile se \u00eent\u00e2mpl\u0103 de la sine c\u00e2nd ai un g\u00e2nd frumos \u0219i ai c\u00e2t de c\u00e2t puterea de a-l \u00eencepe. Dup\u0103 aceea, oamenii \u00eencep s\u0103 te ajute, s\u0103 te sprijine. Nu pot s\u0103 spun c\u0103 mi-a fost greu. Lucrurile s-au legat at\u00e2t de frumos\u2026<\/p>\n\n\n\n<p><strong>Locul tat\u0103lui<\/strong><\/p>\n\n\n\n<p><strong>R<\/strong>.: (c\u0103tre Alfred Dumitriu) Nu sim\u021bi\u021bi \u00een ceaf\u0103 suflarea rece a fiului dvs.?<\/p>\n\n\n\n<p><strong>A.D<\/strong>.: El are un fel atipic de a se manifesta Mi-a comunicat, la un moment dat, c\u00e2nd era prin clasa a X-a, c\u0103 ar vrea s\u0103 se fac\u0103 fie arhitect, fie general sau nu \u0219tiu ce\u2026<\/p>\n\n\n\n<p><strong>R<\/strong>.: Matematician, olimpic, mi-a povestit\u2026<\/p>\n\n\n\n<p><strong>A.D<\/strong>.: \u2026 \u0219i zic: bine m\u0103, dar de ce nu \u00eencerci \u0219i arta? \u0218i a r\u0103mas moart\u0103 discu\u021bia. \u00cen ultimul an de liceu, a venit la atelier, al\u0103turi de ni\u0219te copii. Trebuie s\u0103 v\u0103 spun c\u0103 ori de c\u00e2te ori am fost solicitat s\u0103-i ajut pe unii candida\u021bi pentru admiterea la facultate \u2013 pentru c\u0103 am fost \u0219i profesor pe la diferite \u0219coli -, i-am sf\u0103tuit. I-am primit \u0219i aici, la atelier. \u00centr-un t\u00e2rziu, s-a hot\u0103r\u00e2t \u0219i Vlad s\u0103 urmeze calea artei. \u201dVlad, dar de ce vii a\u0219a de t\u00e2rziu, acuma, \u00een ultimul moment?\u201d \u2013 l-am \u00eentrebat. \u201dP\u0103i p\u00e2n\u0103 acuma am crezut c\u0103 nu e loc de tine, tat\u0103!\u201d.<\/p>\n\n\n\n<p><strong>\u0218i discul solar este o oglind\u0103<\/strong><\/p>\n\n\n\n<p><strong>R<\/strong>.: Da, din fericire, s-a g\u0103sit loc \u0219i pentru junior. Mai spunea\u021bi odat\u0103 c\u0103 \u0219i discul solar este o oglind\u0103. (c\u0103tre Vlad Dumitriu) Tat\u0103l dvs. v\u0103 este disc solar?<\/p>\n\n\n\n<p><strong>V.D.<\/strong>: Greu de zis. Bine\u00een\u021beles c\u0103 este o rela\u021bie din care eu am avut de \u00eenv\u0103\u021bat, am extras ni\u0219te esen\u021be. dEsigur, l-am avut pe tat\u0103l meu drept prim model. Dar \u201ddiscuri solare\u201d sunt multe \u00een Univers.<\/p>\n\n\n\n<p><strong>R<\/strong>.: Trebuie s\u0103 recunosc c\u0103 sunt cople\u0219it. Este un remarcabil, senza\u021bional sf\u00e2r\u0219it de c\u0103l\u0103torie, la care nu m\u0103 a\u0219teptam. N-o s\u0103 am niciodat\u0103 cuvinte s\u0103 v\u0103 mul\u021bumesc \u00eendeajuns. A\u0219 vrea ca la final s\u0103-i adresa\u021bi un cuv\u00e2nt domnului Dumitriu! O mul\u021bumire. S\u0103 vedem cum \u0219ti\u021bi dvs. s\u0103-i mul\u021bumi\u021bi gazdei noastre.<\/p>\n\n\n\n<p><strong>V.V<\/strong>.: V\u0103 mul\u021bumesc mult de tot. Doamne-ajut\u0103!<br><strong>D.D.<\/strong>: Mul\u021bumesc mult de tot.<br><strong>A.D<\/strong>.: Ave\u021bi fiecare c\u00e2te 30, 20 sau 10 ani pu\u021bin dec\u00e2t mine. A\u0219a \u00eenc\u00e2t sunt sigur \u2013 dup\u0103&nbsp;semnele pe care le da\u021bi \u2013 c\u0103 voi g\u0103si o mul\u021bumire oriunde v\u0103 voi afla. Am mult respect pentru munca voastr\u0103, simt c\u0103 ve\u021bi mai realiza opere admirabile \u0219i c\u0103 sunte\u021bi pasiona\u021bi de ceea ce face\u021bi. Asta-i un lucru rar, iar mul\u021bumirea \u021bi-o prime\u0219ti pe loc. Instantaneu. Le urez succes arti\u0219tilor care vor evolua la edi\u021biile viitoare ale Taberei de Sculptur\u0103 de la Ploie\u0219ti!<\/p>\n\n\n\n<p><strong>R.<\/strong>: Domnilor, \u0219i eu v\u0103 urez succes spre noi izb\u00e2nzi!<\/p>\n\n\n\n<p>Interviu realizat de Leonida Corneliu CHIFU<\/p>\n","protected":false},"excerpt":{"rendered":"<p>\u00cen aceast\u0103 s\u0103pt\u0103m\u00e2n\u0103 a \u00eenceput edi\u021bia a V-a a Taberei de Sculptur\u0103 Monumental\u0103 Contemporan\u0103 de la Ploie\u0219ti. Dar ecourile edi\u021biei precedente \u00eenc\u0103 nu s-au stins. \u00cenainte de a-i cunoa\u0219te pe arti\u0219tii prezen\u021bi la aceast\u0103 edi\u021bie a taberei, propun s\u0103 ne amintim de cei care au creat anul trecut. Programul celei de-a IV-a edi\u021bii a Taberei<a class=\"sup-readmore\" href=\"http:\/\/www.houseofeurope.ro\/blog\/portretele-soarelui-scurt-dialog-cu-participantii-la-editia-a-v-a-a-taberei-de-sculptura-monumentala-ploiesti\/\">Read More<\/a><\/p>\n","protected":false},"author":1,"featured_media":1488,"comment_status":"open","ping_status":"open","sticky":false,"template":"","format":"standard","meta":{"footnotes":""},"categories":[8],"tags":[],"_links":{"self":[{"href":"http:\/\/www.houseofeurope.ro\/blog\/wp-json\/wp\/v2\/posts\/1487"}],"collection":[{"href":"http:\/\/www.houseofeurope.ro\/blog\/wp-json\/wp\/v2\/posts"}],"about":[{"href":"http:\/\/www.houseofeurope.ro\/blog\/wp-json\/wp\/v2\/types\/post"}],"author":[{"embeddable":true,"href":"http:\/\/www.houseofeurope.ro\/blog\/wp-json\/wp\/v2\/users\/1"}],"replies":[{"embeddable":true,"href":"http:\/\/www.houseofeurope.ro\/blog\/wp-json\/wp\/v2\/comments?post=1487"}],"version-history":[{"count":1,"href":"http:\/\/www.houseofeurope.ro\/blog\/wp-json\/wp\/v2\/posts\/1487\/revisions"}],"predecessor-version":[{"id":1489,"href":"http:\/\/www.houseofeurope.ro\/blog\/wp-json\/wp\/v2\/posts\/1487\/revisions\/1489"}],"wp:featuredmedia":[{"embeddable":true,"href":"http:\/\/www.houseofeurope.ro\/blog\/wp-json\/wp\/v2\/media\/1488"}],"wp:attachment":[{"href":"http:\/\/www.houseofeurope.ro\/blog\/wp-json\/wp\/v2\/media?parent=1487"}],"wp:term":[{"taxonomy":"category","embeddable":true,"href":"http:\/\/www.houseofeurope.ro\/blog\/wp-json\/wp\/v2\/categories?post=1487"},{"taxonomy":"post_tag","embeddable":true,"href":"http:\/\/www.houseofeurope.ro\/blog\/wp-json\/wp\/v2\/tags?post=1487"}],"curies":[{"name":"wp","href":"https:\/\/api.w.org\/{rel}","templated":true}]}}