{"id":1490,"date":"2022-11-07T12:56:00","date_gmt":"2022-11-07T10:56:00","guid":{"rendered":"https:\/\/www.houseofeurope.ro\/blog\/?p=1490"},"modified":"2023-02-07T13:03:57","modified_gmt":"2023-02-07T11:03:57","slug":"inchiderea-celei-de-a-v-a-editii-a-taberei-de-sculptura-monumentala-contemporana-de-la-ploiesti","status":"publish","type":"post","link":"http:\/\/www.houseofeurope.ro\/blog\/inchiderea-celei-de-a-v-a-editii-a-taberei-de-sculptura-monumentala-contemporana-de-la-ploiesti\/","title":{"rendered":"<strong>\u00cenchiderea celei de a V-a edi\u021bii a Taberei de sculptur\u0103 monumental\u0103 contemporan\u0103 de la Ploie\u0219ti<\/strong>"},"content":{"rendered":"\n<p>Duminic\u0103, 6 noiembrie, a avut loc, \u00een Parcul Municipal Ploie\u0219ti Vest, ceremonia de \u00eenchidere a celei de-a V-a edi\u021bii a Taberei de sculptur\u0103 monumental\u0103 contemporan\u0103, ce se desf\u0103\u0219oar\u0103 la Ploie\u0219ti, \u00eencep\u00e2nd cu Anul Cetenar<\/p>\n\n\n\n<p><br>Invita\u021bi speciali ai evenimentului au fost Grigore Le\u0219e, criticul de art\u0103 Pavel \u0218u\u0219ar\u0103, vicepre\u0219edintele UAP Gheorghe Dican \u0219i sculptorul Vlad Ciobanu.<br>A participat Simona U\u021b\u0103 pre\u0219edinta Comisiei de Cultur\u0103 a Consiliului local al municipiului Ploie\u0219ti \u0219i Vlad Mateescu directorul Filarmonicii \u201cPaul Constantinescu\u201d.<br>Asocia\u021bia Cultural\u0103 24Pharte mul\u021bume\u0219te autorit\u0103\u021bilor locale pentru sprijin \u0219i implicare efectiv\u0103 Primarului Municipiului Ploie\u0219ti Andrei Volosevici, Viceprimarului Daniel Nicodim, Viceprimarului Popa Anca Adina \u0219i Comisiei de Cultur\u0103 a Consiliului Local al Municipiului Ploie\u0219ti, precum \u0219i Consiliului Local al Municipiului Ploie\u0219ti, f\u0103r\u0103 a c\u0103ror \u00een\u021belegere \u0219i bun\u0103voin\u021b\u0103 proiectul nostru nu s-ar putea desf\u0103\u0219ura.<\/p>\n\n\n\n<figure class=\"wp-block-image size-full\"><a href=\"https:\/\/www.houseofeurope.ro\/blog\/wp-content\/uploads\/2023\/02\/Tabara3.jpeg\"><img loading=\"lazy\" decoding=\"async\" width=\"1024\" height=\"768\" src=\"https:\/\/www.houseofeurope.ro\/blog\/wp-content\/uploads\/2023\/02\/Tabara3.jpeg\" alt=\"\" class=\"wp-image-1492\" srcset=\"http:\/\/www.houseofeurope.ro\/blog\/wp-content\/uploads\/2023\/02\/Tabara3.jpeg 1024w, http:\/\/www.houseofeurope.ro\/blog\/wp-content\/uploads\/2023\/02\/Tabara3-300x225.jpeg 300w, http:\/\/www.houseofeurope.ro\/blog\/wp-content\/uploads\/2023\/02\/Tabara3-768x576.jpeg 768w\" sizes=\"(max-width: 1024px) 100vw, 1024px\" \/><\/a><\/figure>\n\n\n\n<p><br>De asemenea, fa\u021b\u0103 de domniile lor, ne exprim\u0103m speran\u021ba continu\u0103rii unei la fel de bune colabor\u0103ri viitoare.<br>Nu \u00een ultimul r\u00e2nd, Asocia\u021bia Cultural\u0103 24Pharte mul\u021bume\u0219te arti\u0219tilor Max Dumitra\u0219, Petre Mogo\u0219anu \u0219i Constantin \u021ainteanu, comisarului de tab\u0103r\u0103 Alice Neculea, directorului Marian Dragomir \u0219i \u00eentregii echipe cu care am colaborat din partea Casei de Cultur\u0103 \u201cI. L. Caragiale\u201d, directorului Parcului Municipal Ploie\u0219ti Vest, Anca T\u0103n\u0103sic\u0103, precum \u0219i tuturor celor care au contribuit, prin orice mijloace, la buna finalizare a edi\u021biei ce tocmai s-a \u00eencheiat.<br>Mul\u021bumim sus\u021bin\u0103torilor proiectului, prietenilor, colegilor de la Cenaclul literar \u201cI. L. Caragiale\u201d \u0219i jurnali\u0219tilor prezen\u021bi la festivitate.<\/p>\n\n\n\n<figure class=\"wp-block-image size-full\"><a href=\"https:\/\/www.houseofeurope.ro\/blog\/wp-content\/uploads\/2023\/02\/Tabara4.jpeg\"><img loading=\"lazy\" decoding=\"async\" width=\"1024\" height=\"768\" src=\"https:\/\/www.houseofeurope.ro\/blog\/wp-content\/uploads\/2023\/02\/Tabara4.jpeg\" alt=\"\" class=\"wp-image-1491\" srcset=\"http:\/\/www.houseofeurope.ro\/blog\/wp-content\/uploads\/2023\/02\/Tabara4.jpeg 1024w, http:\/\/www.houseofeurope.ro\/blog\/wp-content\/uploads\/2023\/02\/Tabara4-300x225.jpeg 300w, http:\/\/www.houseofeurope.ro\/blog\/wp-content\/uploads\/2023\/02\/Tabara4-768x576.jpeg 768w\" sizes=\"(max-width: 1024px) 100vw, 1024px\" \/><\/a><\/figure>\n\n\n\n<p>Tab\u0103ra de Sculptur\u0103 Monumental\u0103 de la Ploie\u0219ti este un eveniment ini\u021biat de Asocia\u021bia Cultural\u0103 24Pharte \u0219i sus\u021binut de Prim\u0103ria Municipiului Ploie\u0219ti, Consiliul Local al Municipiului Ploie\u0219ti, Casa de Cultur\u0103 \u201cI.L.Caragiale\u201d, Filarmonica \u201cPaul Constantinescu\u201d, Teatrul \u201cToma Caragiu\u201d, S. G. U. \u0219i T. C. E. Evenimentul se afl\u0103 sub patronajul Ministerului Culturii \u0219i face parte din proiectul de \u00eenfiin\u021bare a Muzeului de Sculptur\u0103 Monumental\u0103 Contemporan\u0103 \u00een Aer Liber \u2013 Ploie\u015fti.<br>La edi\u021bia a V-a a Taberei de sculptur\u0103 monumental\u0103 contemporan\u0103 Ploie\u0219ti au participat sculptorii Max Dumitra\u0219, Petre Mogo\u0219anu \u0219i Constantin \u021ainteanu.<br>Regizorul filmului documentar al evenimentului, C\u0103t\u0103lin Apostol.<\/p>\n","protected":false},"excerpt":{"rendered":"<p>Duminic\u0103, 6 noiembrie, a avut loc, \u00een Parcul Municipal Ploie\u0219ti Vest, ceremonia de \u00eenchidere a celei de-a V-a edi\u021bii a Taberei de sculptur\u0103 monumental\u0103 contemporan\u0103, ce se desf\u0103\u0219oar\u0103 la Ploie\u0219ti, \u00eencep\u00e2nd cu Anul Cetenar Invita\u021bi speciali ai evenimentului au fost Grigore Le\u0219e, criticul de art\u0103 Pavel \u0218u\u0219ar\u0103, vicepre\u0219edintele UAP Gheorghe Dican \u0219i sculptorul Vlad Ciobanu.A<a class=\"sup-readmore\" href=\"http:\/\/www.houseofeurope.ro\/blog\/inchiderea-celei-de-a-v-a-editii-a-taberei-de-sculptura-monumentala-contemporana-de-la-ploiesti\/\">Read More<\/a><\/p>\n","protected":false},"author":1,"featured_media":1495,"comment_status":"open","ping_status":"open","sticky":false,"template":"","format":"standard","meta":{"footnotes":""},"categories":[261],"tags":[],"_links":{"self":[{"href":"http:\/\/www.houseofeurope.ro\/blog\/wp-json\/wp\/v2\/posts\/1490"}],"collection":[{"href":"http:\/\/www.houseofeurope.ro\/blog\/wp-json\/wp\/v2\/posts"}],"about":[{"href":"http:\/\/www.houseofeurope.ro\/blog\/wp-json\/wp\/v2\/types\/post"}],"author":[{"embeddable":true,"href":"http:\/\/www.houseofeurope.ro\/blog\/wp-json\/wp\/v2\/users\/1"}],"replies":[{"embeddable":true,"href":"http:\/\/www.houseofeurope.ro\/blog\/wp-json\/wp\/v2\/comments?post=1490"}],"version-history":[{"count":2,"href":"http:\/\/www.houseofeurope.ro\/blog\/wp-json\/wp\/v2\/posts\/1490\/revisions"}],"predecessor-version":[{"id":1497,"href":"http:\/\/www.houseofeurope.ro\/blog\/wp-json\/wp\/v2\/posts\/1490\/revisions\/1497"}],"wp:featuredmedia":[{"embeddable":true,"href":"http:\/\/www.houseofeurope.ro\/blog\/wp-json\/wp\/v2\/media\/1495"}],"wp:attachment":[{"href":"http:\/\/www.houseofeurope.ro\/blog\/wp-json\/wp\/v2\/media?parent=1490"}],"wp:term":[{"taxonomy":"category","embeddable":true,"href":"http:\/\/www.houseofeurope.ro\/blog\/wp-json\/wp\/v2\/categories?post=1490"},{"taxonomy":"post_tag","embeddable":true,"href":"http:\/\/www.houseofeurope.ro\/blog\/wp-json\/wp\/v2\/tags?post=1490"}],"curies":[{"name":"wp","href":"https:\/\/api.w.org\/{rel}","templated":true}]}}