{"id":1502,"date":"2023-02-02T20:28:00","date_gmt":"2023-02-02T18:28:00","guid":{"rendered":"https:\/\/www.houseofeurope.ro\/blog\/?p=1502"},"modified":"2023-03-21T14:31:14","modified_gmt":"2023-03-21T12:31:14","slug":"armata-salvarii-distribuie-saci-de-dormit-persoanelor-fara-locuinta","status":"publish","type":"post","link":"http:\/\/www.houseofeurope.ro\/blog\/armata-salvarii-distribuie-saci-de-dormit-persoanelor-fara-locuinta\/","title":{"rendered":"Armata Salvarii distribuie saci de dormit persoanelor fara locuinta"},"content":{"rendered":"\n<p>Recenta r\u0103cire a climei \u00een mai multe zone ale \u021b\u0103rii, inclusiv \u00een regiunea Bucure\u0219ti-Ilfov, a impus o interven\u021bii rapide \u0219i sper\u0103m salutar\u0103 \u00een favoarea persoanelor f\u0103r\u0103 ad\u0103post, beneficiare ale proiectului S.M.A.R.T. Unii beneficiari doresc sa mearga in adaposturi, altii prefera sa ramana in strada langa lucrurile pe care le-au adunat.<\/p>\n\n\n\n<p>Pentru ajutorarea acestora, echipa noastr\u0103 mobil\u0103 a distribuit \u00een special saci de dormit care sigur vor fi de deosebit ajutor pentru trecerea prin aceast\u0103 perioad\u0103 de frig.<\/p>\n\n\n\n<p>Oferim servicii medico-sociale pentru a veni in intampinarea multiplelor nevoi ale grupurilor vulnerabile cu care ne afl\u0103m \u00een permanent contact pe teren !<\/p>\n\n\n\n<p>Prima prioritate a noastra e sa salvam vieti !<\/p>\n\n\n\n<p>**********<\/p>\n\n\n\n<p>Con\u0163inutul acestui material nu reprezint\u0103 \u00een mod obligatoriu pozi\u0163ia oficial\u0103 a Regatului Norvegiei sau a Guvernului Rom\u00e2niei.<\/p>\n\n\n\n<p>Pentru mai multe detalii despre FRDS \u0219i activitatea Programului Dezvoltare Local\u0103 v\u0103 invit\u0103m s\u0103 accesa\u021bi adresele:<\/p>\n\n\n\n<p><a href=\"https:\/\/dezvoltare-locala.frds.ro\/\" target=\"_blank\" rel=\"noreferrer noopener\">https:\/\/dezvoltare-locala.frds.ro\/https:\/\/dezvoltare-locala.frds.ro\/<\/a> <a href=\"http:\/\/www.frds.ro\" target=\"_blank\" rel=\"noreferrer noopener\">www.frds.ro<\/a><\/p>\n\n\n\n<p>Proiectul S.M.A.R.T. este implementat cu sprijinul financiar al Granturilor Norvegiene \u0219i se deruleaz\u0103 la nivel multiregional pe parcursul a 42 de luni, \u00een parteneriat cu Salvation Army Norway.<\/p>\n","protected":false},"excerpt":{"rendered":"<p>Recenta r\u0103cire a climei \u00een mai multe zone ale \u021b\u0103rii, inclusiv \u00een regiunea Bucure\u0219ti-Ilfov, a impus o interven\u021bii rapide \u0219i sper\u0103m salutar\u0103 \u00een favoarea persoanelor f\u0103r\u0103 ad\u0103post, beneficiare ale proiectului S.M.A.R.T. Unii beneficiari doresc sa mearga in adaposturi, altii prefera sa ramana in strada langa lucrurile pe care le-au adunat. Pentru ajutorarea acestora, echipa noastr\u0103<a class=\"sup-readmore\" href=\"http:\/\/www.houseofeurope.ro\/blog\/armata-salvarii-distribuie-saci-de-dormit-persoanelor-fara-locuinta\/\">Read More<\/a><\/p>\n","protected":false},"author":1,"featured_media":1503,"comment_status":"open","ping_status":"open","sticky":false,"template":"","format":"standard","meta":{"footnotes":""},"categories":[261],"tags":[269],"_links":{"self":[{"href":"http:\/\/www.houseofeurope.ro\/blog\/wp-json\/wp\/v2\/posts\/1502"}],"collection":[{"href":"http:\/\/www.houseofeurope.ro\/blog\/wp-json\/wp\/v2\/posts"}],"about":[{"href":"http:\/\/www.houseofeurope.ro\/blog\/wp-json\/wp\/v2\/types\/post"}],"author":[{"embeddable":true,"href":"http:\/\/www.houseofeurope.ro\/blog\/wp-json\/wp\/v2\/users\/1"}],"replies":[{"embeddable":true,"href":"http:\/\/www.houseofeurope.ro\/blog\/wp-json\/wp\/v2\/comments?post=1502"}],"version-history":[{"count":2,"href":"http:\/\/www.houseofeurope.ro\/blog\/wp-json\/wp\/v2\/posts\/1502\/revisions"}],"predecessor-version":[{"id":1505,"href":"http:\/\/www.houseofeurope.ro\/blog\/wp-json\/wp\/v2\/posts\/1502\/revisions\/1505"}],"wp:featuredmedia":[{"embeddable":true,"href":"http:\/\/www.houseofeurope.ro\/blog\/wp-json\/wp\/v2\/media\/1503"}],"wp:attachment":[{"href":"http:\/\/www.houseofeurope.ro\/blog\/wp-json\/wp\/v2\/media?parent=1502"}],"wp:term":[{"taxonomy":"category","embeddable":true,"href":"http:\/\/www.houseofeurope.ro\/blog\/wp-json\/wp\/v2\/categories?post=1502"},{"taxonomy":"post_tag","embeddable":true,"href":"http:\/\/www.houseofeurope.ro\/blog\/wp-json\/wp\/v2\/tags?post=1502"}],"curies":[{"name":"wp","href":"https:\/\/api.w.org\/{rel}","templated":true}]}}