{"id":1533,"date":"2023-07-04T10:18:46","date_gmt":"2023-07-04T08:18:46","guid":{"rendered":"https:\/\/www.houseofeurope.ro\/blog\/?p=1533"},"modified":"2023-07-04T10:18:46","modified_gmt":"2023-07-04T08:18:46","slug":"noile-oportunitati-de-dezvoltare-sustenabila-prin-inovare-inteligenta-in-bazinul-dunarii-marea-neagra","status":"publish","type":"post","link":"http:\/\/www.houseofeurope.ro\/blog\/noile-oportunitati-de-dezvoltare-sustenabila-prin-inovare-inteligenta-in-bazinul-dunarii-marea-neagra\/","title":{"rendered":"Noile oportunit\u0103\u021bi de dezvoltare sustenabil\u0103 prin inovare inteligent\u0103 \u00een Bazinul Dun\u0103rii \u2013 Marea Neagr\u0103"},"content":{"rendered":"\n<p><strong><em>~ Sumar Executiv al Forumului cu ocazia Zilei Maritime Europene \u00een Rom\u00e2nia \u0219i Zilei Interna\u021bionale a Dun\u0103rii (Bucure\u0219ti, 29 iunie 2023) ~<\/em><\/strong><\/p>\n\n\n\n<p>Sub egida Comisiei Europene \u2013 DG MARE, precum \u0219i \u00een cooperare cu \u00a0<strong>Centre Europ\u00e9en Robert Schuman in Scy-Chazelles<\/strong>\u00a0(Fran\u021ba) \u0219i cu sprijinul\u00a0<strong>Programului European\u00a0\u201eCitizens, equality, rights and values \u2013 CERV\u201d<\/strong>, \u00een data de 29 iunie 2023, la sediul Consiliului Consultativ al Strategiei UE pentru Regiunea Dun\u0103rii (SUERD) al MAE, coordonat executiv de USH Pro Business , \u00een contextul marc\u0103rii\u00a0<strong>Zilei Maritime Europene \u00een Rom\u00e2nia<\/strong>, precum \u0219i a\u00a0<strong>Zilei Interna\u021bionale a Dun\u0103rii<\/strong>, a avut loc dezbaterea \u0219i adoptarea prin consens de c\u0103tre participan\u021bii din partea societ\u0103\u021bii civile a\u00a0<strong>Foii de Parcurs<\/strong>\u00a0privind dezvoltarea durabil\u0103 \u0219i incluziv\u0103 prin interconectarea dintre Rin, Dun\u0103re \u0219i Bazinul M\u0103rii Negre prin Portul Constan\u021ba. Ini\u021biatorul principal \u0219i promotorul acesteia este\u00a0<strong>Catedra Interna\u021bional\u0103 Onorific\u0103 \u201dJean Bart\u201d<\/strong>\u00a0(CIO-SUERD), fondat\u0103 \u00een 2012, prin parteneriatul dintre Funda\u021bia EUROLINK-Casa Europei \u0219i Academia Rom\u00e2n\u0103, care reprezint\u0103 prima Platform\u0103 de Interna\u021bionalizare a Educa\u021biei \u00een Rom\u00e2nia, focalizat\u0103 concret pe cele mai solicitate specializ\u0103ri de tip interdisciplinar \u00een domenii de v\u00e2rf, combin\u00e2nd toate metodele de \u00eenv\u0103\u021bare, conform recomand\u0103rilor exprese ale UNESCO, Consiliului UE \u0219i Comisiei Europene privind\u00a0<strong><em>\u201dlifelong learning\u201d<\/em><\/strong>: online, live, hibrid, blended learning. Catedra furnizeaz\u0103 de peste un deceniu certific\u0103ri profesionale, recomand\u0103ri \u0219i consiliere specializat\u0103 \u00een domeniile: project management; ESG\/dezvoltare durabil\u0103; servicii medicale \u0219i de asisten\u021b\u0103 social\u0103 integrate; marketing \u0219i promovare a OMD-urilor; economie circular\u0103; dezvoltare \u0219i inovare urban\u0103 \u2013 smart &amp; resilient city; bioeconomie, inovare \u0219i bun\u0103 guvernan\u021b\u0103; diploma\u021bie interna\u021bional\u0103 etc. Totodat\u0103 \u00een parteneriat cu \u201dEuro Market \u201c (Ia\u0219i), \u00a0sunt disponibile cursuri de formare \u00een domeniul DPO, GDPR \u0219i Dezvoltare Durabil\u0103. Coordonarea este asigurat\u0103 de Consiliul \u0218tiin\u021bific Consultativ sub autoritatea academic\u0103 a\u00a0<strong>Prof. Dr. Habil Eric GILDER<\/strong>, actualmente profesor asociat al Catedrei Interna\u021bionale UNESCO a Universit\u0103\u021bii \u201dLucian Blaga\u201d din Sibiu, care a oferit \u0219i o prezentare-pledoarie \u00een favoarea extinderii educa\u021biei alternative pe toat\u0103 durata vie\u021bii pentru adul\u021bi \u0219i \u00een Rom\u00e2nia. \u00a0Coordonatorul General CIO-SUERD este <strong>Prof. Asoc. Sever AVRAM<\/strong>, Comisar Regional Dun\u0103rean, care a \u0219i moderat lucr\u0103rile evenimentului<\/p>\n\n\n\n<p>\u00a0<\/p>\n\n\n\n<p>1. Reuniunea a avut loc cu amabilul sprijin \u0219i \u00een prezen\u021ba reprezentan\u021bilor unor prestigioase organiza\u021bii \u0219i institu\u021bii europene\/rom\u00e2ne\u0219ti, printre care men\u021bion\u0103m: Comisia European\u0103 \u2013 DG MARE \u0219i Reprezentan\u021ba Comisiei Europe \u00een Rom\u00e2nia; World Centre for Excellence of Destinations (CED-Montreal), membru afiliat UNWTO (Organiza\u021bia Mondial\u0103 a Turismului); Funda\u021bia Steinbeis \u2013 Europa (Landul Baden-W\u00fcrttemberg, Germania); Ministerul Afacerilor Externe \u2013 Centrul Euro-Atlantic pentru Rezilien\u021b\u0103 \u0219i Biroul SUERD; Departamentul de Dezvoltare Durabil\u0103 al Guvernului Rom\u00e2niei; Academia Rom\u00e2n\u0103; Universitatea \u201dLucian Blaga\u201d Sibiu; Uniunea Arhitec\u021bilor din Rom\u00e2nia etc.<\/p>\n\n\n\n<p>De la Bruxelles, Directorul General al DG Afaceri Maritime \u0219i Pescuit al Comisiei Europene, Charlina VITCHEVA a adresat \u00een mod special un mesaj oficial de felicit\u0103ri \u0219i ur\u0103ri de succes adresat organizatorilor evenimentului din Rom\u00e2nia. Totodat\u0103, a fost adresat\u0103 invita\u021bia al\u0103tur\u0103rii tuturor stakeholderilor motiva\u021bi s\u0103 se ralieze ini\u021biativei lansate \u00een 2022 de UE \u00een cadrul&nbsp;<strong>Programului Horizon Europe \u201d<em>Restore our Ocean and Waters by 2030<\/em><\/strong><strong>\u201d<\/strong>(Restaurarea Oceanelor \u0219i apelor p\u00e2n\u0103 \u00een 2030), precum \u0219i s\u0103-\u0219i \u00eenscrie proiectele pe platforma dedicat\u0103&nbsp;<strong><em>\u201dSustainable Blue Economy\u201d<\/em><\/strong>&nbsp;(Economie Albastr\u0103 Sustenabil\u0103), consacrat\u0103 domeniilor-cheie de ac\u021biune privind procesul de redresare \u0219i sprijinire a rezilien\u021bei \/ cre\u0219terii albastre \u00een curs de implementare.<\/p>\n\n\n\n<p>Documentul supus dezbaterii, denumit generic&nbsp;<strong>RoadMap<\/strong>&nbsp;(Foaie de Parcurs), propus de societatea civil\u0103\/mediul academic prin&nbsp;<strong>Catedra Interna\u021bional\u0103 Onorific\u0103 Jean Bart\u201d<\/strong>&nbsp;(CIO-SUERD), coordonatoare a re\u021belei Comunit\u0103\u021bilor Locale Riverane Dun\u0103rii din cadrul Consiliului Ora\u0219elor \u0219i Regiunilor Dun\u0103rii (Ulm, Germania), a \u021binut cont de condi\u021biile dramatice speciale, din punct de vedere geo-politic \u0219i economic, \u00een care a avut loc \u0219i acest eveniment, precum \u0219i \u00een marja&nbsp;<strong>Ini\u021biativei celor Trei M\u0103ri<\/strong>, care are \u00een vedere \u00een special viitoarea perioad\u0103 de dup\u0103 \u00eencetarea r\u0103zboiului \u0219i de reconstruc\u021bie vizat\u0103. Plec\u00e2nd at\u00e2t de la \u00eemplinirile, c\u00e2t \u0219i de la componentele \u00eenc\u0103 scadente ale transpunerii \u00een practic\u0103 ale&nbsp;<strong>Agendei Marine \u0219i Maritime UE<\/strong>, a&nbsp;<strong>Ini\u021biativei asupra Cre\u0219terii Albastre<\/strong>&nbsp;pentru cercetare \u0219i inovare la Marea Neagr\u0103, precum \u0219i a realit\u0103\u021bilor geo-economice actuale, a fost formulat un set de 7 solicit\u0103ri \u0219i propuneri concrete viz\u00e2nd completarea \u0219i \u00eembun\u0103t\u0103\u021birea cadrului legislativ \u0219i administrativ din Rom\u00e2nia; recentrarea abord\u0103rii asupra coridoarelor interne ale afluen\u021bilor Dun\u0103rii prin m\u0103suri inteligente privind navigabilitatea, turismul, conservarea biodiversit\u0103\u021bii, promovarea brandurilor ospitalit\u0103\u021bii de excelen\u021b\u0103 prin OMD, digitalizarea etc.; inovarea urban\u0103 incluziv\u0103 prin planificare teritorial\u0103, standardizare urban\u0103 \u0219i guvernan\u021b\u0103 participativ\u0103 de tip multinivel; reintegrarea Portului \u0219i a Municipiului Constan\u021ba ca zon\u0103 fanion \u00een favoarea interconect\u0103rii cu zona Rinului \u2013 Bazinului Superior al Dun\u0103rii; trecerea la abordarea incluziv\u0103 privind reducerea decalajelor sociale prin cre\u0219terea gradului de inovare, transparen\u021b\u0103 decizional\u0103 \u0219i combatere a corup\u021biei; reg\u00e2ndirea mai pragmatic\u0103 a planific\u0103rii \u0219i cooper\u0103rii teritoriale, \u00eendeosebi prin proiecte transna\u021bionale de tip \u201dhard\u201d \u00een favoarea cre\u0219terii, stabilit\u0103\u021bii \u0219i prosperit\u0103\u021bii cet\u0103\u021benilor. &nbsp;&nbsp;&nbsp;<\/p>\n\n\n\n<p>Pe de alt\u0103 parte, at\u00e2t reprezentantul Consiliului Consultativ SUERD, Dr. Costin LIANU, c\u00e2t \u0219i reprezentantul Biroului SUERD al MAE, Dr. Valentin PANAIT, au evocat succint tabloul provoc\u0103rilor \u0219i oportunit\u0103\u021bilor actuale \u0219i de perspectiv\u0103 imediat\u0103 str\u00e2ns legate de procesul implement\u0103rii Strategiei Dun\u0103rii \u00een cursul Pre\u0219edin\u021biei Sloveniei, precum \u0219i din perspectiva orient\u0103rilor prefigurate prin preluarea din octombrie 2023 a Pre\u0219edin\u021biei SUERD de c\u0103tre Austria, stat co-fondator \u00een domeniu, al\u0103turi de Rom\u00e2nia. \u00cen acela\u0219i context au fost evocate drept bune practici proiectele de cercetare\/inovare cu puternic impact economic \u0219i antreprenorial gestionate at\u00e2t de USH Pro Business, c\u00e2t \u0219i, pe de alt\u0103 parte, de consor\u021biul coordonat de Funda\u021bia Steinbeis, din care face parte \u0219i Institutul Deltei Dun\u0103rii din Tulcea.<\/p>\n\n\n\n<p><\/p>\n\n\n\n<p>2. La finalul evenimentului, a avut loc o scurt\u0103 ceremonie festiv\u0103 prin care au fost conferite unor organiza\u021bii \u0219i personalit\u0103\u021bi\u00a0<strong>Titlul \u0219i Diploma Special\u0103 de Excelen\u021b\u0103 \u201dBlack Sea-Danubian Social &amp; Economic Innovator\u201d<\/strong>\u00a0pentru realiz\u0103rile deosebite ale acestora \u00een diverse arii de expertiz\u0103 \u0219i ac\u021biune:\u00a0<strong>Maria \u021aOGHIN\u0102<\/strong>, realizator \u201dServiciul de Noapte\u201d \u2013 Radio Rom\u00e2nia Actualit\u0103\u021bi;\u00a0<strong>Drago\u0219 Cosmin Lucian PREDA<\/strong>, fost Secretar de Stat\/Expert \u00een domeniul comunica\u021biilor; Portalul\u00a0<strong>CaleaEuropeana.ro<\/strong>; Claudiu VU\u021a\u0102, coordonatorul \u201dProject-E\u201d (partener DW Rom\u00e2nia);\u00a0<strong>Black Sea Maritime CyberSecurity Centre<\/strong>\u00a0al Universit\u0103\u021bii Maritime Constan\u021ba;\u00a0<strong>C\u0103lin George SILA\u0218<\/strong>\u00a0\u2013 \u201dBanking Timi\u0219oara\u201d;\u00a0<strong>The CSR Agency<\/strong>;\u00a0<strong>Vladimir MITEV<\/strong>\u00a0\u2013 \u201dBridge of Friendship\u201d (Sofia). \u00a0\u00a0\u00a0\u00a0\u00a0<\/p>\n\n\n\n<p>Consor\u021biului Organizatoric al evenimentului:&nbsp;<strong>Funda\u021bia EUROLINK \u2013 Casa Europei<\/strong>, Membr\u0103 EUNET \u2013 European Network for Education &amp; Training,&nbsp;<strong>Catedra Interna\u021bional\u0103 Onorific\u0103 \u201dJean Bart\u201d \u00een sprijinul Strategiei UE pentru Regiunea Dun\u0103rii<\/strong>&nbsp;(CIO-SUERD),&nbsp;<strong>Reprezentan\u021ba Dun\u0103re-Marea Neagr\u0103 a World Centre for Excellence of Destinations<\/strong>, membru afiliat UNWTO \u2013 Organiza\u021bia Mondial\u0103 a Turismului,&nbsp;<strong>USH Pro Business<\/strong>,&nbsp;<strong>Funda\u021bia Rom\u00e2nia de M\u00e2ine \u2013 Universitatea Spiru Haret<\/strong>.&nbsp;&nbsp;<\/p>\n\n\n\n<p><strong>Parteneri Media Asocia\u021bi&nbsp;<\/strong>ai Catedrei Interna\u021bionale \u201dJean Bart\u201d<strong>:<\/strong>&nbsp;Agen\u021bia Na\u021bional\u0103 de Pres\u0103 AGERPRES, Radio7, Opinia Na\u021bional\u0103, Juridice.ro.&nbsp;<strong>Parteneri Media:<\/strong>&nbsp;Finantare.ro, CaleaEuropeana.ro, PRwave.ro, Comunica\u021bii Mobile, CalendarEvenimente.ro, ComunicateMedia.ro, Tribuna Economica, BrandInfo.ro, SmartFinancial.ro, 24PHarte.ro, \u201eDanubius infolio\u201d, Tomisul Cultural, Buletin Dun\u0103rean.<\/p>\n\n\n\n<p>Textul integral al&nbsp;<strong>Foii de Parcurs&nbsp;<\/strong>poate fi consultat pe siteul&nbsp;<a href=\"http:\/\/ciosuerd.houseofeurope.ro\/\">http:\/\/ciosuerd.houseofeurope.ro\/<\/a><\/p>\n\n\n\n<p>Pentru conformitate,<\/p>\n\n\n\n<p>Secretariatul Tehnic CIO-SUERD \u201dJean Bart\u201d<\/p>\n\n\n\n<p>c\/o EUROLINK-Casa Europei<\/p>\n\n\n\n<p>Bucure\u0219ti, 30 iunie 2023<\/p>\n","protected":false},"excerpt":{"rendered":"<p>~ Sumar Executiv al Forumului cu ocazia Zilei Maritime Europene \u00een Rom\u00e2nia \u0219i Zilei Interna\u021bionale a Dun\u0103rii (Bucure\u0219ti, 29 iunie 2023) ~ Sub egida Comisiei Europene \u2013 DG MARE, precum \u0219i \u00een cooperare cu \u00a0Centre Europ\u00e9en Robert Schuman in Scy-Chazelles\u00a0(Fran\u021ba) \u0219i cu sprijinul\u00a0Programului European\u00a0\u201eCitizens, equality, rights and values \u2013 CERV\u201d, \u00een data de 29 iunie<a class=\"sup-readmore\" href=\"http:\/\/www.houseofeurope.ro\/blog\/noile-oportunitati-de-dezvoltare-sustenabila-prin-inovare-inteligenta-in-bazinul-dunarii-marea-neagra\/\">Read More<\/a><\/p>\n","protected":false},"author":1,"featured_media":1535,"comment_status":"open","ping_status":"open","sticky":true,"template":"","format":"standard","meta":{"footnotes":""},"categories":[261],"tags":[276,271],"_links":{"self":[{"href":"http:\/\/www.houseofeurope.ro\/blog\/wp-json\/wp\/v2\/posts\/1533"}],"collection":[{"href":"http:\/\/www.houseofeurope.ro\/blog\/wp-json\/wp\/v2\/posts"}],"about":[{"href":"http:\/\/www.houseofeurope.ro\/blog\/wp-json\/wp\/v2\/types\/post"}],"author":[{"embeddable":true,"href":"http:\/\/www.houseofeurope.ro\/blog\/wp-json\/wp\/v2\/users\/1"}],"replies":[{"embeddable":true,"href":"http:\/\/www.houseofeurope.ro\/blog\/wp-json\/wp\/v2\/comments?post=1533"}],"version-history":[{"count":1,"href":"http:\/\/www.houseofeurope.ro\/blog\/wp-json\/wp\/v2\/posts\/1533\/revisions"}],"predecessor-version":[{"id":1536,"href":"http:\/\/www.houseofeurope.ro\/blog\/wp-json\/wp\/v2\/posts\/1533\/revisions\/1536"}],"wp:featuredmedia":[{"embeddable":true,"href":"http:\/\/www.houseofeurope.ro\/blog\/wp-json\/wp\/v2\/media\/1535"}],"wp:attachment":[{"href":"http:\/\/www.houseofeurope.ro\/blog\/wp-json\/wp\/v2\/media?parent=1533"}],"wp:term":[{"taxonomy":"category","embeddable":true,"href":"http:\/\/www.houseofeurope.ro\/blog\/wp-json\/wp\/v2\/categories?post=1533"},{"taxonomy":"post_tag","embeddable":true,"href":"http:\/\/www.houseofeurope.ro\/blog\/wp-json\/wp\/v2\/tags?post=1533"}],"curies":[{"name":"wp","href":"https:\/\/api.w.org\/{rel}","templated":true}]}}