{"id":1540,"date":"2023-07-25T09:24:29","date_gmt":"2023-07-25T07:24:29","guid":{"rendered":"https:\/\/www.houseofeurope.ro\/blog\/?p=1540"},"modified":"2023-07-25T09:24:29","modified_gmt":"2023-07-25T07:24:29","slug":"furnizarea-integrata-a-serviciilor-social-medicale-de-la-cosmetizarea-de-fatada-la-reformarea-pragmatica-a-sistemului-de-management","status":"publish","type":"post","link":"http:\/\/www.houseofeurope.ro\/blog\/furnizarea-integrata-a-serviciilor-social-medicale-de-la-cosmetizarea-de-fatada-la-reformarea-pragmatica-a-sistemului-de-management\/","title":{"rendered":"Furnizarea integrat\u0103 a serviciilor social-medicale \u2013 de la cosmetizarea de fa\u021bad\u0103 la reformarea pragmatic\u0103 a sistemului de management"},"content":{"rendered":"\n<p>V\u0103 invit\u0103m s\u0103 consulta\u021bi un articol preluat de pe Platforma <a href=\"https:\/\/project-e.ro\/2023\/07\/23\/calitatea-serviciilor-medicale-furnizarea-integrata-a-serviciilor-social-medicale\/\" target=\"_blank\" rel=\"noreferrer noopener\">Project-E<\/a>, referitor la oportunit\u0103\u021bile privind reformarea serviciilor integrate de asisten\u021b\u0103 medical-social\u0103 \u00een contextul PNRR.<\/p>\n","protected":false},"excerpt":{"rendered":"<p>V\u0103 invit\u0103m s\u0103 consulta\u021bi un articol preluat de pe Platforma Project-E, referitor la oportunit\u0103\u021bile privind reformarea serviciilor integrate de asisten\u021b\u0103 medical-social\u0103 \u00een contextul PNRR.<\/p>\n","protected":false},"author":1,"featured_media":1305,"comment_status":"open","ping_status":"open","sticky":true,"template":"","format":"standard","meta":{"footnotes":""},"categories":[8],"tags":[],"_links":{"self":[{"href":"http:\/\/www.houseofeurope.ro\/blog\/wp-json\/wp\/v2\/posts\/1540"}],"collection":[{"href":"http:\/\/www.houseofeurope.ro\/blog\/wp-json\/wp\/v2\/posts"}],"about":[{"href":"http:\/\/www.houseofeurope.ro\/blog\/wp-json\/wp\/v2\/types\/post"}],"author":[{"embeddable":true,"href":"http:\/\/www.houseofeurope.ro\/blog\/wp-json\/wp\/v2\/users\/1"}],"replies":[{"embeddable":true,"href":"http:\/\/www.houseofeurope.ro\/blog\/wp-json\/wp\/v2\/comments?post=1540"}],"version-history":[{"count":1,"href":"http:\/\/www.houseofeurope.ro\/blog\/wp-json\/wp\/v2\/posts\/1540\/revisions"}],"predecessor-version":[{"id":1541,"href":"http:\/\/www.houseofeurope.ro\/blog\/wp-json\/wp\/v2\/posts\/1540\/revisions\/1541"}],"wp:featuredmedia":[{"embeddable":true,"href":"http:\/\/www.houseofeurope.ro\/blog\/wp-json\/wp\/v2\/media\/1305"}],"wp:attachment":[{"href":"http:\/\/www.houseofeurope.ro\/blog\/wp-json\/wp\/v2\/media?parent=1540"}],"wp:term":[{"taxonomy":"category","embeddable":true,"href":"http:\/\/www.houseofeurope.ro\/blog\/wp-json\/wp\/v2\/categories?post=1540"},{"taxonomy":"post_tag","embeddable":true,"href":"http:\/\/www.houseofeurope.ro\/blog\/wp-json\/wp\/v2\/tags?post=1540"}],"curies":[{"name":"wp","href":"https:\/\/api.w.org\/{rel}","templated":true}]}}