{"id":1543,"date":"2023-08-15T08:49:31","date_gmt":"2023-08-15T06:49:31","guid":{"rendered":"https:\/\/www.houseofeurope.ro\/blog\/?p=1543"},"modified":"2023-08-15T10:31:20","modified_gmt":"2023-08-15T08:31:20","slug":"campanie-nationala-reformarea-asistentei-sociale-medicale","status":"publish","type":"post","link":"http:\/\/www.houseofeurope.ro\/blog\/campanie-nationala-reformarea-asistentei-sociale-medicale\/","title":{"rendered":"Campanie na\u021bional\u0103 a societ\u0103\u021bii civile pentru reformarea asisten\u021bei sociale \u0219i medicale"},"content":{"rendered":"\n<p>Vre\u021bi s\u0103 v\u0103 debarasa\u021bi complet de grijile legate de punerea integral \u00een acord&nbsp; cu <strong>noua legisla\u021bie<\/strong> \u0219i cu <strong>rigorile administrative<\/strong> care sunt sau vor fi \u00een curand \u00een vigoare pentru toate tipurile de <strong>centre de ocrotire social\u0103<\/strong>? Dori\u021bi s\u0103 v\u0103 racorda\u021bi la transform\u0103rile obligatorii necesare reform\u0103rii\/moderniz\u0103rii sistemului de <strong>servicii integrate medicale \u0219i sociale<\/strong> pentru toate grupurile \u021bint\u0103&nbsp; vulnerabile?<\/p>\n\n\n\n<p>Lua\u021bi \u00een considerare o <a href=\"http:\/\/ciosuerd.houseofeurope.ro\/expert-ue-in-managementul-serviciilor-comunitare-integrate-de-asistenta-sociala\/\" data-type=\"link\" data-id=\"http:\/\/ciosuerd.houseofeurope.ro\/expert-ue-in-managementul-serviciilor-comunitare-integrate-de-asistenta-sociala\/\">certificare interna\u021bional\u0103 flexibil\u0103 online\/hibrid<\/a>, indiferent dac\u0103 v\u0103 afla\u021bi \u00een Rom\u00e2nia sau \u00een Diaspora, pentru a \u00eentruni condi\u021biile\/exigen\u021bele solicitate \u0219i de a putea fi remunera\u021bi la justa Dvs. valoare?<\/p>\n\n\n\n<p>Parteneriatul func\u021bional, \u00eenc\u0103 din toamna lui 2019, \u00eentre <strong>Departamentul de Consiliere \u0219i Sprijin pentru furnizarea Serviciilor de Asisten\u021b\u0103 Social\u0103 (SAS)<\/strong> \u0219i <strong><a href=\"http:\/\/ciosuerd.houseofeurope.ro\/\" data-type=\"link\" data-id=\"http:\/\/ciosuerd.houseofeurope.ro\/\">Catedrala Interna\u021bional\u0103 \u201dJean Bart\u201d<\/a> (CIO-SUERD) <\/strong>reprezint\u0103 cheia la toate aceste a\u0219tept\u0103ri, iar omologarea experien\u021bei este validat\u0103 at\u00e2t prin <strong>Certificat de Absolvire<\/strong>, prin <strong>Anexa de Studii<\/strong> detaliat\u0103 asupra comportamentului \u0219i abilit\u0103\u021bilor-cheie, <strong>Scrisoarea de Recomandare Oficial\u0103<\/strong> c\u0103tre angajatorii viza\u021bi, c\u00e2t \u0219i prin <strong>acompanierea \u0219i<\/strong> <strong>consilierea<\/strong> potrivit\u0103 p\u00e2n\u0103 la ob\u021binerea garantat\u0103 a succesului deplin.<\/p>\n\n\n\n<p>Programul deschis permanent afilierii este disponibil \u0219i girat interna\u021bional at\u00e2t prin <strong>Consiliul Stiintific \u0219i Consultativ CIO-SUERD<\/strong>,c\u00e2t \u0219i prin prestigioasele parteneriate \u0219i programe \u00een ac\u021biune \u00eencheiate cu <strong>Organiza\u021bii \u0219i Re\u021bele Interna\u021bionale<\/strong> precum Consiliul Ora\u0219elor \u0219i Regiunilor Dun\u0103rii (Ulm\/Viena), EUNET (Strasbourg\/Bonn), EUROMED (Bruxelles\/Alexandria-Egipt), Re\u021beaua CLDR &#8211; Comunit\u0103\u021bile Locale Riverine Dun\u0103rii, <a href=\"http:\/\/ciosuerd.houseofeurope.ro\/reteaua-profex\/\" data-type=\"link\" data-id=\"http:\/\/ciosuerd.houseofeurope.ro\/reteaua-profex\/\">Re\u021beaua Na\u021bional\u0103 PROFEX<\/a>, World Centre of Excellence for Destinations &#8211; CED (Montreal).<\/p>\n","protected":false},"excerpt":{"rendered":"<p>Vre\u021bi s\u0103 v\u0103 debarasa\u021bi complet de grijile legate de punerea integral \u00een acord&nbsp; cu noua legisla\u021bie \u0219i cu rigorile administrative care sunt sau vor fi \u00een curand \u00een vigoare pentru toate tipurile de centre de ocrotire social\u0103? Dori\u021bi s\u0103 v\u0103 racorda\u021bi la transform\u0103rile obligatorii necesare reform\u0103rii\/moderniz\u0103rii sistemului de servicii integrate medicale \u0219i sociale pentru toate<a class=\"sup-readmore\" href=\"http:\/\/www.houseofeurope.ro\/blog\/campanie-nationala-reformarea-asistentei-sociale-medicale\/\">Read More<\/a><\/p>\n","protected":false},"author":1,"featured_media":1050,"comment_status":"open","ping_status":"open","sticky":true,"template":"","format":"standard","meta":{"footnotes":""},"categories":[8],"tags":[],"_links":{"self":[{"href":"http:\/\/www.houseofeurope.ro\/blog\/wp-json\/wp\/v2\/posts\/1543"}],"collection":[{"href":"http:\/\/www.houseofeurope.ro\/blog\/wp-json\/wp\/v2\/posts"}],"about":[{"href":"http:\/\/www.houseofeurope.ro\/blog\/wp-json\/wp\/v2\/types\/post"}],"author":[{"embeddable":true,"href":"http:\/\/www.houseofeurope.ro\/blog\/wp-json\/wp\/v2\/users\/1"}],"replies":[{"embeddable":true,"href":"http:\/\/www.houseofeurope.ro\/blog\/wp-json\/wp\/v2\/comments?post=1543"}],"version-history":[{"count":2,"href":"http:\/\/www.houseofeurope.ro\/blog\/wp-json\/wp\/v2\/posts\/1543\/revisions"}],"predecessor-version":[{"id":1546,"href":"http:\/\/www.houseofeurope.ro\/blog\/wp-json\/wp\/v2\/posts\/1543\/revisions\/1546"}],"wp:featuredmedia":[{"embeddable":true,"href":"http:\/\/www.houseofeurope.ro\/blog\/wp-json\/wp\/v2\/media\/1050"}],"wp:attachment":[{"href":"http:\/\/www.houseofeurope.ro\/blog\/wp-json\/wp\/v2\/media?parent=1543"}],"wp:term":[{"taxonomy":"category","embeddable":true,"href":"http:\/\/www.houseofeurope.ro\/blog\/wp-json\/wp\/v2\/categories?post=1543"},{"taxonomy":"post_tag","embeddable":true,"href":"http:\/\/www.houseofeurope.ro\/blog\/wp-json\/wp\/v2\/tags?post=1543"}],"curies":[{"name":"wp","href":"https:\/\/api.w.org\/{rel}","templated":true}]}}