{"id":1573,"date":"2024-02-01T12:51:38","date_gmt":"2024-02-01T10:51:38","guid":{"rendered":"https:\/\/www.houseofeurope.ro\/blog\/?p=1573"},"modified":"2024-02-01T12:51:38","modified_gmt":"2024-02-01T10:51:38","slug":"oferta-de-sprijin-privind-furnizarea-integrata-a-serviciilor-sociale-si-medicale","status":"publish","type":"post","link":"http:\/\/www.houseofeurope.ro\/blog\/oferta-de-sprijin-privind-furnizarea-integrata-a-serviciilor-sociale-si-medicale\/","title":{"rendered":"Ofert\u0103 de sprijin privind furnizarea integrat\u0103 a serviciilor sociale \u0219i medicale"},"content":{"rendered":"\n<h2 class=\"wp-block-heading\">Sesiunea CIO-SUERD: februarie-aprilie 2024<\/h2>\n\n\n\n<p>\u00cen Rom\u00e2nia, \u0219i \u00een urma revela\u021biilor de pres\u0103 din vara anului trecut, ne afl\u0103m \u00een pragul adopt\u0103rii unei noi legisla\u021bii privind reformarea furniz\u0103rii serviciilor sociale \u0219i medicale, \u00een special sub presiunea cerin\u021belor exprese cuprinse \u00een PNRR. Acestea se refer\u0103 cu predilec\u021bie la necesitatea unei abord\u0103ri moderne \u0219i inovative, considerat\u0103 holistic-integrativ\u0103, care s\u0103 permit\u0103 \u00eenfiin\u021barea \u0219i opera\u021bionalizarea mai ales a <strong>noilor centre de servicii integrate social-medicale<\/strong>, a\u0219a cum, l\u00e2ng\u0103 TImi\u0219oara, a \u0219i fost deschis primul dintre ele. De altfel, noutatea deriv\u0103 \u0219i din faptul c\u0103 o parte substan\u021bial\u0103 a coordon\u0103rii metodologice a tipului de furnizare a acestor servicii urmeaz\u0103 s\u0103 treac\u0103 c\u0103tre cultele religioase \u0219i organiza\u021biile relevante ale societ\u0103\u021bii civile \u00een domeniu. Implicit, transform\u0103rile vor viza <strong>sistemul de management \u0219i modalit\u0103\u021bile de finan\u021bare<\/strong> ale noilor obiective care necesit\u0103 \u0219i utilizarea altor finan\u021b\u0103ri\/granturi de tipul celor UE, norvegiene, elve\u021biene etc.<\/p>\n\n\n\n<p>\u00cen acest sens, \u00eenc\u0103 din anul 2022, <strong>Catedra Interna\u021bional\u0103 Onorific\u0103 \u201dJean Bart\u201d (CIO-SUERD)<\/strong>, platform\u0103 de interna\u021bionalizare a Educa\u021biei, fondat\u0103 \u00een parteneriat \u0219i cu amabilul sprijin al <strong>Academiei Rom\u00e2ne<\/strong> de c\u0103tre <strong>EUROLINK \u2013 House of Europe<\/strong>, a declan\u0219at o campanie na\u021bional\u0103 de con\u0219tientizare propun\u00e2nd parteneriate sau colabor\u0103ri care s\u0103 anticipeze c\u00e2t mai din timp schimb\u0103rile structurale pe care at\u00e2t serviciile medicale, c\u00e2t \u0219i cele de asisten\u021b\u0103 social\u0103 le au de \u00eentreprins, inclusiv prin cooperarea sau stagiile profesionale ale practicienilor \u00een alte State Membre UE.<\/p>\n\n\n\n<p>Astfel, <strong>programul complet de formare, certificare, recomandare \u0219i ghidaj personalizat <\/strong>p\u00e2n\u0103 la succesul deplin al celor motiva\u021bi s\u0103 se implice \u0219i s\u0103 \u00eembr\u0103\u021bi\u0219eze o asemenea carier\u0103 de viitor, s-a dovedit util \u0219i stimulativ pentru reprezentan\u021bi profesionali din diverse domenii de competen\u021b\u0103, inclusiv din management, \u00een vederea alinierii flexibile \u0219i c\u00e2t mai rapide la noile standarde impuse de anvergura procesului \u00een curs.<\/p>\n\n\n\n<p>Important de men\u021bionat este c\u0103 programul <strong>\u201dExpert UE \u00een Managementul Serviciilor Comunitare Integrate de Asisten\u021b\u0103 Social\u0103 &amp; Medical\u0103\u201d <\/strong>a fost \u0219i va fi \u0219i \u00een viitor accesibil \u00een format online, hibrid sau chiar live, \u00een func\u021bie de disponibilitatea \u0219i specificul nevoilor noilor grupe de cursan\u021bi. Structura urmeaz\u0103 riguros sistemul <strong><em>\u201dlifelong learning\u201d<\/em><\/strong> (\u00eenv\u0103\u021barea pe \u00eentreg parcursul vie\u021bii) promovat \u0219i recomandat at\u00e2t de UNESCO, c\u00e2t \u0219i de Consiliul UE, inclus acum \u0219i \u00een noua Lege a Educa\u021biei nr 199\/2023.<\/p>\n\n\n\n<p>Cursurile se desf\u0103\u0219oar\u0103 online \u00een perioada lunilor<strong> februarie &#8211; aprilie 2024<\/strong>, incluz\u00e2nd ore de curs plus consiliere personalizat\u0103 live sau online (la cerere), prin intermediul unei platforme educa\u021bionale, accesibil\u0103 oric\u0103rui cursant \u00een mod flexibil. Participan\u021bii primesc, \u00een urma evalu\u0103rii finale, <strong>Certificat de Absolvire <\/strong>cu Anexa detaliat\u0103 incluz\u00e2nd competen\u021bele \u0219i abilit\u0103\u021bile vizate \u0219i modalitatea de evaluare, eliberat de Catedra Interna\u021bionala Onorific\u0103 \u201eJean Bart\u201d CIO-SUERD, al c\u0103rei Coordonator \u0218tiin\u021bific este Prof. univ. dr. habil Eric GILDER. De asemenea, programul se bucur\u0103 de colaborarea ini\u021biat\u0103 cu <strong>Cabinetul Asociat CNASR Asisten\u021b\u0103 Social\u0103 \u201dElena BR\u00c2NZEA\u201d<\/strong>, precum \u0219i <strong>Asocia\u021bia \u201dMaria de Mangop\u201d<\/strong>.<\/p>\n\n\n\n<p>Pentru detalii suplimentare, cei interesa\u021bi sunt invita\u021bi s\u0103 consulte siteul: <strong><a href=\"https:\/\/ciosuerd.houseofeurope.ro\" target=\"_blank\" rel=\"noreferrer noopener\">https:\/\/ciosuerd.houseofeurope.ro<\/a><\/strong>.<\/p>\n\n\n\n<p>Cu ur\u0103rile noastre de deplin succes,<br>Prof. Asoc. Sever AVRAM<br>Coordonator General CIO-SUERD \u201dJean Bart\u201d<\/p>\n\n\n\n<p>Prof. Sandu ZAMFIRESCU<br>Secretar General EUROLINK-Casa Europei<\/p>\n","protected":false},"excerpt":{"rendered":"<p>Sesiunea CIO-SUERD: februarie-aprilie 2024 \u00cen Rom\u00e2nia, \u0219i \u00een urma revela\u021biilor de pres\u0103 din vara anului trecut, ne afl\u0103m \u00een pragul adopt\u0103rii unei noi legisla\u021bii privind reformarea furniz\u0103rii serviciilor sociale \u0219i medicale, \u00een special sub presiunea cerin\u021belor exprese cuprinse \u00een PNRR. Acestea se refer\u0103 cu predilec\u021bie la necesitatea unei abord\u0103ri moderne \u0219i inovative, considerat\u0103 holistic-integrativ\u0103, care<a class=\"sup-readmore\" href=\"http:\/\/www.houseofeurope.ro\/blog\/oferta-de-sprijin-privind-furnizarea-integrata-a-serviciilor-sociale-si-medicale\/\">Read More<\/a><\/p>\n","protected":false},"author":1,"featured_media":1574,"comment_status":"open","ping_status":"open","sticky":true,"template":"","format":"standard","meta":{"footnotes":""},"categories":[261,8],"tags":[277,119,143],"_links":{"self":[{"href":"http:\/\/www.houseofeurope.ro\/blog\/wp-json\/wp\/v2\/posts\/1573"}],"collection":[{"href":"http:\/\/www.houseofeurope.ro\/blog\/wp-json\/wp\/v2\/posts"}],"about":[{"href":"http:\/\/www.houseofeurope.ro\/blog\/wp-json\/wp\/v2\/types\/post"}],"author":[{"embeddable":true,"href":"http:\/\/www.houseofeurope.ro\/blog\/wp-json\/wp\/v2\/users\/1"}],"replies":[{"embeddable":true,"href":"http:\/\/www.houseofeurope.ro\/blog\/wp-json\/wp\/v2\/comments?post=1573"}],"version-history":[{"count":1,"href":"http:\/\/www.houseofeurope.ro\/blog\/wp-json\/wp\/v2\/posts\/1573\/revisions"}],"predecessor-version":[{"id":1575,"href":"http:\/\/www.houseofeurope.ro\/blog\/wp-json\/wp\/v2\/posts\/1573\/revisions\/1575"}],"wp:featuredmedia":[{"embeddable":true,"href":"http:\/\/www.houseofeurope.ro\/blog\/wp-json\/wp\/v2\/media\/1574"}],"wp:attachment":[{"href":"http:\/\/www.houseofeurope.ro\/blog\/wp-json\/wp\/v2\/media?parent=1573"}],"wp:term":[{"taxonomy":"category","embeddable":true,"href":"http:\/\/www.houseofeurope.ro\/blog\/wp-json\/wp\/v2\/categories?post=1573"},{"taxonomy":"post_tag","embeddable":true,"href":"http:\/\/www.houseofeurope.ro\/blog\/wp-json\/wp\/v2\/tags?post=1573"}],"curies":[{"name":"wp","href":"https:\/\/api.w.org\/{rel}","templated":true}]}}