{"id":1578,"date":"2024-09-21T10:37:51","date_gmt":"2024-09-21T08:37:51","guid":{"rendered":"https:\/\/www.houseofeurope.ro\/blog\/?p=1578"},"modified":"2024-09-21T10:43:13","modified_gmt":"2024-09-21T08:43:13","slug":"suport-accesibil-noilor-specialisti-esg","status":"publish","type":"post","link":"http:\/\/www.houseofeurope.ro\/blog\/suport-accesibil-noilor-specialisti-esg\/","title":{"rendered":"Consiliere &#038; suport de acum accesibil online noilor speciali\u0219ti ESG"},"content":{"rendered":"\n<p>Noua ini\u021biativ\u0103 a CIO-SUERD \u201dJean Bart\u201d, \u00een cooperare cu&nbsp;<strong>Alian\u021ba Profesional\u0103 a Brand Ambasadorilor \u0219i Liderilor Competitivit\u0103\u021bii Sustenabile<\/strong>, aspir\u0103 s\u0103 ofere tuturor celor implica\u021bi \u00een procesul global al \u201d<em><strong>Revolu\u021biei Verzi<\/strong><\/em>\u201d din cele mai diverse domenii c\u00e2t mai multe nout\u0103\u021bi relevante privind evolu\u021biile institu\u021bionale \u0219i practice ale procesului \u00een curs, precum \u0219i exemple de bune practici, ini\u021biative pilot \u0219i oportunit\u0103\u021bi de carier\u0103 \u00een favoarea num\u0103rului mereu cresc\u00e2nd de exper\u021bi \u00een noua abordare asupra guvernan\u021bei sustenabilit\u0103\u021bii corporative (ESG).<\/p>\n\n\n\n<p>Un accent special va fi pus pe desf\u0103\u0219ur\u0103rile din Rom\u00e2nia pe linia at\u00e2t a armoniz\u0103rii legislative \u0219i procedurale \u00een raport cu reglement\u0103rile UE, c\u00e2t \u0219i pe exemplele concrete privind schimb\u0103rile, obstacolele \u0219i succesele repurtate \u00een cadrul acestui demers european \u0219i global.<\/p>\n\n\n\n<h3 class=\"wp-block-heading\"><strong>NOU! Lansarea Monitorului European ESG&nbsp;&nbsp;<\/strong><\/h3>\n\n\n\n<p>Este disponibil ACUM, \u00een versiunea integral\u0103, primul num\u0103r al publica\u021biei online \u201dMonitorul European ESG\u201d, \u00een beneficiul participan\u021bilor la programul CIO-SUERD.<\/p>\n\n\n\n<ul>\n<li>Noua paradigm\u0103 \u00een curs pentru rapoartele de audit ESG<\/li>\n\n\n\n<li>ESG deschide, \u00een paralel, excelente oportunit\u0103\u021bi de carier\u0103<\/li>\n\n\n\n<li>Cea dint\u00e2i S\u0103pt\u0103m\u00e2n\u0103 Verde UE 2024<\/li>\n\n\n\n<li>O conectare mai intens\u0103 \u00eentre problemele schimb\u0103rilor climatice \u0219i tranzi\u021bia energetic\u0103 \u00een cadrul UE<\/li>\n\n\n\n<li>Evolu\u021bii majore \u00een domeniul energiei eoliene<\/li>\n\n\n\n<li>Und\u0103 verde dat\u0103 reglement\u0103rilor privind componenta raport\u0103rii non-financiare ESG<\/li>\n\n\n\n<li>Romanian ESG Summit \u2013 octombrie 2024<\/li>\n\n\n\n<li>Bonus: Mini-Executive MBA pentru formarea ca Expert &amp; Consultant UE \u00een Managementul Guvernan\u021bei Sustenabilit\u0103\u021bii<\/li>\n<\/ul>\n\n\n\n<p>Pentru mai multe informa\u021bii \u0219i \u00eenscrieri pute\u021bi consulta: <a href=\"https:\/\/ciosuerd.houseofeurope.ro\/expert-esg-dezvoltare-durabila\/\">https:\/\/ciosuerd.houseofeurope.ro\/expert-esg-dezvoltare-durabila\/<\/a>\u00a0<\/p>\n","protected":false},"excerpt":{"rendered":"<p>Noua ini\u021biativ\u0103 a CIO-SUERD \u201dJean Bart\u201d, \u00een cooperare cu&nbsp;Alian\u021ba Profesional\u0103 a Brand Ambasadorilor \u0219i Liderilor Competitivit\u0103\u021bii Sustenabile, aspir\u0103 s\u0103 ofere tuturor celor implica\u021bi \u00een procesul global al \u201dRevolu\u021biei Verzi\u201d din cele mai diverse domenii c\u00e2t mai multe nout\u0103\u021bi relevante privind evolu\u021biile institu\u021bionale \u0219i practice ale procesului \u00een curs, precum \u0219i exemple de bune practici, ini\u021biative<a class=\"sup-readmore\" href=\"http:\/\/www.houseofeurope.ro\/blog\/suport-accesibil-noilor-specialisti-esg\/\">Read More<\/a><\/p>\n","protected":false},"author":1,"featured_media":1579,"comment_status":"open","ping_status":"open","sticky":true,"template":"","format":"standard","meta":{"footnotes":""},"categories":[8],"tags":[279,273,278],"_links":{"self":[{"href":"http:\/\/www.houseofeurope.ro\/blog\/wp-json\/wp\/v2\/posts\/1578"}],"collection":[{"href":"http:\/\/www.houseofeurope.ro\/blog\/wp-json\/wp\/v2\/posts"}],"about":[{"href":"http:\/\/www.houseofeurope.ro\/blog\/wp-json\/wp\/v2\/types\/post"}],"author":[{"embeddable":true,"href":"http:\/\/www.houseofeurope.ro\/blog\/wp-json\/wp\/v2\/users\/1"}],"replies":[{"embeddable":true,"href":"http:\/\/www.houseofeurope.ro\/blog\/wp-json\/wp\/v2\/comments?post=1578"}],"version-history":[{"count":2,"href":"http:\/\/www.houseofeurope.ro\/blog\/wp-json\/wp\/v2\/posts\/1578\/revisions"}],"predecessor-version":[{"id":1584,"href":"http:\/\/www.houseofeurope.ro\/blog\/wp-json\/wp\/v2\/posts\/1578\/revisions\/1584"}],"wp:featuredmedia":[{"embeddable":true,"href":"http:\/\/www.houseofeurope.ro\/blog\/wp-json\/wp\/v2\/media\/1579"}],"wp:attachment":[{"href":"http:\/\/www.houseofeurope.ro\/blog\/wp-json\/wp\/v2\/media?parent=1578"}],"wp:term":[{"taxonomy":"category","embeddable":true,"href":"http:\/\/www.houseofeurope.ro\/blog\/wp-json\/wp\/v2\/categories?post=1578"},{"taxonomy":"post_tag","embeddable":true,"href":"http:\/\/www.houseofeurope.ro\/blog\/wp-json\/wp\/v2\/tags?post=1578"}],"curies":[{"name":"wp","href":"https:\/\/api.w.org\/{rel}","templated":true}]}}