{"id":480,"date":"2013-09-27T12:12:42","date_gmt":"2013-09-27T10:12:42","guid":{"rendered":"http:\/\/www.houseofeurope.ro\/blog\/?p=480"},"modified":"2013-09-27T12:16:40","modified_gmt":"2013-09-27T10:16:40","slug":"480","status":"publish","type":"post","link":"http:\/\/www.houseofeurope.ro\/blog\/480\/","title":{"rendered":"Platforma Comunitatilor Locale Riverane Dunarii &#8211; CLDR"},"content":{"rendered":"<blockquote>\n<p align=\"center\"><b>Informare, consiliere \u015fi lobby prin <\/b><\/p>\n<p align=\"center\"><b>Platforma Comunit\u0103\u0163ilor Locale Riverane Dun\u0103rii <\/b><\/p>\n<p align=\"center\"><b>~ <\/b><b><i>Adoptarea Declara\u0163iei-Apel CLDR, Palatul Parlamentului &#8211; 26 septembrie 2013 ~<\/i><\/b><\/p>\n<\/blockquote>\n<p>La sediul Senatului, cu amabilul sprijin al celor dou\u0103 camere ale Parlamentului Rom\u00e2niei, precum \u015fi al Academiei Rom\u00e2ne prin Centrul de Biodiversitate, al Funda\u0163iei GIEDD \u015fi al Camerei de Comer\u0163 Bilaterale Bulgaria-Rom\u00e2nia, \u00een prezen\u0163a Coordonatorului Na\u0163ional SUERD \u015fi a \u00eenal\u0163ilor reprezentan\u0163i ai corpului diplomatic reprezent\u00e2nd statele dun\u0103rene, \u00een data de <strong>26 septembrie 2013<\/strong>, a avut loc <strong>Reuniunea Special\u0103 de fondare a Platformei Comunit\u0103\u0163ilor Locale Riverane Dun\u0103rii din Rom\u00e2nia<\/strong> (CLDR).<\/p>\n<p>Reuniunea a fost co-prezidat\u0103 de <strong>E.S. Dr. Michael SCHWARZINGER<\/strong>, Ambasadorul Republicii Austria \u015fi co-moderat\u0103 de <strong>Conf. Univ. Dr. Ing. Cristiana S\u00ceRBU<\/strong>, Pre\u015fedinte Executiv Funda\u0163ia GIEDD \u015fi de Coordonatorul General al Catedrei Interna\u0163ionale Onorifice \u00een sprijinul Strategiei UE pentru Regiunea Dun\u0103rii (CIO-SUERD), <strong>Prof. Sever AVRAM<\/strong>, Pre\u015fedinte Executiv EUROLINK-Casa Europei. Men\u0163ion\u0103m c\u0103 evenimentul \u00een cauz\u0103 s-a constituit \u00eentr-o preg\u0103tire focalizat\u0103 pe mai multe domenii sectoriale a celor dou\u0103 reuniuni pan-europene importante ce vor fi g\u0103zduite de Rom\u00e2nia, la finele lunii octombrie: <i>Forumul Anual SUERD<\/i> \u015fi <i>Dialogul Financiar Dun\u0103rean<\/i>.<\/p>\n<p>Cu acest prilej, cei peste 100 de invita\u0163i \u015fi participan\u0163i (din 20 de jude\u0163e ale \u0163\u0103rii), reprezent\u00e2nd autorit\u0103\u0163ile publice locale, universit\u0103\u0163ile, mediul de afaceri \u015fi financiar-bancar, precum \u015fi sectorul neguvernamental au dezb\u0103tut \u00een plen \u015fi au adoptat o <strong>Declara\u0163ie-Apel<\/strong> de constituire a Platformei CLDR, ce va fi avansat\u0103 ulterior \u00een aten\u0163ia Comisiei Europene \u015fi a Guvernului Rom\u00e2niei \u00een vederea \u00eembun\u0103t\u0103\u0163irii din mers a procesului de elaborare, gestionare, implementare \u015fi evaluare a proiectelor cu puternic impact transformativ, ce vor fi destinate relans\u0103rii social-economice a macro-regiunii dun\u0103rene. \u00cen cadrul acestui Apel, \u00een baza unui succint inventar al atuurilor \u015fi specificit\u0103\u0163ilor profitabile pe care le agreg\u0103 Rom\u00e2nia \u00een cadrul procesului, documentul sugereaz\u0103 o serie de modalit\u0103\u0163i concrete de sporire a func\u0163ionalit\u0103\u0163ii cadrului \u015fi structurilor de implementare, \u00een special pentru ca proiectele s\u0103 se conformeze c\u00e2t mai riguros sus\u0163inerii noii perspective abordate la nivel european a celor <strong>&#8220;3 BETTER&#8221;<\/strong>: o mai bun\u0103 utilizare a fondurilor; mai bun\u0103 coordonare a proiectelor; mai bun\u0103 conlucrare \u00eentre vecini. \u00cen acest sens, precum \u015fi \u00een urma consult\u0103rii Coordonatorului pentru Cooperare SUERD de la Viena, Platforma CLDR va continua s\u0103 dezvolte coagularea <strong>Centrelor Zonale de Competitivitate \u015fi Training<\/strong>, destinate at\u00e2t educ\u0103rii speciali\u015ftilor \u015fi liderilor grupurilor-\u0163int\u0103 relevante, c\u00e2t \u015fi transpunerii \u00een practic\u0103 a proiectelor. \u00cen final, Apelul Platformei CLDR formuleaz\u0103 o serie de propuneri \u015fi recomand\u0103ri practice, at\u00e2t c\u0103tre autorit\u0103\u0163ile responsabile, c\u00e2t \u015fi c\u0103tre beneficiarii de finan\u0163are, \u00eendeosebi pentru maximizarea impactului estimat al proiectelor bancabile \u015fi formarea unor consor\u0163ii multina\u0163ionale de parteneri. \u00cen perspectiv\u0103, Platforma CLDR va deveni interfa\u0163a optim\u0103 de inter-comunicare at\u00e2t cu Coordonatorul pentru Cooperare SUERD de la Viena \u015fi cu DG REGIO-Comisia European\u0103, precum \u015fi cu Coordonatorul Na\u0163ional SUERD din cadrul MAE, statut ce va fi formalizat \u00een mod solemn cu ocazia prezen\u0163ei la Forumul Urban Dun\u0103rean ce va avea loc la Viena \u00een luna decembrie a acestui an.<\/p>\n<p>\u00cen partea final\u0103, CIO-SUERD a primit, \u00een mod oficial, numele simbolic <strong>&#8220;JEAN BART&#8221;<\/strong> (pseudonimul literar al comandorului rom\u00e2n Eugeniu P. BOTEZ, fondatorul Ligii Navale Rom\u00e2ne, a c\u0103rui activitate a fost legat\u0103 de fosta Comisie European\u0103 a Dun\u0103rii), precum \u015fi a conferit unui num\u0103r de noi personalit\u0103\u0163i titlul onorific de<strong> &#8220;Ambasador Special al Regiunii Dun\u0103rii&#8221;<\/strong>. Reuniunea s-a \u00eencheiat cu o sesiune de networking \u015fi o degustare de vinuri oferit\u0103 de Ethic Wine.<\/p>\n<p><strong>Sponsorii Tehnici <\/strong>ai evenimentului au fost:<b> <\/b>Beautik, Lush, Phaeton Gala, Ethic Wine. <b>Parteneri Media Asocia\u0163i: <\/b>Agen\u0163ia Na\u0163ional\u0103 de Pres\u0103 AGERPRES, TVH, ZiarulAlb.ro. <strong>Parteneri Media: <\/strong>Finantare.ro, CalendarEvenimente.ro, CaleaEuropeana.ro, Comunica\u0163ii Mobile, Opinia Na\u0163ional\u0103, SmartFinancial.ro, NewsChannel.ro, Tribuna Economic\u0103, ComunicateMedia.ro, Economie \u015fi Administra\u0163ie Local\u0103, Euroconsultan\u0163\u0103-Ghidul Firmei, ClubAfaceri.ro, BrandInfo.ro, GhiseulBancar.ro, PRwave.ro, &#8220;EU-RO Clearing Funds&#8221;. <strong>Colaborator PR:<\/strong> DENIS RADU.<\/p>\n<p>Informa\u0163ii suplimentare pot fi consultate pe siteul: <a title=\"Reuniunea CIO-SUERD - Lansarea Platformei Comunitatilor Locale Riverane Dunarii\" href=\"http:\/\/www.houseofeurope.ro\/SUERD\/CIO-SUERD.html\" target=\"_blank\">www.houseofeurope.ro\/SUERD\/CIO-SUERD.html<\/a> sau contact\u00e2nd Secretariatul Consor\u0163iului Organizatoric la: <a href=\"mailto:info@houseofeurope.ro\">info@houseofeurope.ro<\/a> sau tel.\/fax: 021.2304997 (persoana de contact: Sandu ZAMFIRESCU, Secretar General).<\/p>\n<p>Pentru conformitate,<\/p>\n<p>Secretariatul Consor\u0163iului Organizatoric CIO-SUERD<\/p>\n<p>c\/o EUROLINK-Casa Europei<\/p>\n<p><i>Bucure\u015fti, 27 septembrie 2013<\/i><\/p>\n","protected":false},"excerpt":{"rendered":"<p>Informare, consiliere \u015fi lobby prin Platforma Comunit\u0103\u0163ilor Locale Riverane Dun\u0103rii ~ Adoptarea Declara\u0163iei-Apel CLDR, Palatul Parlamentului &#8211; 26 septembrie 2013 ~ La sediul Senatului, cu amabilul sprijin al celor dou\u0103 camere ale Parlamentului Rom\u00e2niei, precum \u015fi al Academiei Rom\u00e2ne prin Centrul de Biodiversitate, al Funda\u0163iei GIEDD \u015fi al Camerei de Comer\u0163 Bilaterale Bulgaria-Rom\u00e2nia, \u00een prezen\u0163a<a class=\"sup-readmore\" href=\"http:\/\/www.houseofeurope.ro\/blog\/480\/\">Read More<\/a><\/p>\n","protected":false},"author":4,"featured_media":0,"comment_status":"open","ping_status":"open","sticky":false,"template":"","format":"standard","meta":{"footnotes":""},"categories":[6,1,56,50,26],"tags":[119,150,151,95],"_links":{"self":[{"href":"http:\/\/www.houseofeurope.ro\/blog\/wp-json\/wp\/v2\/posts\/480"}],"collection":[{"href":"http:\/\/www.houseofeurope.ro\/blog\/wp-json\/wp\/v2\/posts"}],"about":[{"href":"http:\/\/www.houseofeurope.ro\/blog\/wp-json\/wp\/v2\/types\/post"}],"author":[{"embeddable":true,"href":"http:\/\/www.houseofeurope.ro\/blog\/wp-json\/wp\/v2\/users\/4"}],"replies":[{"embeddable":true,"href":"http:\/\/www.houseofeurope.ro\/blog\/wp-json\/wp\/v2\/comments?post=480"}],"version-history":[{"count":3,"href":"http:\/\/www.houseofeurope.ro\/blog\/wp-json\/wp\/v2\/posts\/480\/revisions"}],"predecessor-version":[{"id":482,"href":"http:\/\/www.houseofeurope.ro\/blog\/wp-json\/wp\/v2\/posts\/480\/revisions\/482"}],"wp:attachment":[{"href":"http:\/\/www.houseofeurope.ro\/blog\/wp-json\/wp\/v2\/media?parent=480"}],"wp:term":[{"taxonomy":"category","embeddable":true,"href":"http:\/\/www.houseofeurope.ro\/blog\/wp-json\/wp\/v2\/categories?post=480"},{"taxonomy":"post_tag","embeddable":true,"href":"http:\/\/www.houseofeurope.ro\/blog\/wp-json\/wp\/v2\/tags?post=480"}],"curies":[{"name":"wp","href":"https:\/\/api.w.org\/{rel}","templated":true}]}}