{"id":519,"date":"2013-12-05T12:09:31","date_gmt":"2013-12-05T10:09:31","guid":{"rendered":"http:\/\/www.houseofeurope.ro\/blog\/?p=519"},"modified":"2013-12-05T12:09:31","modified_gmt":"2013-12-05T10:09:31","slug":"programele-ue-pentru-macro-regiunea-dunarii-la-startul-anului-2014","status":"publish","type":"post","link":"http:\/\/www.houseofeurope.ro\/blog\/programele-ue-pentru-macro-regiunea-dunarii-la-startul-anului-2014\/","title":{"rendered":"Programele UE pentru macro-regiunea Dun\u0103rii la startul anului 2014"},"content":{"rendered":"<blockquote>\n<p align=\"center\"><a href=\"http:\/\/www.houseofeurope.ro\/blog\/wp-content\/uploads\/2013\/02\/Danube_SUERD.jpg\"><img loading=\"lazy\" decoding=\"async\" class=\"aligncenter size-medium wp-image-389\" alt=\"Danube_SUERD\" src=\"http:\/\/www.houseofeurope.ro\/blog\/wp-content\/uploads\/2013\/02\/Danube_SUERD-300x94.jpg\" width=\"300\" height=\"94\" srcset=\"http:\/\/www.houseofeurope.ro\/blog\/wp-content\/uploads\/2013\/02\/Danube_SUERD-300x94.jpg 300w, http:\/\/www.houseofeurope.ro\/blog\/wp-content\/uploads\/2013\/02\/Danube_SUERD.jpg 950w\" sizes=\"(max-width: 300px) 100vw, 300px\" \/><\/a><\/p>\n<p align=\"center\"><strong>Programele UE pentru macro-regiunea Dun\u0103rii la startul anului 2014<\/strong><\/p>\n<p align=\"center\"><strong><i>~ a cincea grup\u0103 de studiu pentru Cursul SUERD: ianuarie &#8211; martie 2014 ~ <\/i><\/strong><\/p>\n<p align=\"center\">\n<\/blockquote>\n<p>Odat\u0103 cu noul an 2014, \u015fi accesul la finan\u0163\u0103rile UE sufer\u0103 transform\u0103ri spectaculoase. Noi linii speciale sunt deschise sau pe cale de a fi deschise, precum <strong>Programul COSME<\/strong> \u015fi <strong>\u201cCreative Europe\u201d<\/strong>. \u00cen plus, f\u0103c\u00e2nd parte din macro-regiunea Dun\u0103rii, tot teritoriul Rom\u00e2niei este deschis coopt\u0103rii \u00een multiple proiecte cu caracter multi-na\u0163ional prin <strong>Strategia UE pentru Regiunea Dun\u0103rii<\/strong> (SUERD), \u00een special \u00een domenii precum: infrastructur\u0103, mediu, turism-cultur\u0103, rela\u0163ii interna\u0163ional etc.<\/p>\n<p>Tocmai de aceea, <strong>Catedra Interna\u0163ional\u0103 Onorific\u0103 \u00een sprijinul Strategiei UE pentru Regiunea Dun\u0103rii \u201cJEAN BART\u201d<\/strong> (CIO-SUERD), ce a creat deja sesiuni de training \u015fi parteneriate cu 12 universit\u0103\u0163i \u015fi numeroase autorit\u0103\u0163i publice jude\u0163ene \u015fi locale, extinde formarea exper\u0163ilor la nivel na\u0163ional \u015fi zonal care vor lucra \u00een cadrul CLDR \u2013 <strong>Platforma Comunit\u0103\u0163ilor Locale Riverane Dun\u0103rii \u00een Rom\u00e2nia<\/strong> &#8211; structura na\u0163ional\u0103 a <b>Centrelor de Competitivitate \u015fi Training SUERD <\/b>ce vor accesa \u015fi gestiona proiectele de relansare economic\u0103 \u015fi social\u0103 cu impact dun\u0103rean, \u015fi va func\u0163iona ca <b>interfa\u0163\u0103 opera\u0163ional\u0103 <\/b>\u00een raport cu organismele de gestiune de la Viena, Stuttgart \u015fi Bruxelles.<\/p>\n<p>Astfel, cu sprijinul partenerilor no\u015ftri principali, \u00een special <strong>Academia Rom\u00e2n\u0103<\/strong> prin <strong>Centrul de Biodiversitate \u201cAcad. David Davidescu\u201d<\/strong> &#8211; care a creat deja o important\u0103 \u015ecoal\u0103 Doctoral\u0103 &#8211; sunt lansate \u00eenscrierile pentru <strong>Cursul de Formare a Exper\u0163ilor \u00een Managementul Programelor de Finan\u0163are \u00een cadrul Strategiei UE pentru Regiunea Dun\u0103rii<\/strong>. Acest program are un caracter de tip <i>post-universitar de medie durat\u0103<\/i>, Academia Rom\u00e2n\u0103 fiind al\u0103turi de Ministerul Educa\u0163iei \u015fi Cercet\u0103rii, structur\u0103 abilitat\u0103 prin Legea Educa\u0163iei s\u0103 deruleze asemenea programe. \u00censcrierea la cursuri se face complet\u00e2nd \u015fi transmi\u0163\u00e2nd <b>Formularul de \u00censcriere<\/b> (sec\u0163iunea CIO-SUERD &#8211; <a href=\"http:\/\/www.houseofeurope.ro\/\">www.HouseofEurope.ro<\/a>) p\u00e2n\u0103 cel t\u00e2rziu \u00een data de <i>20 decembrie 2013<\/i>, iar\u00a0 cursurile se vor desf\u0103\u015fura \u00een <strong>perioada ianuarie &#8211; martie 2014<\/strong>, \u00een principal la distan\u0163\u0103, prin internet, dar \u015fi altern\u00e2nd cu posibilitatea particip\u0103rii la reuniunile CIO-SUERD, Platformei CLDR \u015fi Clubului Suporterilor Regiunii Dun\u0103rii.<\/p>\n<p>Coordonatorul \u015etiin\u0163ific principal al Catedrei Interna\u0163ionale Onorifice \u201cJEAN BART\u201d din partea Academiei Rom\u00e2ne este <strong>Prof. Univ. Dr., Ing., Dr. HC, Prof. HC Alexandru T. BOGDAN<\/strong> &#8211; Membru Corespondent al Academiei Romane, Directorul Centrului de Biodiversitate &#8220;Acad. David Davidescu&#8221;. Printre consultan\u0163ii \u015ftiin\u0163ifici men\u0163ion\u0103m: <strong>Prof. Univ. Dr. Carmen COSTEA<\/strong> &#8211; Expert Evaluator Comisia European\u0103, Prorector al Universit\u0103\u0163ii Spiru Haret; <strong>Prof. Univ. Dr. Petre PRISECARU<\/strong> &#8211; Director \u015etiin\u0163ific al Institutului de Economie Mondial\u0103 al Academiei Rom\u00e2ne, Membru &#8220;Team Europe&#8221;, Institutul European din Rom\u00e2nia; <strong>Conf. Univ. Dr. Ing. Cristiana S\u00ceRBU<\/strong> &#8211; Pre\u015fedinte Executiv al Funda\u0163iei Grupul de Ini\u0163iativ\u0103 Ecologic\u0103 \u015fi Dezvoltare Durabil\u0103 (GIEDD); <strong>Prof. Asoc. Dr. Iolanda MIHALACHE<\/strong> &#8211; Pre\u015fedintele Asocia\u0163iei PartNET; <strong>Dr. Georgeta GHE\u0162E D\u0102N\u0102U<\/strong> &#8211; Pre\u015fedintele Asocia\u0163iei Profesionale a Form\u0103rii \u00een Administra\u0163ia Public\u0103 Local\u0103 (CINAQ); <strong>Jamil BENABDALLAH<\/strong>, Consultant, Detente Consultants; <strong>KMC Octavian \u015eERBAN, MBA<\/strong> &#8211; Pre\u015fedintele Knowledge Management Institute Romania\/Knomacons; <strong>Prof. Sever AVRAM<\/strong>, Senior Consultant Rela\u0163ii Publice \u015fi Lobby Institu\u0163ional, Pre\u015fedinte Executiv al Funda\u0163iei EUROLINK &#8211; Casa Europei.<\/p>\n<p><strong>Parteneri Media Asocia\u0163i:<\/strong> Agen\u0163ia Na\u0163ional\u0103 de Pres\u0103 AGERPRES, TVH \u015fi ZiarulAlb.ro. <strong>Parteneri Media: <\/strong>Finantare.ro, CalendarEvenimente.ro, CaleaEuropeana.ro, Comunica\u0163ii Mobile, SmartFinancial.ro, NewsChannel.ro, Tribuna Economica, Economie \u015fi Administra\u0163ie Local\u0103, Euroconsultan\u0163\u0103-Ghidul Firmei, ClubAfaceri.ro, BrandInfo.ro, GhiseulBancar.ro, PRwave.ro,\u00a0 ComunicateMedia.ro, Early Warning Support &#8211; &#8220;EU-RO Clearing Funds&#8221;.<\/p>\n<p>Pentru detalii suplimentare, v\u0103 rug\u0103m s\u0103 consulta\u0163i siteul <a href=\"http:\/\/www.houseofeurope.ro\/\">www.HouseofEurope.ro<\/a> sau s\u0103 contacta\u0163i Secretariatul prin e-mail: <a href=\"mailto:info@houseofeurope.ro\">info@houseofeurope.ro<\/a>\u00a0.<\/p>\n<p><i>Secretariatul CIO-SUERD \/ EUROLINK &#8211; House of Europe<\/i><\/p>\n<p><i>Bucure\u015fti, 5 Decembrie 2013<\/i><\/p>\n","protected":false},"excerpt":{"rendered":"<p>Programele UE pentru macro-regiunea Dun\u0103rii la startul anului 2014 ~ a cincea grup\u0103 de studiu pentru Cursul SUERD: ianuarie &#8211; martie 2014 ~ Odat\u0103 cu noul an 2014, \u015fi accesul la finan\u0163\u0103rile UE sufer\u0103 transform\u0103ri spectaculoase. Noi linii speciale sunt deschise sau pe cale de a fi deschise, precum Programul COSME \u015fi \u201cCreative Europe\u201d. \u00cen<a class=\"sup-readmore\" href=\"http:\/\/www.houseofeurope.ro\/blog\/programele-ue-pentru-macro-regiunea-dunarii-la-startul-anului-2014\/\">Read More<\/a><\/p>\n","protected":false},"author":4,"featured_media":0,"comment_status":"open","ping_status":"open","sticky":false,"template":"","format":"standard","meta":{"footnotes":""},"categories":[1,8,54,24],"tags":[119,143,106,95],"_links":{"self":[{"href":"http:\/\/www.houseofeurope.ro\/blog\/wp-json\/wp\/v2\/posts\/519"}],"collection":[{"href":"http:\/\/www.houseofeurope.ro\/blog\/wp-json\/wp\/v2\/posts"}],"about":[{"href":"http:\/\/www.houseofeurope.ro\/blog\/wp-json\/wp\/v2\/types\/post"}],"author":[{"embeddable":true,"href":"http:\/\/www.houseofeurope.ro\/blog\/wp-json\/wp\/v2\/users\/4"}],"replies":[{"embeddable":true,"href":"http:\/\/www.houseofeurope.ro\/blog\/wp-json\/wp\/v2\/comments?post=519"}],"version-history":[{"count":2,"href":"http:\/\/www.houseofeurope.ro\/blog\/wp-json\/wp\/v2\/posts\/519\/revisions"}],"predecessor-version":[{"id":521,"href":"http:\/\/www.houseofeurope.ro\/blog\/wp-json\/wp\/v2\/posts\/519\/revisions\/521"}],"wp:attachment":[{"href":"http:\/\/www.houseofeurope.ro\/blog\/wp-json\/wp\/v2\/media?parent=519"}],"wp:term":[{"taxonomy":"category","embeddable":true,"href":"http:\/\/www.houseofeurope.ro\/blog\/wp-json\/wp\/v2\/categories?post=519"},{"taxonomy":"post_tag","embeddable":true,"href":"http:\/\/www.houseofeurope.ro\/blog\/wp-json\/wp\/v2\/tags?post=519"}],"curies":[{"name":"wp","href":"https:\/\/api.w.org\/{rel}","templated":true}]}}