{"id":522,"date":"2013-12-12T12:07:25","date_gmt":"2013-12-12T10:07:25","guid":{"rendered":"http:\/\/www.houseofeurope.ro\/blog\/?p=522"},"modified":"2013-12-12T12:07:25","modified_gmt":"2013-12-12T10:07:25","slug":"construirea-noului-viitor-urbanistic-al-regiunii-dunarene","status":"publish","type":"post","link":"http:\/\/www.houseofeurope.ro\/blog\/construirea-noului-viitor-urbanistic-al-regiunii-dunarene\/","title":{"rendered":"Construirea noului viitor urbanistic al Regiunii Dun\u0103rene"},"content":{"rendered":"<blockquote>\n<p align=\"center\"><b>Construirea noului viitor urbanistic al Regiunii Dun\u0103rene<\/b><\/p>\n<p align=\"center\"><b><i>&#8211; und\u0103 verde pentru formarea de consor\u0163ii \u015fi generarea de proiecte <\/i><\/b><\/p>\n<\/blockquote>\n<p align=\"center\">\n<p>Cu ocazia Forumului organizat de Prim\u0103ria Viena, Asocia\u0163ia Ora\u015felor din Austria, TINA Viena, Consiliul Ora\u015felor \u015fi Regiunilor Dun\u0103rii (CODCR) \u015fi DG Regio-Comisia European\u0103, la sediul Municipalit\u0103\u0163ii Viena, \u00een perioada <b>9-10 decembrie 2013<\/b>, la care a participat \u015fi o delega\u0163ie din partea <b>CLDR \u2013 Platforma Comunit\u0103\u0163ilor Locale Riverane Dun\u0103rii <\/b>din Rom\u00e2nia, au fost puse bazele Platformei Urbane a Regiunii Dun\u0103rii, ini\u0163iativ\u0103 destinat\u0103 s\u0103 sprijine organismele de implementare a <b>Strategiei UE pentru Regiunea Dun\u0103rii <\/b>(SUERD) \u015fi Comisia European\u0103 \u00een direc\u0163ia unei \u201eguvernan\u0163e pe mai multe niveluri\u201d \u015fi s\u0103 serveasc\u0103 drept Partener Strategic al guvernelor na\u0163ionale \u00een procesul de aplicare a Strategiei.<\/p>\n<p>Prin apelul supus dezbaterii \u015fi prezentat \u00een mod oficial \u00een cadrul lucr\u0103rilor de purt\u0103torul de cuv\u00e2nt al CODCR, <b>Ivo Gonner<\/b> &#8211; Primarul Ora\u015fului Ulm (Germania), se men\u0163ioneaz\u0103 c\u0103 fondarea <b>Platformei Urbane a Regiunii Dun\u0103rii <\/b>va realiza o extindere sistematic\u0103 a cooper\u0103rii \u00eentre metropolele \u015fi ora\u015fele danubiene printr-un schimb de informa\u0163ii, exper\u0163i \u015fi bune practici, prin studii comune, conferin\u0163e \u015fi strategii, av\u00e2nd \u00een centrul lor transpunerea \u00een practic\u0103 a SUERD. \u00cen acela\u015fi text, se arat\u0103 c\u0103 acest proces de cooperare mult mai str\u00e2ns\u0103 va fi posibil printr-o colaborare cu <b>Grupul de Lucru al Regiunilor Dun\u0103rii<\/b> (ARGE) \u015fi cu celelalte re\u0163ele urbane sau structuri asociative ale municipiilor \u015fi ora\u015felor din Statele Membre SUERD, pe baza unei platforme electronice monitorizat\u0103 de reprezentan\u0163ii ale\u015fi ai acesteia (Comitetul de Monitorizare) \u015fi a unui Secretariat, localizat la Viena. Miza final\u0103 a \u00eentregului demers este realizarea dezideratului enun\u0163at de Comisia European\u0103 ca bazinul riveran al Dun\u0103rii s\u0103 devin\u0103 o veritabil\u0103 regiune a secolului XXI, mult mai sigur\u0103 \u015fi mai \u00eencrez\u0103toare, una dintre cele mai atractive din Europa.<\/p>\n<p>Reuniunea s-a bucurat de prezen\u0163a \u015fi mesajele-cheie ale unor personalit\u0103\u0163i precum: Comisarul European pentru Dezvoltare Regional\u0103. <b>Johannes HAHN<\/b>, Primarul General al Vienei, Michael HAUPL; Pre\u015fedintele CODCR, <b>Petre LANGER<\/b>; Directorul pentru Rela\u0163ii Interna\u0163ionale al Prim\u0103riei Viena, <b>Matti OLLINKARI<\/b>; Primarul Bratislavei, <b>Milan FTACNIK<\/b>; Coordonatorul Ariei Prioritare 10, <b>Kurt PUCHINGER<\/b>; Secretarul General al Consiliului Municipalit\u0103\u0163ilor \u015fi Regiunilor Europene, <b>Frederich VALLIER<\/b>; Primarul Municipiului Bucure\u015fti, <b>Sorin OPRESCU<\/b>.<\/p>\n<p>\u00cen interven\u0163ia sa din cadrul Mesei Rotunde a primei zile, reprezentantul Platformei CLDR Rom\u00e2nia, <b>Sever AVRAM<\/b>, Pre\u015fedinte Executiv al Funda\u0163iei EUROLINK-Casa Europei, a insistat \u00een mod special asupra provoc\u0103rilor \u015fi dificult\u0103\u0163ilor legate de transpunerea SUERD \u00een zona Rom\u00e2niei \u015fi Bulgariei, prezent\u00e2nd un set de recomand\u0103ri \u015fi propuneri concrete de \u00eembun\u0103t\u0103\u0163ire a procesului, rezultate \u00een urma desf\u0103\u015fur\u0103rii recentului Dialog Financiar Dun\u0103rean \u015fi a Conferin\u0163ei de Transfer a Bunelor Practici de la Bucure\u015fti. Scopul principal urm\u0103rit ar fi acela de a se reu\u015fi o interconectare mai bun\u0103 \u00eentre partenerii \u015fi beneficiarii poten\u0163iali de finan\u0163are \u015fi cei care sunt responsabili de gestionarea programelor respective de finan\u0163are. Dificultatea <b>bancabiliz\u0103rii proiectelor dun\u0103rene<\/b> se love\u015fte de un obstacol suplimentar legat de slaba interac\u0163iune cu sistemul financiar-bancar \u015fi absen\u0163a unei <b>scheme de garantare a creditelor bancare<\/b> pe care Guvernul s\u0103 o sprijine pentru ca b\u0103ncile comerciale s\u0103 se poat\u0103 implica \u00een sus\u0163inerea acestor proiecte, \u00eenc\u0103 din etapa de elaborare a studiilor de fezabilitate<\/p>\n<p>\u00cen concluzie, \u00eens\u0103\u015fi derularea Forumului a reprezentat \u00een sine un succes \u015fi o impulsionare a unor proiecte curente sau poten\u0163iale, dar a scos \u00een eviden\u0163\u0103 \u015fi aspecte care nu sunt \u00eenc\u0103 pe deplin elucidate sau rezolvate. De pild\u0103, recomandarea Comisarului European Hahn, privind alocarea prin bugetul de stat a unui procent de 5% pentru a se putea sus\u0163ine tehnic formarea de consor\u0163ii \u015fi prefinan\u0163area unor proiecte nu a fost \u00eenc\u0103 pus\u0103 \u00een aplicare \u00een mod expres \u00een Rom\u00e2nia. De asemenea, cre\u015fterea gradului de receptivitate din partea autorit\u0103\u0163ilor centrale de gestiune, \u00een special legat de problematica finan\u0163\u0103rii ini\u0163iale, propus\u0103 de Forumul Societ\u0103\u0163ii Civile a Dun\u0103rii, r\u0103m\u00e2ne \u00een continuare un deziderat ne\u00eemplinit, at\u00e2t la nivel na\u0163ional, c\u00e2t \u015fi pan-european. Cu toate acestea, printr-un <b>lobby inter-institu\u0163ional <\/b>mult mai concertat, majoritatea preopinen\u0163ilor au apreciat c\u0103 relansarea economic\u0103 \u015fi social\u0103 prin SUERD ar putea fi cu putin\u0163\u0103, \u00een m\u0103sura \u00een care va exista un veritabil <b>transfer de bune practici<\/b>, c\u00e2t \u015fi spa\u0163iul unei armoniz\u0103ri administrative, decizionale \u015fi \u00een domeniul \u201ereformei spa\u0163iale\u201d \u00een bazinul dun\u0103rean.<\/p>\n<p>Pentru informa\u0163ii suplimentare, c\u00e2t \u015fi pentru ini\u0163ierea unor noi demersuri \u015fi proiecte, cei interesa\u0163i se pot adresa \u00een scris SecretariatuluI Platformei CLDR, c\u00e2t \u015fi al Catedrei Interna\u0163ionale Onorifice \u201eJean Bart\u201d, la adresa <a href=\"mailto:info@houseofeurope.ro\">info@houseofeurope.ro<\/a>.<\/p>\n<p>Pentru conformitate,<\/p>\n<p>SecretariatuluI Platformei CLDR<\/p>\n<p>c\/o EUROLINK-Casa Europei<\/p>\n<p><i>Bucure\u015fti, 12 decembrie 2013<\/i><\/p>\n","protected":false},"excerpt":{"rendered":"<p>Construirea noului viitor urbanistic al Regiunii Dun\u0103rene &#8211; und\u0103 verde pentru formarea de consor\u0163ii \u015fi generarea de proiecte Cu ocazia Forumului organizat de Prim\u0103ria Viena, Asocia\u0163ia Ora\u015felor din Austria, TINA Viena, Consiliul Ora\u015felor \u015fi Regiunilor Dun\u0103rii (CODCR) \u015fi DG Regio-Comisia European\u0103, la sediul Municipalit\u0103\u0163ii Viena, \u00een perioada 9-10 decembrie 2013, la care a participat \u015fi<a class=\"sup-readmore\" href=\"http:\/\/www.houseofeurope.ro\/blog\/construirea-noului-viitor-urbanistic-al-regiunii-dunarene\/\">Read More<\/a><\/p>\n","protected":false},"author":4,"featured_media":0,"comment_status":"open","ping_status":"open","sticky":false,"template":"","format":"standard","meta":{"footnotes":""},"categories":[56,24,50,26],"tags":[119,106,95],"_links":{"self":[{"href":"http:\/\/www.houseofeurope.ro\/blog\/wp-json\/wp\/v2\/posts\/522"}],"collection":[{"href":"http:\/\/www.houseofeurope.ro\/blog\/wp-json\/wp\/v2\/posts"}],"about":[{"href":"http:\/\/www.houseofeurope.ro\/blog\/wp-json\/wp\/v2\/types\/post"}],"author":[{"embeddable":true,"href":"http:\/\/www.houseofeurope.ro\/blog\/wp-json\/wp\/v2\/users\/4"}],"replies":[{"embeddable":true,"href":"http:\/\/www.houseofeurope.ro\/blog\/wp-json\/wp\/v2\/comments?post=522"}],"version-history":[{"count":1,"href":"http:\/\/www.houseofeurope.ro\/blog\/wp-json\/wp\/v2\/posts\/522\/revisions"}],"predecessor-version":[{"id":523,"href":"http:\/\/www.houseofeurope.ro\/blog\/wp-json\/wp\/v2\/posts\/522\/revisions\/523"}],"wp:attachment":[{"href":"http:\/\/www.houseofeurope.ro\/blog\/wp-json\/wp\/v2\/media?parent=522"}],"wp:term":[{"taxonomy":"category","embeddable":true,"href":"http:\/\/www.houseofeurope.ro\/blog\/wp-json\/wp\/v2\/categories?post=522"},{"taxonomy":"post_tag","embeddable":true,"href":"http:\/\/www.houseofeurope.ro\/blog\/wp-json\/wp\/v2\/tags?post=522"}],"curies":[{"name":"wp","href":"https:\/\/api.w.org\/{rel}","templated":true}]}}