{"id":613,"date":"2014-04-17T09:58:55","date_gmt":"2014-04-17T07:58:55","guid":{"rendered":"http:\/\/www.houseofeurope.ro\/blog\/?p=613"},"modified":"2014-04-17T09:58:55","modified_gmt":"2014-04-17T07:58:55","slug":"lansarea-la-timisoara-a-centrului-zonal-de-competitivitate-si-training-suerd","status":"publish","type":"post","link":"http:\/\/www.houseofeurope.ro\/blog\/lansarea-la-timisoara-a-centrului-zonal-de-competitivitate-si-training-suerd\/","title":{"rendered":"Lansarea la Timi\u015foara a Centrului Zonal de Competitivitate \u015fi Training SUERD"},"content":{"rendered":"<p style=\"text-align: center;\"><img loading=\"lazy\" decoding=\"async\" class=\" wp-image-614 aligncenter\" alt=\"Pecetea_Timisoarei_la_1781\" src=\"http:\/\/www.houseofeurope.ro\/blog\/wp-content\/uploads\/2014\/04\/Pecetea_Timisoarei_la_1781-298x300.jpg\" width=\"179\" height=\"180\" srcset=\"http:\/\/www.houseofeurope.ro\/blog\/wp-content\/uploads\/2014\/04\/Pecetea_Timisoarei_la_1781-298x300.jpg 298w, http:\/\/www.houseofeurope.ro\/blog\/wp-content\/uploads\/2014\/04\/Pecetea_Timisoarei_la_1781-150x150.jpg 150w, http:\/\/www.houseofeurope.ro\/blog\/wp-content\/uploads\/2014\/04\/Pecetea_Timisoarei_la_1781.jpg 600w\" sizes=\"(max-width: 179px) 100vw, 179px\" \/><\/p>\n<p><b>Strategia UE pentru Regiunea Dun\u0103rii<\/b> (SUERD) reprezint\u0103 \u00een mod clar cel mai transformativ program de ac\u0163iune la scar\u0103 macro-regional\u0103 \u00een care cele 14 state implicate au \u015fansa de a-\u015fi relansa competitivitatea \u015fi a aborda mult mai inovativ \u015fi integrativ propriile proiecte de investi\u0163ii \u00een anii ce vin.<\/p>\n<p>\u00cen contextul \u00een care, la finele lunii iunie 2014, se va desf\u0103\u015fura cea de-a treia edi\u0163ie a <b>Forumului Anual al Dun\u0103rii <\/b>la Viena, preg\u0103tirea fiec\u0103rei sub-regiuni pentru a propune proiecte majore prioritare \u015fi a le \u00eenscrie pe o list\u0103 agreeat\u0103 de to\u0163i deciden\u0163ii, devine presant\u0103. De aceea, conectarea <b>Municipiului Timi\u015foara <\/b>\u015fi a zonei sale de interes geo-economic la re\u0163eaua creeat\u0103 at\u00e2t la nivel na\u0163ional, prin <a title=\"CLDR - Platforma Comunitatilor Locale Riverane Dunarii\" href=\"http:\/\/www.houseofeurope.ro\/CLDR\/index.html\" target=\"_blank\"><b>Platforma Comunit\u0103\u0163ilor Locale Riverane Dun\u0103rii <\/b><\/a>(CLDR &#8211; Rom\u00e2nia), c\u00e2t \u015fi la nivel macro-regional, prin <b>Platforma Urban\u0103 a Regiunii Dun\u0103rii <\/b>(Viena), ofer\u0103 oportunitatea form\u0103rii unor consor\u0163ii multina\u0163ionale de parteneri viabili, precum \u015fi identificarea \u00eempreun\u0103 a surselor de finan\u0163are UE \u00een noul sistem complex impus de Comisia European\u0103, odat\u0103 cu noul exerci\u0163iu de programare.<\/p>\n<p>La recomandarea \u015fi cu sprijinul Coordonatorului pentru Cooperare SUERD (Viena), precum \u015fi al Ambasadei Austriei \u00een Rom\u00e2nia, inform\u0103m c\u0103 \u00een parteneriat cu <a title=\"Primaria Municipiului Timisoara\" href=\"http:\/\/www.primariatm.ro\" target=\"_blank\"><b>Prim\u0103ria Municipiului Timi\u015foara<\/b><\/a> \u015fi \u00een colaborare cu <a title=\"Universitatea &quot;Politehnica&quot; din Timi\u015foara\" href=\"http:\/\/www.upt.ro\/\" target=\"_blank\"><b>Universitatea Politehnica din Timi\u015foara<\/b><\/a>, \u00een data de <b>25 aprilie 2014<\/b>, la Sala de Consiliu a Prim\u0103riei Municipiului Timi\u015foara, va avea loc lansarea \u015fi opera\u0163ionalizarea <b>Centrului Zonal de Competitivitate \u015fi Training SUERD<\/b>, modalitate prin care se va asigura nucleul de lucru \u015fi interfa\u0163a de comunicare \u015fi lobby, at\u00e2t cu Consiliul Consultativ SUERD din Rom\u00e2nia, c\u00e2t \u015fi cu deciden\u0163ii majori de la Viena, Stuttgart \u015fi Bruxelles. De asemenea, aceasta va da posibilitatea particip\u0103rii comune la diverse ini\u0163iative \u015fi proiecte coordonate de Municipalitatea Viena \u015fi conect\u0103rii la proiectul major avut \u00een vedere, de creare a unui hub de inovare tehnologic\u0103 \u015fi economic\u0103, convenit la nivel guvernamental \u00eentre Bulgaria, Serbia \u015fi Rom\u00e2nia, cu sprijinul special al partenerilor austrieci \u015fi al landului Baden Wurttemberg.<\/p>\n<p>Reuniunea va fi onorat\u0103 de Primarul Municipiului Timi\u015foara, <b>Dl Prof. univ. dr. Nicolae ROBU<\/b>, Ambasador Special al Regiunii Dun\u0103rii, de Vicepre\u015fedintele Consiliului Jude\u0163ean Timi\u015f, <b>Dl Marian Constantin VASILE<\/b>, Pre\u015fedintele Comitetului pentru Economie \u015fi Dezvoltare Regional\u0103 din cadrul Adun\u0103rii Regiunilor Europene (Consiliul Europei) \u015fi Decanul Facult\u0103\u0163ii de Automatic\u0103 \u015fi Calculatoare &#8211; Universitatea Politehnica din Timi\u015foara, <b>Prof. univ. dr. ing. Horia CIOC\u00c2RLIE<\/b>. Ca invita\u0163i \u015fi lectori, vor lua parte: din partea Academiei Rom\u00e2ne &#8211; <b>Prof. univ. dr. <\/b><b>Dr.h.c. Alexandru T. BOGDAN<\/b>, Membru Corespondent al Academiei Rom\u00e2ne; din partea Uniunea Arhitec\u0163ilor din Rom\u00e2nia, <b>Conf<\/b>. <b>univ. dr. Arh. Gheorghe IONA\u015eCU<\/b>;<b> <\/b>din partea Asocia\u0163iei Profesionale a Form\u0103rii \u00een Administra\u0163ia Public\u0103 Local\u0103 \u201cCINAQ\u201d &#8211; <b>Conf. univ. dr. Mariana BAICU<\/b>; din partea Platformei Comunit\u0103\u0163ilor Locale Riverane Dun\u0103rii (CLDR), <b>Prof. Sever AVRAM<\/b>.<\/p>\n<p>Partenerii \u015fi persoanele cu expertiz\u0103 \u00een domeniile vizate de cei patru piloni SUERD sunt invitate, pe aceast\u0103 cale, s\u0103 se al\u0103ture ini\u0163iativei \u015fi s\u0103 se implice \u00een formularea de propuneri \u015fi sugestii pentru activitatea noului Centru. Pentru ob\u0163inerea de informa\u0163ii suplimentare \u015fi participare, care se face pe baz\u0103 de confirmare individual\u0103, cei interesa\u0163i pot contacta <b><a title=\"e-mail\" href=\"mailto:Diana.Donawell@primariatm.ro\" target=\"_blank\">Departamentul de Rela\u0163ii Interna\u0163ionale<\/a> <\/b>al<b> Prim\u0103riei Municipiului Timi\u015foara<\/b>.<\/p>\n<p>Pe de alt\u0103 parte, speciali\u015ftii \u015fi tinerii exper\u0163i care doresc s\u0103 se implice \u00een activitatea \u015fi viitoarele proiecte ale Centrului, vor avea oportunitatea s\u0103 participe la o sesiune special\u0103 de training intensiv ce se va desf\u0103\u015fura cu sprijinul Academiei Rom\u00e2ne prin <b>Centrul de Biodiversitate \u201eAcad. David Davidescu\u201d<\/b>, \u00een partea a doua a zilei de <b>25 aprilie 2014<\/b> \u015fi \u00een diminea\u0163a zilei de <b>26 aprilie 2014<\/b>. Pentru informa\u0163ii suplimentare \u015fi \u00eenscrieri, cei interesa\u0163i sunt ruga\u0163i s\u0103 contacteze Secretariatul Organizatoric al <b>Platformei CLDR Rom\u00e2nia<\/b> la tel.\/fax: 021.2304997; e-mail: <a href=\"mailto:info@houseofeurope.ro\">info@houseofeurope.ro<\/a>.<\/p>\n","protected":false},"excerpt":{"rendered":"<p>Strategia UE pentru Regiunea Dun\u0103rii (SUERD) reprezint\u0103 \u00een mod clar cel mai transformativ program de ac\u0163iune la scar\u0103 macro-regional\u0103 \u00een care cele 14 state implicate au \u015fansa de a-\u015fi relansa competitivitatea \u015fi a aborda mult mai inovativ \u015fi integrativ propriile proiecte de investi\u0163ii \u00een anii ce vin. \u00cen contextul \u00een care, la finele lunii iunie<a class=\"sup-readmore\" href=\"http:\/\/www.houseofeurope.ro\/blog\/lansarea-la-timisoara-a-centrului-zonal-de-competitivitate-si-training-suerd\/\">Read More<\/a><\/p>\n","protected":false},"author":1,"featured_media":0,"comment_status":"open","ping_status":"open","sticky":false,"template":"","format":"standard","meta":{"footnotes":""},"categories":[1,8,56],"tags":[],"_links":{"self":[{"href":"http:\/\/www.houseofeurope.ro\/blog\/wp-json\/wp\/v2\/posts\/613"}],"collection":[{"href":"http:\/\/www.houseofeurope.ro\/blog\/wp-json\/wp\/v2\/posts"}],"about":[{"href":"http:\/\/www.houseofeurope.ro\/blog\/wp-json\/wp\/v2\/types\/post"}],"author":[{"embeddable":true,"href":"http:\/\/www.houseofeurope.ro\/blog\/wp-json\/wp\/v2\/users\/1"}],"replies":[{"embeddable":true,"href":"http:\/\/www.houseofeurope.ro\/blog\/wp-json\/wp\/v2\/comments?post=613"}],"version-history":[{"count":1,"href":"http:\/\/www.houseofeurope.ro\/blog\/wp-json\/wp\/v2\/posts\/613\/revisions"}],"predecessor-version":[{"id":615,"href":"http:\/\/www.houseofeurope.ro\/blog\/wp-json\/wp\/v2\/posts\/613\/revisions\/615"}],"wp:attachment":[{"href":"http:\/\/www.houseofeurope.ro\/blog\/wp-json\/wp\/v2\/media?parent=613"}],"wp:term":[{"taxonomy":"category","embeddable":true,"href":"http:\/\/www.houseofeurope.ro\/blog\/wp-json\/wp\/v2\/categories?post=613"},{"taxonomy":"post_tag","embeddable":true,"href":"http:\/\/www.houseofeurope.ro\/blog\/wp-json\/wp\/v2\/tags?post=613"}],"curies":[{"name":"wp","href":"https:\/\/api.w.org\/{rel}","templated":true}]}}