{"id":617,"date":"2014-04-29T12:51:21","date_gmt":"2014-04-29T10:51:21","guid":{"rendered":"http:\/\/www.houseofeurope.ro\/blog\/?p=617"},"modified":"2014-05-02T20:55:17","modified_gmt":"2014-05-02T18:55:17","slug":"banatul-s-a-racordat-la-oportunitatile-de-investitii-oferite-prin-strategia-ue-pentru-regiunea-dunarii","status":"publish","type":"post","link":"http:\/\/www.houseofeurope.ro\/blog\/banatul-s-a-racordat-la-oportunitatile-de-investitii-oferite-prin-strategia-ue-pentru-regiunea-dunarii\/","title":{"rendered":"Banatul s-a racordat la oportunit\u0103\u0163ile de investi\u0163ii oferite prin  Strategia UE pentru Regiunea Dun\u0103rii"},"content":{"rendered":"<p><a href=\"http:\/\/www.houseofeurope.ro\/blog\/wp-content\/uploads\/2014\/04\/CZCT_Timisoara.jpg\"><img loading=\"lazy\" decoding=\"async\" class=\"size-medium wp-image-618 aligncenter\" src=\"http:\/\/www.houseofeurope.ro\/blog\/wp-content\/uploads\/2014\/04\/CZCT_Timisoara-300x212.jpg\" alt=\"CZCT_Timisoara\" width=\"300\" height=\"212\" srcset=\"http:\/\/www.houseofeurope.ro\/blog\/wp-content\/uploads\/2014\/04\/CZCT_Timisoara-300x212.jpg 300w, http:\/\/www.houseofeurope.ro\/blog\/wp-content\/uploads\/2014\/04\/CZCT_Timisoara.jpg 800w\" sizes=\"(max-width: 300px) 100vw, 300px\" \/><\/a><\/p>\n<blockquote><p><strong>Banatul s-a racordat la oportunit\u0103\u0163ile de investi\u0163ii oferite prin\u00a0 Strategia UE pentru Regiunea Dun\u0103rii<\/strong><\/p><\/blockquote>\n<p>\u00cen prezen\u0163a a peste 50 de reprezentan\u0163i ai prim\u0103riilor zonei metropolitane Timi\u015foara, ai Consiliului Jude\u0163ean TIMI\u015e, ai altor importante institu\u0163ii coordonate de acestea, ai principalelor universit\u0103\u0163i \u015fi mediului de afaceri timi\u015forean, precum \u015fi ai Agen\u0163iei de Dezvoltare Regional\u0103 a Regiunii de Vest, \u00een data de <b>25 aprilie 2014<\/b>, s-a desf\u0103\u015furat, la sediul <b>Prim\u0103riei Municipiului Timi\u015foara<\/b>, reuniunea de opera\u0163ionalizare a <b>Centrului Zonal de Competitivitate \u015fi Training SUERD<\/b>. Ca observatori speciali au participat Viceconsulul Germaniei la Timi\u015foara, Dl Siegfried GEILHAUSEN \u015fi Consulul Republicii Serbia, Dl Lazar MANOJLOVIC.<\/p>\n<p>Prin acest eveniment, zona Timi\u015foara va putea fi direct inter-conectat\u0103 at\u00e2t \u00een raport cu <b>Platforma Urban\u0103 a Regiunii Dun\u0103rii <\/b>de la Viena, c\u00e2t \u015fi cu principalii factori de decizie care avizeaz\u0103 \u015fi recomand\u0103 aplicarea <b>Strategiei UE pentru Regiunea Dun\u0103rii <\/b>(SUERD) de la Viena, Stuttgart \u015fi Bruxelles. \u00cen principal, organizatorii evenimentului au explicat c\u0103 se urm\u0103re\u015fte dinamizarea procesului de generare a unei liste scurte de proiecte majore prioritare din partea Rom\u00e2niei, care s\u0103 fie cu succes finalizat\u0103 p\u00e2n\u0103 la finele lunii iunie, c\u00e2nd va avea loc edi\u0163ia a 3-a a <b>Forumului Anual al Dun\u0103rii <\/b>la Viena.<\/p>\n<p>\u00cen mod evident, sub-regiunea Banat \u015fi zonele omologe de cooperare din Serbia, Ungaria \u015fi Bulgaria merit\u0103 \u015fi au posibilitatea s\u0103 co-participe cu ideile lor de implicare \u00een proiecte majore, \u00een special pe dou\u0103 direc\u0163ii: <b>inter-conectarea dezvolt\u0103rii traseelor \/ obiectivelor turistice <\/b>din zona Banat; re-pozi\u0163ionarea \u00een context macro-regional a sub-regiunii Banat prin dezvoltare durabil\u0103 \u015fi inovare competitiv\u0103 \u00een cadrul <b>Hubului de Inovare Rom\u00e2nia-Serbia-Bulgaria<\/b>. Drept urmare, \u00een cadrul <i>\u201eProject Market Place\u201d<\/i>, g\u0103zduit de <b>Forumul Inov\u0103rii Dun\u0103re-Marea Neagr\u0103<\/b> (Palatul Parlamentului, 22-23 mai 2014), aceste proiecte vor putea fi aduse \u00een discu\u0163ie \u015fi promovate pentru a se ob\u0163ine \u00een final promovarea \u015fi agreerea lor de c\u0103tre Coordonatorul pentru Consolidare Institu\u0163ional\u0103 \u015fi Cooperare SUERD, reprezentat de Municipalitatea Viena.<\/p>\n<p>\u00cen acela\u015fi context, <b>Platforma Comunit\u0103\u0163ilor Locale Riverane Dun\u0103rii <\/b>(CLDR Rom\u00e2nia) a propus cooptarea comunit\u0103\u0163ii locale prin <b>Prim\u0103ria Municipiului Timi\u015foara<\/b> la <b>Proiectul C.U.P.A. <\/b>(<i>Co-operative Urban Planning Approaches<\/i>) al <b>Agen\u0163iei TINA Viena<\/b> (<i>Urban Technologies &amp; Strategies Agency<\/i>), prin g\u0103zduirea, \u00een cea de-a doua parte a acestui an, a unei reuniuni a edililor \u015fi arhitec\u0163ilor \u015fefi ai ora\u015felor dun\u0103rene, prin care s\u0103 fie sprijinite rezolvarea anumitor chestiuni nevralgice, c\u00e2t \u015fi o mai bun\u0103 parteneriere a proiectelor b\u0103n\u0103\u0163ene cu sprijin vienez \u015fi al altor metropole sau ora\u015fe dun\u0103rene.<\/p>\n<p>Dintre principalii invita\u0163i \u015fi speakeri men\u0163ion\u0103m: <b>Dl Marian VASILE<\/b> &#8211; Vicepre\u015fedinte CJ Timi\u015f; <b>Dna Alina PINTILIE<\/b> &#8211; Director Comunicare Prim\u0103ria Timi\u015foara; <b>Conf. Dr. Mariana BAICU<\/b>, Asocia\u0163ia CINAQ; <b>Av. Dumitru B\u0102DR\u0102GAN<\/b>; <b>Prof. dr. Horia CIOC\u00c2RLIE<\/b> &#8211; Universitatea Politehnica din Timi\u015foara; <b>Prof. dr. Viorel NEGRU<\/b> &#8211; Universitatea de Vest din Timi\u015foara; <b>Prof. Sever AVRAM<\/b> &#8211; Platforma Comunit\u0103\u0163ilor Locale Riverane Dun\u0103rii (CLDR). Evenimentul a fost reflectat \u015fi va fi promovat cu sprijinul canalului TV <b>\u201eNa\u015ful\u201d<\/b>.<\/p>\n<p>Pentru informa\u0163ii suplimentare, cei interesa\u0163i sunt ruga\u0163i s\u0103 contacteze Secretariatul Organizatoric al <a title=\"CLDR - Platforma Comunitatilor Locale Riverane Dunarii\" href=\"http:\/\/www.houseofeurope.ro\/CLDR\/index.html\" target=\"_blank\"><b>Platformei CLDR Rom\u00e2nia<\/b><\/a> la tel.\/fax: 021.2304997; e-mail: <a href=\"mailto:info@houseofeurope.ro\">info@houseofeurope.ro<\/a>.<\/p>\n","protected":false},"excerpt":{"rendered":"<p>Banatul s-a racordat la oportunit\u0103\u0163ile de investi\u0163ii oferite prin\u00a0 Strategia UE pentru Regiunea Dun\u0103rii \u00cen prezen\u0163a a peste 50 de reprezentan\u0163i ai prim\u0103riilor zonei metropolitane Timi\u015foara, ai Consiliului Jude\u0163ean TIMI\u015e, ai altor importante institu\u0163ii coordonate de acestea, ai principalelor universit\u0103\u0163i \u015fi mediului de afaceri timi\u015forean, precum \u015fi ai Agen\u0163iei de Dezvoltare Regional\u0103 a Regiunii de<a class=\"sup-readmore\" href=\"http:\/\/www.houseofeurope.ro\/blog\/banatul-s-a-racordat-la-oportunitatile-de-investitii-oferite-prin-strategia-ue-pentru-regiunea-dunarii\/\">Read More<\/a><\/p>\n","protected":false},"author":1,"featured_media":618,"comment_status":"open","ping_status":"open","sticky":false,"template":"","format":"standard","meta":{"footnotes":""},"categories":[1,8,56,24,50],"tags":[170,95],"_links":{"self":[{"href":"http:\/\/www.houseofeurope.ro\/blog\/wp-json\/wp\/v2\/posts\/617"}],"collection":[{"href":"http:\/\/www.houseofeurope.ro\/blog\/wp-json\/wp\/v2\/posts"}],"about":[{"href":"http:\/\/www.houseofeurope.ro\/blog\/wp-json\/wp\/v2\/types\/post"}],"author":[{"embeddable":true,"href":"http:\/\/www.houseofeurope.ro\/blog\/wp-json\/wp\/v2\/users\/1"}],"replies":[{"embeddable":true,"href":"http:\/\/www.houseofeurope.ro\/blog\/wp-json\/wp\/v2\/comments?post=617"}],"version-history":[{"count":2,"href":"http:\/\/www.houseofeurope.ro\/blog\/wp-json\/wp\/v2\/posts\/617\/revisions"}],"predecessor-version":[{"id":630,"href":"http:\/\/www.houseofeurope.ro\/blog\/wp-json\/wp\/v2\/posts\/617\/revisions\/630"}],"wp:featuredmedia":[{"embeddable":true,"href":"http:\/\/www.houseofeurope.ro\/blog\/wp-json\/wp\/v2\/media\/618"}],"wp:attachment":[{"href":"http:\/\/www.houseofeurope.ro\/blog\/wp-json\/wp\/v2\/media?parent=617"}],"wp:term":[{"taxonomy":"category","embeddable":true,"href":"http:\/\/www.houseofeurope.ro\/blog\/wp-json\/wp\/v2\/categories?post=617"},{"taxonomy":"post_tag","embeddable":true,"href":"http:\/\/www.houseofeurope.ro\/blog\/wp-json\/wp\/v2\/tags?post=617"}],"curies":[{"name":"wp","href":"https:\/\/api.w.org\/{rel}","templated":true}]}}