{"id":679,"date":"2015-01-09T17:47:35","date_gmt":"2015-01-09T15:47:35","guid":{"rendered":"http:\/\/www.houseofeurope.ro\/blog\/?p=679"},"modified":"2015-01-09T17:54:42","modified_gmt":"2015-01-09T15:54:42","slug":"campanie-recrutare-experti-suerd","status":"publish","type":"post","link":"http:\/\/www.houseofeurope.ro\/blog\/campanie-recrutare-experti-suerd\/","title":{"rendered":"Campanie na\u0163ional\u0103 de recrutare \u015fi formare pentru  exper\u0163i, speciali\u015fti \u015fi consultan\u0163i SUERD"},"content":{"rendered":"<p>Odat\u0103 cu noile apeluri \u015fi oportunit\u0103\u0163i de finan\u0163are european\u0103 direct de la Bruxelles, precum \u015fi cu accentul pus de acum \u00eenainte pe participarea la consor\u0163ii extinse pentru proiecte trans-na\u0163ionale majore, mai cu seam\u0103 \u00een contextul geo-economic al macro-regiunii Dun\u0103rii, <strong>Catedra Interna\u0163ional\u0103 Onorific\u0103 \u201eJean Bart\u201d \u00een sprijinul Strategiei UE pentru Regiunea Dun\u0103rii <\/strong>(CIO-SUERD) sprijin\u0103 \u00een mod concret campania noii asocia\u0163ii na\u0163ionale <strong>\u201eComunit\u0103\u0163ile Locale Riverane Dun\u0103rii\u201d<\/strong> (CLDR), fondat\u0103 \u00een noiembrie 2014, \u00een selectarea unor noi exper\u0163i, speciali\u015fti \u015fi consultan\u0163i at\u00e2t din sectorul public, c\u00e2t \u015fi din cel privat pentru a lucra \u00een echipele formate sau pe cale de a fi formate \u00een acest sens.<\/p>\n<p>\u00cen perioada 2014-2020, provoc\u0103rile spre a reu\u015fi o relansare economic\u0103 \u015fi social\u0103 prin instrumentele SUERD \u00een <strong>toate cele 41 de jude\u0163e ale \u0163\u0103rii <\/strong>sunt \u00eenzecite deoarece comunit\u0103\u0163ile locale, universit\u0103\u0163ile \u015fi mediul privat de business trebuie s\u0103 coopereze mult mai str\u00e2ns \u015fi mai coerent laolalt\u0103 cu partenerii din proiectele cu <strong>\u201evaloare ad\u0103ugat\u0103 dun\u0103rean\u0103\u201d <\/strong>la scar\u0103 macro-regional\u0103, potrivit recomand\u0103rilor exprese ale Comisiei Europene \u015fi Comitetului Regiunilor referitoare la activarea <strong>\u201epriorit\u0103\u0163ilor regionale SMART\u201d<\/strong>. De aceea, \u00een parteneriat cu <strong>Academia Rom\u00e2n\u0103<\/strong>, prin <strong>Centrul de Biodiversitate \u201eAcad. David Davidescu\u201d<\/strong>, care coordoneaz\u0103 forme acreditate de preg\u0103tire doctoral\u0103 \u015fi post-doctoral\u0103, <strong>CIO-SUERD <\/strong>invit\u0103 pe to\u0163i cei interesa\u0163i de aceste noi oportunit\u0103\u0163i de formare \u015fi implicare profesional\u0103 \u00een proiecte s\u0103 ia parte la <strong>Sesiunea de Informare \u015fi Training <\/strong>intitulat\u0103 <em>\u201eFundraising (atragere finan\u0163\u0103ri europene) \u015fi Lobby institu\u0163ional \u00een macro-regiunea Dun\u0103rii\u201d<\/em>, care se va desf\u0103\u015fura la sediul <strong>Casei Academiei Rom\u00e2ne <\/strong>din Bucure\u015fti, \u00een data de <strong>5 februarie 2015<\/strong>.<\/p>\n<p>\u00cen urma absolvirii acestei sesiuni, participan\u0163ii vor putea fi coopta\u0163i \u00een cadrul <strong>Registrului Na\u0163ional al Exper\u0163ilor Dun\u0103reni <\/strong>ale c\u0103rui baze au fost puse \u00een septembrie 2012 \u015fi vor fi invita\u0163i s\u0103 participe la proiectele pe care le ini\u0163iaz\u0103 <strong>Asocia\u0163ia \u201c<strong>Comunit\u0103\u0163ile Locale Riverane Dun\u0103rii\u201d<\/strong><\/strong>, \u00een parteneriat \u00een special cu <strong>Asocia\u0163ia Municipalit\u0103\u0163ilor \u015fi Ora\u015felor din Austria<\/strong> \u015fi <strong>Asocia\u0163ia Municipalit\u0103\u0163ilor \u015fi Ora\u015felor din Germania<\/strong>. Absolven\u0163ii primesc, de asemenea, <strong>Certificat de Absolvire <\/strong>eliberat \u00een co-tutel\u0103 de <strong>Catedra Interna\u0163ional\u0103 Onorific\u0103 \u201cJean Bart\u201d <\/strong>\u015fi <strong>Centrul de Biodiversitate al Academiei Rom\u00e2ne<\/strong>.<\/p>\n<p><strong>Speakeri<\/strong> invita\u0163i: <strong>Prof. Univ. Dr. Alexandru T. BOGDAN<\/strong> &#8211; Membru Corespondent al Academiei Rom\u00e2ne; <strong>Prof. Univ. Dr. Petre PRISECARU<\/strong> &#8211; Cercet\u0103tor, Institutul de Economie Mondial\u0103; <strong>Prof. Sever AVRAM<\/strong> &#8211; Coordonator General CIO-SUERD; <strong>Sandu ZAMFIRESCU <\/strong>&#8211; Specialist SEO &amp; Social Media, Phaeton Gala.<\/p>\n<p>Pentru confirmarea particip\u0103rii, cei interesa\u0163i sunt ruga\u0163i s\u0103 completeze <strong>Formularul de \u00censcriere<\/strong> de pe pagina <a href=\"http:\/\/www.houseofeurope.ro\/\">www.HouseofEurope.ro<\/a>. \u00censcrierile se fac \u00een limita celor 20 de locuri disponibile, \u00een baza principiului <em>\u201ePrimul venit &#8211; primul servit\u201d<\/em>, p\u00e2n\u0103 cel t\u00e2rziu \u00een data de <strong>22 ianuarie 2015<\/strong>.<\/p>\n<p><strong>Parteneri Media Asocia\u0163i: <\/strong>Agen\u0163ia Na\u0163ional\u0103 de Pres\u0103 AGERPRES, TVH, ZiarulAlb.ro. <strong>Parteneri Media<\/strong>: Finantare.ro, CalendarEvenimente.ro, CaleaEuropeana.ro, Comunicatii Mobile, Opinia Nationala, SmartFinancial.ro, NewsChannel.ro, Tribuna Economica, ComunicateMedia.ro, Economie si Administratie Locala, Euroconsultanta-Ghidul Firmei, ClubAfaceri.ro, BrandInfo.ro, GhiseulBancar.ro, PRwave.ro, &#8220;EU-RO Clearing Funds&#8221;.<\/p>\n","protected":false},"excerpt":{"rendered":"<p>Odat\u0103 cu noile apeluri \u015fi oportunit\u0103\u0163i de finan\u0163are european\u0103 direct de la Bruxelles, precum \u015fi cu accentul pus de acum \u00eenainte pe participarea la consor\u0163ii extinse pentru proiecte trans-na\u0163ionale majore, mai cu seam\u0103 \u00een contextul geo-economic al macro-regiunii Dun\u0103rii, Catedra Interna\u0163ional\u0103 Onorific\u0103 \u201eJean Bart\u201d \u00een sprijinul Strategiei UE pentru Regiunea Dun\u0103rii (CIO-SUERD) sprijin\u0103 \u00een mod<a class=\"sup-readmore\" href=\"http:\/\/www.houseofeurope.ro\/blog\/campanie-recrutare-experti-suerd\/\">Read More<\/a><\/p>\n","protected":false},"author":1,"featured_media":0,"comment_status":"closed","ping_status":"closed","sticky":false,"template":"","format":"standard","meta":{"footnotes":""},"categories":[8,24,50],"tags":[144,95],"_links":{"self":[{"href":"http:\/\/www.houseofeurope.ro\/blog\/wp-json\/wp\/v2\/posts\/679"}],"collection":[{"href":"http:\/\/www.houseofeurope.ro\/blog\/wp-json\/wp\/v2\/posts"}],"about":[{"href":"http:\/\/www.houseofeurope.ro\/blog\/wp-json\/wp\/v2\/types\/post"}],"author":[{"embeddable":true,"href":"http:\/\/www.houseofeurope.ro\/blog\/wp-json\/wp\/v2\/users\/1"}],"replies":[{"embeddable":true,"href":"http:\/\/www.houseofeurope.ro\/blog\/wp-json\/wp\/v2\/comments?post=679"}],"version-history":[{"count":2,"href":"http:\/\/www.houseofeurope.ro\/blog\/wp-json\/wp\/v2\/posts\/679\/revisions"}],"predecessor-version":[{"id":681,"href":"http:\/\/www.houseofeurope.ro\/blog\/wp-json\/wp\/v2\/posts\/679\/revisions\/681"}],"wp:attachment":[{"href":"http:\/\/www.houseofeurope.ro\/blog\/wp-json\/wp\/v2\/media?parent=679"}],"wp:term":[{"taxonomy":"category","embeddable":true,"href":"http:\/\/www.houseofeurope.ro\/blog\/wp-json\/wp\/v2\/categories?post=679"},{"taxonomy":"post_tag","embeddable":true,"href":"http:\/\/www.houseofeurope.ro\/blog\/wp-json\/wp\/v2\/tags?post=679"}],"curies":[{"name":"wp","href":"https:\/\/api.w.org\/{rel}","templated":true}]}}