{"id":725,"date":"2015-11-04T09:37:21","date_gmt":"2015-11-04T07:37:21","guid":{"rendered":"http:\/\/www.houseofeurope.ro\/blog\/?p=725"},"modified":"2015-11-04T09:38:41","modified_gmt":"2015-11-04T07:38:41","slug":"725-2","status":"publish","type":"post","link":"http:\/\/www.houseofeurope.ro\/blog\/725-2\/","title":{"rendered":"Forumul Anual al Dun\u0103rii &#8211; Ulm 2015 &#8211; Sumar Executiv"},"content":{"rendered":"<p class=\"western\" lang=\"ro-RO\" align=\"center\">\n<p class=\"western\" lang=\"ro-RO\" align=\"center\"><span style=\"font-family: Cambria,serif;\"><b>La Ulm, comunit\u0103\u021bile locale riverane dun\u0103rii &#8211;<\/b><\/span><\/p>\n<p class=\"western\" lang=\"ro-RO\" align=\"center\"><span style=\"font-family: Cambria,serif;\"><b>puternic implicate \u00een construc\u021bia noii Regiuni Europene a Dun\u0103rii<\/b><\/span><\/p>\n<p class=\"western\" lang=\"zxx\" align=\"center\"><span style=\"font-family: Cambria,serif;\"><span lang=\"en-US\"><i>~ <\/i><\/span><\/span><span style=\"font-family: Cambria,serif;\"><i>Sumar Executiv asupra particip\u0103rii CLDR la Forumul Anual al Dun\u0103rii <\/i><\/span><span style=\"font-family: Cambria,serif;\"><span lang=\"en-US\"><i>~<\/i><\/span><\/span><i> <\/i><\/p>\n<p class=\"western\" lang=\"zxx\" align=\"justify\"><span style=\"color: #000000;\"><span style=\"font-family: Cambria,serif;\"><span lang=\"en-US\">Ca <\/span><\/span><\/span><span style=\"color: #000000;\"><span style=\"font-family: Cambria,serif;\"><span lang=\"ro-RO\">\u0219i \u00een anii preceden\u021bi, <\/span><\/span><\/span><span style=\"color: #000000;\"><span style=\"font-family: Cambria,serif;\"><span lang=\"ro-RO\"><b>Forumul Anual al Strategiei Dun\u0103rii<\/b><\/span><\/span><\/span><span style=\"color: #000000;\"><span style=\"font-family: Cambria,serif;\"><span lang=\"ro-RO\">, organizat, de aceast\u0103 dat\u0103, \u00een cadrul Pre\u0219edin\u021biei asigurate de Guvernul Landului Baden W<\/span><\/span><\/span><span style=\"color: #000000;\"><span style=\"font-family: Cambria,serif;\"><span lang=\"de-DE\">\u00fc<\/span><\/span><\/span><span style=\"color: #000000;\"><span style=\"font-family: Cambria,serif;\"><span lang=\"ro-RO\">rttemberg, a captat interesul unui spectru larg de stakeholderi, parteneri \u0219i suporteri, care au participat \u00een num\u0103r de peste 1100 la evenimentele de la Ulm.<\/span><\/span><\/span><\/p>\n<p class=\"western\" lang=\"ro-RO\" align=\"justify\"><span style=\"font-family: Cambria,serif;\"><b>I.<\/b><\/span><\/p>\n<p class=\"western\" lang=\"zxx\" align=\"justify\"><span style=\"color: #000000;\"><span style=\"font-family: Cambria,serif;\"><span lang=\"ro-RO\">Componenta marcat\u0103 de vocea societ\u0103\u021bii civile a fost, \u00een acest an, ceva mai puternic\u0103. \u00cen cadrul <\/span><\/span><\/span><span style=\"color: #000000;\"><span style=\"font-family: Cambria,serif;\"><span lang=\"ro-RO\"><b>Rezolu\u021biei<\/b><\/span><\/span><\/span><span style=\"color: #000000;\"><span style=\"font-family: Cambria,serif;\"><span lang=\"ro-RO\"> adoptate \u00een acest sens, cu ocazia celei de-a doua edi\u021bii a <\/span><\/span><\/span><span style=\"color: #000000;\"><span style=\"font-family: Cambria,serif;\"><span lang=\"ro-RO\"><b>Zilei Particip\u0103rii<\/b><\/span><\/span><\/span><span style=\"color: #000000;\"><span style=\"font-family: Cambria,serif;\"><span lang=\"ro-RO\">, coordonat\u0103 \u00een principal de <\/span><\/span><\/span><span style=\"color: #000000;\"><span style=\"font-family: Cambria,serif;\"><span lang=\"ro-RO\"><b>Funda\u021bia Foster Europe<\/b><\/span><\/span><\/span><span style=\"color: #000000;\"><span style=\"font-family: Cambria,serif;\"><span lang=\"ro-RO\">, se men\u021bioneaz\u0103 necesitatea unei revizuiri a <\/span><\/span><\/span><span style=\"color: #000000;\"><span style=\"font-family: Cambria,serif;\"><span lang=\"ro-RO\"><b>Planului de Ac\u021biune SUERD <\/b><\/span><\/span><\/span><span style=\"color: #000000;\"><span style=\"font-family: Cambria,serif;\"><span lang=\"ro-RO\">\u0219i a unei integr\u0103ri a organiza\u021biilor neguvernamentale relevante \u00een cadrul guvernan\u021bei la nivel macro-regional. Organizatorii solicit\u0103 inclusiv desf\u0103\u0219urarea de <\/span><\/span><\/span><span style=\"color: #000000;\"><span style=\"font-family: Cambria,serif;\"><span lang=\"ro-RO\"><b>Audieri Publice <\/b><\/span><\/span><\/span><span style=\"color: #000000;\"><span style=\"font-family: Cambria,serif;\"><span lang=\"ro-RO\">\u00een fiecare Stat Membru \u0219i schimburi de experien\u021b\u0103 cu de\u021bin\u0103tori de interese din Statele non-Membre SUERD pentru a dezvolta mult mai concludent \u0219i mai puternic cultura particip\u0103rii civice \u00een regiune. <\/span><\/span><\/span><\/p>\n<p class=\"western\" lang=\"ro-RO\" align=\"justify\"><span style=\"font-family: Cambria,serif;\"><b>II.<\/b><\/span><\/p>\n<p class=\"western\" lang=\"zxx\" align=\"justify\"><span style=\"color: #000000;\"><span style=\"font-family: Cambria,serif;\"><span lang=\"ro-RO\">\u00cen ajunul primei zile a lucr\u0103rilor Forumului Dun\u0103rii, la sediul B\u0103ncii Sparkasse din Ulm a avut loc cea de-a 8-a Conferin\u021b\u0103 a <\/span><\/span><\/span><span style=\"color: #000000;\"><span style=\"font-family: Cambria,serif;\"><span lang=\"ro-RO\"><b>Consiliului Ora\u0219elor \u0219i Regiunilor Dun\u0103rii<\/b><\/span><\/span><\/span><span style=\"color: #000000;\"><span style=\"font-family: Cambria,serif;\"><span lang=\"ro-RO\"> (CoDCR), moderat\u0103 de Coordonatorul General Peter LANGER. Evenimentul s-a bucurat de prezen\u021ba \u0219i prezent\u0103rile unor importante personalit\u0103\u021bi, inclusiv a Ministrului pentru Afaceri Europene al Landului Baden W<\/span><\/span><\/span><span style=\"color: #000000;\"><span style=\"font-family: Cambria,serif;\"><span lang=\"de-DE\">\u00fc<\/span><\/span><\/span><span style=\"color: #000000;\"><span style=\"font-family: Cambria,serif;\"><span lang=\"ro-RO\">rttemberg, Peter FRIEDRICH, a Pre\u0219edintelui CoDCR, Ivo GONNER, a Primarului General al Bratislavei, Ivo NESROVNAL, al Primarului General al Regensburgului (landul Bavaria), Joachim WOLBERGS, etc. O ampl\u0103 delega\u021bie din partea <\/span><\/span><\/span><span style=\"color: #000000;\"><span style=\"font-family: Cambria,serif;\"><span lang=\"ro-RO\"><b>Asocia\u021biei <\/b><\/span><\/span><\/span><span style=\"color: #000000;\"><span style=\"font-family: Cambria,serif;\"><span lang=\"en-US\"><b>&#8220;<\/b><\/span><\/span><\/span><span style=\"color: #000000;\"><span style=\"font-family: Cambria,serif;\"><span lang=\"ro-RO\"><b>Comunit\u0103\u021bilor Locale Riverane Dun\u0103rii<\/b><\/span><\/span><\/span><span style=\"color: #000000;\"><span style=\"font-family: Cambria,serif;\"><span lang=\"en-US\"><b>&#8220;<\/b><\/span><\/span><\/span><b> <\/b><span style=\"color: #000000;\"><span style=\"font-family: Cambria,serif;\"><span lang=\"ro-RO\">(CLDR)<\/span><\/span><\/span><span style=\"color: #000000;\"><span style=\"font-family: Cambria,serif;\"><span lang=\"en-US\"> a fost, de asemenea, prezent<\/span><\/span><\/span><span style=\"color: #000000;\"><span style=\"font-family: Cambria,serif;\"><span lang=\"ro-RO\">\u0103. \u00cen cadrul lucr\u0103rilor au fost prezentate \u0219i c\u00e2teva proiecte concrete care sunt sprijinite spre finan\u021bare de grupurile de lucru <\/span><\/span><\/span><span style=\"color: #000000;\"><span style=\"font-family: Cambria,serif;\"><span lang=\"ro-RO\"><b>ARGE Donau <\/b><\/span><\/span><\/span><span style=\"color: #000000;\"><span style=\"font-family: Cambria,serif;\"><span lang=\"ro-RO\">constituite pe l\u00e2ng\u0103 CoDCR. Au fost adoptate o serie de documente de pozi\u021bie: <\/span><\/span><\/span><span style=\"color: #000000;\"><span style=\"font-family: Cambria,serif;\"><span lang=\"ro-RO\"><b>Declara\u021bia de la Ulm<\/b><\/span><\/span><\/span><span style=\"color: #000000;\"><span style=\"font-family: Cambria,serif;\"><span lang=\"ro-RO\"> (<\/span><\/span><\/span><span style=\"color: #000000;\"><span style=\"font-family: Cambria,serif;\"><span lang=\"en-US\">&#8220;<\/span><\/span><\/span><span style=\"color: #000000;\"><span style=\"font-family: Cambria,serif;\"><span lang=\"ro-RO\">Smart Green and Social Danube Cities<\/span><\/span><\/span><span style=\"color: #000000;\"><span style=\"font-family: Cambria,serif;\"><span lang=\"en-US\">&#8220;<\/span><\/span><\/span><span style=\"color: #000000;\"><span style=\"font-family: Cambria,serif;\"><span lang=\"ro-RO\">), destinat\u0103 creerii noii Regiuni Europene a Dun\u0103rii \u0219i <\/span><\/span><\/span><span style=\"color: #000000;\"><span style=\"font-family: Cambria,serif;\"><span lang=\"ro-RO\"><b>Declara\u021bia Comun\u0103 <\/b><\/span><\/span><\/span><span style=\"color: #000000;\"><span style=\"font-family: Cambria,serif;\"><span lang=\"ro-RO\">a Grupurilor de Lucru \u0219i a CoDCR privind criza refugia\u021bilor, \u00een care se recomand\u0103 \u00een mod special evitarea alunec\u0103rii sub presiunea mi\u0219c\u0103rilor populist-na\u021bionaliste, care pot reface linii istorice de demarca\u021bie \u00eentre na\u021biuni \u0219i pot distruge perspectivele unei p\u0103ci \u0219i prosperit\u0103\u021bi durabile \u00een macro-regiunea danubian\u0103. La final, a fost ales pentru o perioad\u0103 de doi ani noul <\/span><\/span><\/span><span style=\"color: #000000;\"><span style=\"font-family: Cambria,serif;\"><span lang=\"ro-RO\"><b>Comitet Executiv al CoDCR<\/b><\/span><\/span><\/span><span style=\"color: #000000;\"><span style=\"font-family: Cambria,serif;\"><span lang=\"ro-RO\">, av\u00e2nd drept pre\u0219edinte pe Primarul General al Capitalei Slovaciei, \u021bar\u0103 care va prelua Pre\u0219edin\u021bia SUERD \u00een ianuarie 2016. Drept o confirmare a eforturilor f\u0103cute de Asocia\u021bia CLDR \u00een cadrul procesului de implementare SUERD, \u00een cadrul Comitetului Executiv CoDCR a fost cooptat \u0219i <\/span><\/span><\/span><span style=\"color: #000000;\"><span style=\"font-family: Cambria,serif;\"><span lang=\"ro-RO\"><b>Pre\u0219edintele CLDR, Primarul Ora\u0219ului H\u00e2r\u0219ova, Tudor N\u0102DRAG<\/b><\/span><\/span><\/span><span style=\"color: #000000;\"><span style=\"font-family: Cambria,serif;\"><span lang=\"ro-RO\">. <\/span><\/span><\/span><\/p>\n<p class=\"western\" lang=\"ro-RO\" align=\"justify\"><span style=\"font-family: Cambria,serif;\"><b>III.<\/b><\/span><\/p>\n<p class=\"western\" lang=\"zxx\" align=\"justify\"><span style=\"color: #000000;\"><span style=\"font-family: Cambria,serif;\"><span lang=\"ro-RO\">\u00cen a doua jum\u0103tate a zilei de 29 octombrie \u0219i \u00een 30 octombrie 2015, a avut loc <\/span><\/span><\/span><span style=\"color: #000000;\"><span style=\"font-family: Cambria,serif;\"><span lang=\"ro-RO\"><b>Forumul Anual al Dun\u0103rii<\/b><\/span><\/span><\/span><span style=\"color: #000000;\"><span style=\"font-family: Cambria,serif;\"><span lang=\"ro-RO\">, onorat de importan\u021bi lideri politici, inclusiv de <\/span><\/span><\/span><span style=\"color: #000000;\"><span style=\"font-family: Cambria,serif;\"><span lang=\"ro-RO\"><b>Comisarul European pentru Politici Regionale\/SUERD, Corina CRE\u021aU<\/b><\/span><\/span><\/span><span style=\"color: #000000;\"><span style=\"font-family: Cambria,serif;\"><span lang=\"ro-RO\">. De\u0219i lu\u0103rile de cuv\u00e2nt au fost puternic marcate de subiectul crizei refugia\u021bilor, mesajele transmise au fost \u00een genere \u00eencurajatoare \u0219i constructive, inclusiv prin anun\u021barea a noi disponibiliz\u0103ri de fonduri europene pentru implementarea Agendei Urbane \u0219i a Inov\u0103rii \u00een zona dun\u0103rean\u0103. Cu toate acestea, \u00een mod public, nu au fost avansate angajamente clare de co-finan\u021bare din partea unora dintre Statele Membre, precum Rom\u00e2nia, ceea ce pune sub un anumit semn al \u00eentreb\u0103rii realismul \u0219i sustenabilitatea ambi\u021bioaselor ini\u021biative evocate cu acest prilej. <\/span><\/span><\/span><\/p>\n<p class=\"western\" lang=\"zxx\" align=\"justify\"><span style=\"color: #000000;\"><span style=\"font-family: Cambria,serif;\"><span lang=\"ro-RO\">\u00cen cadrul numeroaselor sesiuni tematice pe cele mai diverse teme, au avut loc schimburi de opinii \u0219i prezent\u0103ri de ini\u021biative \u0219i proiecte care s\u0103 prefigureze trecerea la un nou nivel de abordare cu privire la transpunerea \u00een practic\u0103 a Strategiei. Totu\u0219i, principalii deciden\u021bi europeni prezen\u021bi, \u00een special din cadrul Comisiei Europene, din Germania \u0219i Austria, nu au fost \u00eenc\u0103 \u00een m\u0103sur\u0103 s\u0103 prezinte solu\u021bii concertate pentru accelerarea ritmului de aplicare a Strategiei Dun\u0103rii \u0219i nici s\u0103 stabileasc\u0103 <\/span><\/span><\/span><span style=\"color: #000000;\"><span style=\"font-family: Cambria,serif;\"><span lang=\"ro-RO\"><b>un<\/b><\/span><\/span><\/span> <span style=\"color: #000000;\"><span style=\"font-family: Cambria,serif;\"><span lang=\"ro-RO\"><b>mecanism func\u021bional mai flexibil de coordonare la nivel macro-regional<\/b><\/span><\/span><\/span><span style=\"color: #000000;\"><span style=\"font-family: Cambria,serif;\"><span lang=\"ro-RO\"> care s\u0103 \u00eenl\u0103ture din neajunsurile provocate de o anumit\u0103 dispersie decizional\u0103, un fragmentarism al intereselor sub-regionale \u0219i de absen\u021ba unei viziuni globale mai \u00eendr\u0103zne\u021be \u0219i mai pu\u021bin egoiste la nivel na\u021bional.<\/span><\/span><\/span><\/p>\n<p class=\"western\" lang=\"zxx\" align=\"justify\"><span style=\"color: #000000;\"><span style=\"font-family: Cambria,serif;\"><span lang=\"ro-RO\">\u00cen mod separat, mini\u0219trii responsabili pentru gestionarea fondurilor europene din Statele Membre SUERD s-au reunit pentru a compara gradele lor de interes pentru cooperarea teritorial\u0103 extins\u0103 \u0219i capacitatea de angajare a unor energii \u021bintite corect, \u00een special prin co-interesarea mediului de afaceri \u00een scopul particip\u0103rii la c\u00e2t mai multe proiecte majore \u00een <\/span><\/span><\/span><span style=\"color: #000000;\"><span style=\"font-family: Cambria,serif;\"><span lang=\"ro-RO\"><b>sistem de parteneriat public-privat <\/b><\/span><\/span><\/span><span style=\"color: #000000;\"><span style=\"font-family: Cambria,serif;\"><span lang=\"ro-RO\">\u0219i la implementarea <\/span><\/span><\/span><span style=\"color: #000000;\"><span style=\"font-family: Cambria,serif;\"><span lang=\"ro-RO\"><b>Fondului de Investi\u021bii Strategice<\/b><\/span><\/span><\/span><span style=\"color: #000000;\"><span style=\"font-family: Cambria,serif;\"><span lang=\"ro-RO\">, coordonat de Comisia European\u0103 \u0219i finan\u021bat de Banca European\u0103 de Investi\u021bii. <\/span><\/span><\/span><\/p>\n<p class=\"western\" lang=\"zxx\" align=\"justify\"><span style=\"color: #000000;\"><span style=\"font-family: Cambria,serif;\"><span lang=\"ro-RO\"><b>\u00cen loc de concluzii. <\/b><\/span><\/span><\/span><span style=\"color: #000000;\"><span style=\"font-family: Cambria,serif;\"><span lang=\"ro-RO\">\u00cen pofida num\u0103rului mare de sec\u021biuni desf\u0103\u0219urate \u00een paralel, ca \u0219i a num\u0103rului sporit de participan\u021bi, edi\u021bia din acest an \u0219i-a atins \u00eentr-o m\u0103sur\u0103 apreciabil\u0103 scopurile, fie \u0219i prin invocarea argumentelor care merit\u0103 mai degrab\u0103 s\u0103 uneasc\u0103 energiile \u0219i resursele la nivel regional, dec\u00e2t s\u0103 le dezbine \u0219i izoleze. Diferen\u021bele dintre abord\u0103ri na\u021bionale \u0219i locale persist\u0103 \u00eens\u0103, iar problemele cele mai dificil de traversat sunt legate de noutatea transpunerii <\/span><\/span><\/span><span style=\"color: #000000;\"><span style=\"font-family: Cambria,serif;\"><span lang=\"ro-RO\"><b>specializ\u0103rilor regionale SMART<\/b><\/span><\/span><\/span><span style=\"color: #000000;\"><span style=\"font-family: Cambria,serif;\"><span lang=\"ro-RO\">, mai ales \u00een state precum Bulgaria \u0219i Rom\u00e2nia, c\u00e2t \u0219i de vulnerabilitatea institu\u021biilor \u0219i ne\u00eencrederea cet\u0103\u021benilor \u00een institu\u021biile existente, mai ales c\u00e2nd devine cu at\u00e2t mai necesar\u0103 exprimarea unei atitudini civice pro-active. Un pas semnificativ va putea fi f\u0103cut mai ales dac\u0103 mi\u0219c\u0103rile na\u021bionalist-extremiste vor fi \u00eempiedicate s\u0103 scindeze societatea civil\u0103 \u0219i s\u0103 compromit\u0103 \u00eentreaga construc\u021bie UE, dup\u0103 cum au eviden\u021biat reprezentan\u021bii landurilor germane la lucr\u0103ri. Nu \u00een ultimul r\u00e2nd, precaritatea resurselor financiare puse deocamdat\u0103 la dispozi\u021bie face imperativ necesar\u0103 cooptarea altor mijloace de co-finan\u021bare, \u00een special a <\/span><\/span><\/span><span style=\"color: #000000;\"><span style=\"font-family: Cambria,serif;\"><span lang=\"ro-RO\"><b>fondurilor private de investi\u021bii<\/b><\/span><\/span><\/span><span style=\"color: #000000;\"><span style=\"font-family: Cambria,serif;\"><span lang=\"ro-RO\"> \u0219i a aranjamentelor \u00een sistemul <\/span><\/span><\/span><span style=\"color: #000000;\"><span style=\"font-family: Cambria,serif;\"><span lang=\"ro-RO\"><b>parteneriatelor public-private<\/b><\/span><\/span><\/span><span style=\"color: #000000;\"><span style=\"font-family: Cambria,serif;\"><span lang=\"ro-RO\">. <\/span><\/span><\/span><\/p>\n<p class=\"western\" lang=\"zxx\" align=\"justify\"><span style=\"color: #000000;\"><span style=\"font-family: Cambria,serif;\"><span lang=\"ro-RO\">Din punctul de vedere al priorit\u0103\u021bilor majore ale Rom\u00e2niei, a rezultat clar c\u0103 se impune activarea unui <\/span><\/span><\/span><span style=\"color: #000000;\"><span style=\"font-family: Cambria,serif;\"><span lang=\"ro-RO\"><b>lobby institu\u021bional dun\u0103rean <\/b><\/span><\/span><\/span><span style=\"color: #000000;\"><span style=\"font-family: Cambria,serif;\"><span lang=\"ro-RO\">mult mai coerent \u0219i consistent, un sistem de lucru prin <\/span><\/span><\/span><span style=\"color: #000000;\"><span style=\"font-family: Cambria,serif;\"><span lang=\"ro-RO\"><b>consultare structurat\u0103<\/b><\/span><\/span><\/span><span style=\"color: #000000;\"><span style=\"font-family: Cambria,serif;\"><span lang=\"ro-RO\"> permanent\u0103 \u0219i <\/span><\/span><\/span><span style=\"color: #000000;\"><span style=\"font-family: Cambria,serif;\"><span lang=\"ro-RO\"><b>inter-cooperare<\/b><\/span><\/span><\/span><span style=\"color: #000000;\"><span style=\"font-family: Cambria,serif;\"><span lang=\"ro-RO\">, care s\u0103 elimine at\u00e2t prejudec\u00ee\u021bi \u0219i bariere provinciale, c\u00e2t \u0219i s\u0103 antreneze noi parteneri \u00een favoarea unei schimb\u0103ri la fa\u021b\u0103 a regiunii \u0219i a \u00eembun\u0103t\u0103\u021birii competitivit\u0103\u021bii sale \u00een raport cu ceilal\u021bi mari competitori economici la nivel global.<\/span><\/span><\/span><\/p>\n","protected":false},"excerpt":{"rendered":"<p>La Ulm, comunit\u0103\u021bile locale riverane dun\u0103rii &#8211; puternic implicate \u00een construc\u021bia noii Regiuni Europene a Dun\u0103rii ~ Sumar Executiv asupra particip\u0103rii CLDR la Forumul Anual al Dun\u0103rii ~ Ca \u0219i \u00een anii preceden\u021bi, Forumul Anual al Strategiei Dun\u0103rii, organizat, de aceast\u0103 dat\u0103, \u00een cadrul Pre\u0219edin\u021biei asigurate de Guvernul Landului Baden W\u00fcrttemberg, a captat interesul unui<a class=\"sup-readmore\" href=\"http:\/\/www.houseofeurope.ro\/blog\/725-2\/\">Read More<\/a><\/p>\n","protected":false},"author":1,"featured_media":726,"comment_status":"open","ping_status":"open","sticky":false,"template":"","format":"standard","meta":{"footnotes":""},"categories":[1],"tags":[150,88,180,95],"_links":{"self":[{"href":"http:\/\/www.houseofeurope.ro\/blog\/wp-json\/wp\/v2\/posts\/725"}],"collection":[{"href":"http:\/\/www.houseofeurope.ro\/blog\/wp-json\/wp\/v2\/posts"}],"about":[{"href":"http:\/\/www.houseofeurope.ro\/blog\/wp-json\/wp\/v2\/types\/post"}],"author":[{"embeddable":true,"href":"http:\/\/www.houseofeurope.ro\/blog\/wp-json\/wp\/v2\/users\/1"}],"replies":[{"embeddable":true,"href":"http:\/\/www.houseofeurope.ro\/blog\/wp-json\/wp\/v2\/comments?post=725"}],"version-history":[{"count":3,"href":"http:\/\/www.houseofeurope.ro\/blog\/wp-json\/wp\/v2\/posts\/725\/revisions"}],"predecessor-version":[{"id":729,"href":"http:\/\/www.houseofeurope.ro\/blog\/wp-json\/wp\/v2\/posts\/725\/revisions\/729"}],"wp:featuredmedia":[{"embeddable":true,"href":"http:\/\/www.houseofeurope.ro\/blog\/wp-json\/wp\/v2\/media\/726"}],"wp:attachment":[{"href":"http:\/\/www.houseofeurope.ro\/blog\/wp-json\/wp\/v2\/media?parent=725"}],"wp:term":[{"taxonomy":"category","embeddable":true,"href":"http:\/\/www.houseofeurope.ro\/blog\/wp-json\/wp\/v2\/categories?post=725"},{"taxonomy":"post_tag","embeddable":true,"href":"http:\/\/www.houseofeurope.ro\/blog\/wp-json\/wp\/v2\/tags?post=725"}],"curies":[{"name":"wp","href":"https:\/\/api.w.org\/{rel}","templated":true}]}}