{"id":731,"date":"2016-01-13T14:52:22","date_gmt":"2016-01-13T12:52:22","guid":{"rendered":"http:\/\/www.houseofeurope.ro\/blog\/?p=731"},"modified":"2016-01-13T14:52:22","modified_gmt":"2016-01-13T12:52:22","slug":"selectia-si-formarea-retelei-nationale-a-ofiterilor-dunareni","status":"publish","type":"post","link":"http:\/\/www.houseofeurope.ro\/blog\/selectia-si-formarea-retelei-nationale-a-ofiterilor-dunareni\/","title":{"rendered":"Selec\u021bia \u0219i formarea Re\u021belei Na\u021bionale a Ofi\u021berilor Dun\u0103reni"},"content":{"rendered":"<p style=\"text-align: center;\"><a href=\"http:\/\/www.houseofeurope.ro\/blog\/wp-content\/uploads\/2016\/01\/Acad_ed2.jpg\" rel=\"attachment wp-att-732\"><img loading=\"lazy\" decoding=\"async\" class=\"aligncenter size-large wp-image-732\" src=\"http:\/\/www.houseofeurope.ro\/blog\/wp-content\/uploads\/2016\/01\/Acad_ed2-1024x720.jpg\" alt=\"Acad_ed2\" width=\"900\" height=\"633\" srcset=\"http:\/\/www.houseofeurope.ro\/blog\/wp-content\/uploads\/2016\/01\/Acad_ed2.jpg 1024w, http:\/\/www.houseofeurope.ro\/blog\/wp-content\/uploads\/2016\/01\/Acad_ed2-300x211.jpg 300w, http:\/\/www.houseofeurope.ro\/blog\/wp-content\/uploads\/2016\/01\/Acad_ed2-768x540.jpg 768w\" sizes=\"(max-width: 900px) 100vw, 900px\" \/><\/a><\/p>\n<p style=\"text-align: center;\"><strong>~ INVITA\u021aIE ~<\/strong><\/p>\n<p>Prin <strong>Strategia UE pentru Regiunea Dun\u0103rii<\/strong> (SUERD), la care Rom\u00e2nia este parte \u00een mod oficial prin Tratatul Consiliului UE adoptat \u00een iunie 2011, at\u00e2t sectorul public, c\u00e2t \u0219i mediul privat dispun \u00een prezent de un cadru institu\u021bional \u0219i juridic bine articulat, de un plan de ac\u021biuni concrete, c\u00e2t \u0219i de fonduri substan\u021biale, nu doar prin <strong>Programul Transna\u021bional \u201dDun\u0103rea\u201d<\/strong>, ci \u0219i prin <strong>COSME<\/strong>, <strong>ERASMUS+<\/strong>, <strong>Ac\u021biuni Urbane Inovative<\/strong> sau <strong>Fondul European pentru Investi\u021bii Strategice<\/strong>. Cu toate acestea, pentru ca prim\u0103riile \u00eempreun\u0103 cu partenerii din mediul academic \u0219i zona de business s\u0103 poat\u0103 fi atrase \u00een mod coerent \u0219i cu beneficii clare, este necesar\u0103 o mult mai bun\u0103 explicare \u0219i \u00een\u021belegere a oportunit\u0103\u021bilor furnizate prin SUERD, c\u00e2t \u0219i a noului stil de lucru care se impune la nivel macro-regional prin cooperare teritorial\u0103 intensificat\u0103.<\/p>\n<p>\u00cen acest sens, <strong>Consiliul Ora\u0219elor \u0219i Regiunilor Dun\u0103rii<\/strong> (CoDCR) a decis prin <em>Declara\u021bia Oficial\u0103 de la Ulm<\/em> (octombrie 2015) s\u0103 recomande \u00een mod expres \u00eenfiin\u021barea pozi\u021biei de <strong>\u201dOfi\u021ber Dun\u0103rean\u201d<\/strong> \u00een toate prim\u0103riile \u0219i institu\u021biile publice partenere, co-interesate s\u0103 participe \u0219i beneficieze de programele de finan\u021bare puse la dispozi\u021bie, ca \u0219ans\u0103 a relans\u0103rii industriale la nivel na\u021bional \u0219i macro-regional.<\/p>\n<p><strong>Ofi\u021berii Dun\u0103reni<\/strong> vor fi selecta\u021bi din r\u00e2ndul func\u021bionarilor publici, cercet\u0103torilor, exper\u021bilor, consultan\u021bilor \u0219i managerilor care vor putea inter-comunica \u00een mod direct cu principalii factori de decizie SUERD la nivel european \u0219i na\u021bional: <strong>Pre\u0219edin\u021bia SUERD<\/strong> \u0219i CoDCR, ce va \u0219i de\u021binut\u0103 de Slovacia, respectiv Bratislava; <strong>Comisia European\u0103<\/strong> \u2013 DG REGIO; Punctul de Contact SUERD de la Bruxelles; Coordonatorii celor 11 Arii Prioritare SUERD, precum \u0219i ale Grupurilor de Lucru <strong>ARGE Donau<\/strong>; Coordonatorii Na\u021bionali SUERD; <strong>Danubius Academic Consortium<\/strong> (DAC \u2013 Baden Wurttemberg); <strong>Danube Civil Society Forum<\/strong> \u0219i Secretariatul <strong>CLDR Rom\u00e2nia<\/strong>, care poate asigura gestionarea <strong>Re\u021belei Na\u021bionale a Ofi\u021berilor Dun\u0103reni<\/strong>, \u00een special prin bunele raporturi de comunicare \u0219i lobby cu Platforma Urban\u0103 a Regiunii Dun\u0103rii (Viena), Comitetul Executiv CoDCR \u0219i Coordonatorul European SUERD din parte Comisiei Europene.<\/p>\n<p>Drept o continuare \u00eembun\u0103t\u0103\u021bit\u0103 a formelor de preg\u0103tire anterioare, <strong>CLDR Rom\u00e2nia<\/strong>, <strong>Academia Rom\u00e2n\u0103<\/strong>, <strong>Catedra Interna\u021bional\u0103 Onorific\u0103 \u201dJean Bart\u201d<\/strong> (CIO-SUERD), precum \u0219i unversit\u0103\u021bile membre ale <strong>Centrului Dun\u0103rean de Cooperare Inter-Academic\u0103<\/strong>, \u00een parteneriat \u0219i cu amabilul sprijin al<strong> Institutului de Studii Populare<\/strong>, au decis s\u0103 organizeze edi\u021bia a II-a a<strong> Academiei Tinerilor Lideri Dun\u0103reni<\/strong>, proiect lansat la sediul Senatului Rom\u00e2niei \u00een septembrie 2015, la<strong> Bucure\u0219ti \u2013 Sala de Conferin\u021be a Institutului de Studii Populare<\/strong> (\u201dBlocul Diplomatic\u201d \u2013 Str. Alecu Russo nr. 13-19), \u00een perioada<strong> 29-30 ianuarie 2016<\/strong>.<\/p>\n<blockquote><p><strong><a href=\"http:\/\/www.cldr.ro\/wp-content\/uploads\/2016\/01\/Agenda_OfiteriDunareni_RO.doc\" rel=\"\">AGENDA EVENIMENTULUI<\/a><\/strong><\/p><\/blockquote>\n<p>Sesiunea este prefa\u021bat\u0103 de urm\u0103toarele personalit\u0103\u021bi: <strong>R\u0103zvan OR\u0102\u0218ANU<\/strong> \u2013 Directorul Executiv al Institutului de Studii Populare, <strong>Acad. Alexandru T. BOGDAN<\/strong> \u2013 Centrul de Biodiversitate al Academiei Rom\u00e2ne, <strong>Senator Octavian MOTOC<\/strong> \u2013 Comisia de Afaceri Europene a Senatului Romaniei, <strong>Senator Prof. Dorin DOBRA<\/strong> \u2013 Universitatea Babe\u0219 Bolyai \u0219i <strong>Ambasador Silvia DAVIDOIU<\/strong> \u2013 Coordonatorul Na\u021bional al Strategiei Dun\u0103rii \u2013 Ministerul Afacerilor Externe.<\/p>\n<p>Ca invita\u021bi speciali \u0219i speakeri men\u021bion\u0103m reprezentan\u021bii principalelor institu\u021bii \u0219i organiza\u021bii de resort: <strong>Consiliul Ora\u0219elor \u0219i Regiunilor Dun\u0103rii<\/strong> (CoDCR), <strong>Platforma Urban\u0103 a Regiunii Dun\u0103rii<\/strong>, <strong>Biroul Coordonatorului Na\u021bional SUERD<\/strong> \u2013 Ministerul Afacerilor Externe, <strong>Danubius Academic Consortium<\/strong> (DAC), <strong>Academia Rom\u00e2n\u0103<\/strong>,<strong> Asocia\u021bia Municipiilor din Rom\u00e2nia<\/strong>, <strong>Asocia\u0163ia Consultan\u0163ilor din Rom\u00e2nia pentru Accesarea Fondurilor Europene<\/strong> (ACRAFE), precum \u0219i, ca traineri: <strong>Dr. Costin LIANU<\/strong>, reprezentantul Centrului Pro Business \u2013 Universitatea Spiru Haret\/Consiliul de Export; <strong>Dr. Octavian \u0218ERBAN<\/strong>, Pre\u0219edintele Knowledge Management Institute\/Knomacons; <strong>Dr. Georgeta GHE\u021aE-D\u0102N\u0102U<\/strong>, Pre\u0219edintele Asocia\u021biei Profesionale a Form\u0103rii \u00een Administra\u021bia Public\u0103 Local\u0103 (CINAQ), <strong>Sever AVRAM<\/strong>, Pre\u0219edinte Executiv CLDR Rom\u00e2nia \/Coordonator General CIO-SUERD.<\/p>\n<p>Principalele linii de formare \u0219i competen\u021be:<\/p>\n<ul>\n<li><strong>Prezentarea Strategiei UE pentru Regiunea Dun\u0103rii<\/strong> <strong>(SUERD) \u0219i a structurii institu\u021bionale \u0219i decizionale SUERD<\/strong> \u2013 adaptarea conform schimb\u0103rilor \u00een mers, \u00een special revizuirii SUERD \u00een curs, cu accent pe rolul de interac\u021biune al autorit\u0103\u021bilor publice locale \u0219i al birourilor dun\u0103rene din cadrul universit\u0103\u021bilor partenere.<\/li>\n<li><strong>Modalit\u0103\u021bile de inter-comunicare<\/strong>, proces de rela\u021bii publice \u0219i lobby institu\u021bional \u00een cadrul procesului de implementare.<\/li>\n<li><strong>Formarea consor\u021biilor de parteneri<\/strong>, managementul de proiect \u0219i sprijinirea proceselor regionale de inovare SMART.<\/li>\n<li><strong>Utilizarea eficient\u0103 a activit\u0103\u021bii clusterelor<\/strong> \u0219i alian\u021belor antreprenoriale pentru cre\u0219terea particip\u0103rii comunit\u0103\u021bilor \u0219i asigurarea sprijinului cet\u0103\u021benilor \u00een procesul de dezvoltare durabil\u0103 \u0219i de inovare local\u0103 \u0219i regional\u0103.<\/li>\n<\/ul>\n<p><strong>Diploma de Absolvire<\/strong> va fi eliberat\u0103 \u00een co-tutel\u0103 de Departamentul de Formare din cadrul <strong>CLDR Rom\u00e2nia<\/strong>, <strong>Catedra Interna\u021bional\u0103 Onorific\u0103 \u201dJean Bart\u201d<\/strong> (CIO-SUERD), \u00een parteneriat cu <strong>Academia Rom\u00e2n\u0103 \u2013 Centrul de Biodiversitate<\/strong> \u0219i cu <strong>Institutul de Studii Populare<\/strong>, \u0219i va fi \u00eenso\u021bit\u0103 de o Anex\u0103 pentru detalierea competen\u021belor acumulate \u00een cursul sesiunii de leadership. Absolven\u021bii vor fi coopta\u021bi \u00een cadrul <strong>Re\u021belei Na\u021bionale a Ofi\u021berilor Dun\u0103reni<\/strong> \u0219i aceasta le va conferi prioritate \u00een implicarea \u00een consor\u021bii, ini\u021biative \u0219i proiecte cu impact macro-regional, \u00eei va conecta la informa\u021biile, oportunit\u0103\u021bile \u0219i resursele de finan\u021bare decise la nivel european \u0219i \u00eei va men\u021bine activi \u00een procesul de formare \u0219i implementare al Strategiei UE pentru Regiunea Dun\u0103rii \u00een Rom\u00e2nia.<\/p>\n<p>Programul se va desf\u0103\u0219ura \u00een limba rom\u00e2n\u0103, cu posibilitate de traducere \u00een limba englez\u0103, pentru cursan\u021bii din alte \u021b\u0103ri dun\u0103rene, \u0219i se adreseaz\u0103, \u00een principal, participan\u021bilor cu v\u00e2rsta cuprins\u0103 \u00eentre 18 \u0219i 40 de ani, din domenii precum <strong>comunicare-rela\u021bii publice<\/strong>, <strong>studii europene-rela\u021bii interna\u021bionale<\/strong>, <strong>\u0219tiin\u021be economice-juridice<\/strong>, <strong>studii politico-administrative<\/strong>, <strong>\u0219tiin\u021bele mediului<\/strong>, \u0219.a. Vor fi invita\u021bi s\u0103 ia parte \u0219i cursan\u021bi din alte \u021b\u0103ri dun\u0103rene, \u00een special din Bulgaria, Serbia \u0219i Republica Moldova.<\/p>\n<p>Participan\u021bilor li se asigur\u0103:<\/p>\n<ul>\n<li>mapa cu materiale bibliografice, \u00een format scris \u0219i \u00een format electronic;<\/li>\n<li>posibilitatea \u00eenscrierii \u00een baza de date a Re\u021belei Na\u021bionale a Ofi\u021berilor Dun\u0103reni, cu posibilitatea primirii unei Scrisori de Recomandare \u00een vederea angaj\u0103rii;<\/li>\n<li>informare prompt\u0103 cu privire la oportunit\u0103\u021bile, evenimentele \u0219i reuniunile sub egida Strategiei Dun\u0103rii, CoDCR \u0219i DAC;<\/li>\n<li>catering \u00een cele dou\u0103 zile de curs;<\/li>\n<li>Diploma de Absolvire \u0219i Anexa privind competen\u021bele acumulate.<\/li>\n<\/ul>\n<p>Contribu\u021bia b\u0103neasc\u0103 pentru participarea la curs este \u00een valoare de <strong>445 lei \/ participant<\/strong>, pentru cei care se \u00eenscriu p\u00e2n\u0103 cel t\u00e2rziu \u00een data de 21 decembrie 2015 (<em>\u201dearly bird\u201d<\/em>), respectiv <strong>565 lei \/ participant<\/strong>, pentru cei care se \u00eenscriu \u00een perioada 22.12.2015 \u2013 22.01.2016. \u00censcrierile se fac conform principiului <em>\u201ePrimul venit \u2013 primul servit\u201d<\/em>, \u00een limita locurilor disponibile, p\u00e2n\u0103 cel t\u00e2rziu \u00een data de 22 ianuarie 2016.<\/p>\n<blockquote><p><strong><a href=\"http:\/\/www.cldr.ro\/wp-content\/uploads\/2015\/12\/Formular_RO_Academia.doc\" target=\"_blank\">FORMULAR de \u00ceNSCRIERE<\/a><\/strong><\/p><\/blockquote>\n<p>Pentru detalii suplimentare, va rugam sa contactati Secretariatul Tehnic prin e-mail: asociatiacldr@gmail.com sau telefonic la tel.\/fax: 021.230.49.97.<\/p>\n<p><strong>Parteneri Media Asociati<\/strong>: Agentia Nationala de Presa AGERPRES si TVH. <strong>Parteneri Media<\/strong>: Finantare.ro, CalendarEvenimente.ro, CaleaEuropeana.ro, Comunicatii Mobile, SmartFinancial.ro, ClubAfaceri.ro, BrandInfo.ro,\u00a0 PRwave.ro,\u00a0 ComunicateMedia.ro, Tribuna Economica, \u201dBuletin Dunarean\u201d.<\/p>\n<p>Pentru conformitate,<\/p>\n<p><a href=\"http:\/\/www.cldr.ro\" target=\"_blank\">Asocia\u021bia CLDR Rom\u00e2nia<\/a><\/p>\n<p><a href=\"http:\/\/www.isp.org.ro\" target=\"_blank\">Institutul de Studii Populare<\/a><\/p>\n","protected":false},"excerpt":{"rendered":"<p>~ INVITA\u021aIE ~ Prin Strategia UE pentru Regiunea Dun\u0103rii (SUERD), la care Rom\u00e2nia este parte \u00een mod oficial prin Tratatul Consiliului UE adoptat \u00een iunie 2011, at\u00e2t sectorul public, c\u00e2t \u0219i mediul privat dispun \u00een prezent de un cadru institu\u021bional \u0219i juridic bine articulat, de un plan de ac\u021biuni concrete, c\u00e2t \u0219i de fonduri substan\u021biale,<a class=\"sup-readmore\" href=\"http:\/\/www.houseofeurope.ro\/blog\/selectia-si-formarea-retelei-nationale-a-ofiterilor-dunareni\/\">Read More<\/a><\/p>\n","protected":false},"author":1,"featured_media":0,"comment_status":"open","ping_status":"open","sticky":false,"template":"","format":"standard","meta":{"footnotes":""},"categories":[1,8],"tags":[150,181,95],"_links":{"self":[{"href":"http:\/\/www.houseofeurope.ro\/blog\/wp-json\/wp\/v2\/posts\/731"}],"collection":[{"href":"http:\/\/www.houseofeurope.ro\/blog\/wp-json\/wp\/v2\/posts"}],"about":[{"href":"http:\/\/www.houseofeurope.ro\/blog\/wp-json\/wp\/v2\/types\/post"}],"author":[{"embeddable":true,"href":"http:\/\/www.houseofeurope.ro\/blog\/wp-json\/wp\/v2\/users\/1"}],"replies":[{"embeddable":true,"href":"http:\/\/www.houseofeurope.ro\/blog\/wp-json\/wp\/v2\/comments?post=731"}],"version-history":[{"count":1,"href":"http:\/\/www.houseofeurope.ro\/blog\/wp-json\/wp\/v2\/posts\/731\/revisions"}],"predecessor-version":[{"id":733,"href":"http:\/\/www.houseofeurope.ro\/blog\/wp-json\/wp\/v2\/posts\/731\/revisions\/733"}],"wp:attachment":[{"href":"http:\/\/www.houseofeurope.ro\/blog\/wp-json\/wp\/v2\/media?parent=731"}],"wp:term":[{"taxonomy":"category","embeddable":true,"href":"http:\/\/www.houseofeurope.ro\/blog\/wp-json\/wp\/v2\/categories?post=731"},{"taxonomy":"post_tag","embeddable":true,"href":"http:\/\/www.houseofeurope.ro\/blog\/wp-json\/wp\/v2\/tags?post=731"}],"curies":[{"name":"wp","href":"https:\/\/api.w.org\/{rel}","templated":true}]}}