{"id":741,"date":"2016-02-05T12:39:08","date_gmt":"2016-02-05T10:39:08","guid":{"rendered":"http:\/\/www.houseofeurope.ro\/blog\/?p=741"},"modified":"2016-02-05T12:39:08","modified_gmt":"2016-02-05T10:39:08","slug":"urgenta-consolidarii-si-extinderii-retelei-nationale-a-ofiterilor-dunareni","status":"publish","type":"post","link":"http:\/\/www.houseofeurope.ro\/blog\/urgenta-consolidarii-si-extinderii-retelei-nationale-a-ofiterilor-dunareni\/","title":{"rendered":"Urgen\u021ba consolid\u0103rii \u0219i extinderii Re\u021belei Na\u021bionale a Ofi\u021berilor Dun\u0103reni"},"content":{"rendered":"<p align=\"center\"><b>Urgen<span lang=\"ro-RO\">\u021ba consolid\u0103rii \u0219i extinderii Re\u021belei Na\u021bionale a Ofi\u021berilor Dun\u0103reni <\/span><\/b><\/p>\n<p lang=\"ro-RO\" align=\"center\"><b>\u00een vederea aplic\u0103rii Strategiei UE a Regiunii Dun\u0103rii<\/b><\/p>\n<p style=\"text-align: left;\" align=\"center\">\u00cen urma particip\u0103rii Delega\u021biei CLDR \u2013 Rom\u00e2nia la Conferin\u021ba Anual\u0103 a Consiliului Ora\u0219elor \u0219i Regiunilor Dun\u0103rii (CoDCR) \u0219i la Forumul Anual al Strategiei Dun\u0103rii de la Ulm (Baden Wurttemberg, octombrie 2015), Secretariatul CLDR a ini\u021biat consult\u0103ri cu principalele ministere responsabile pentru aplicarea SUERD \u00een Rom\u00e2nia, precum \u0219i cu Consilierul de Stat pentru Afaceri Europene al Primului Ministru, Dl Cristian GHINEA.<\/p>\n<p style=\"text-align: left;\" align=\"center\">Drept urmare, odat\u0103 cu declan\u0219area form\u0103rii <strong>Re\u021belei Na\u021bionale a Ofi\u021berilor Dun\u0103reni<\/strong> prin Sesiunea de Training desf\u0103\u0219urat\u0103\u00a0 la finele lunii ianuarie 2016 la Bucure\u0219ti, am considerat oportun \u0219i semnificativ s\u0103 adres\u0103m o <strong>Scrisoare Deschis\u0103<\/strong> Ministrului Dezvolt\u0103rii Regionale \u0219i Administra\u021biei Publice, Dl Prof. univ. dr.\u00a0 Vasile Sebastian D\u00ceNCU.<\/p>\n<p style=\"text-align: left;\" align=\"center\">Prin acest demers, inten\u021bion\u0103m s\u0103 conferim o mult mai consistent\u0103 relevan\u021b\u0103 particip\u0103rii sectorului public \u0219i privat la procesul de cooperare macro-regional\u0103, declan\u0219at prin Tratatul Consiliului UE din iunie 2011. Aceasta nu se va putea realiza, mai ales conform principiului <em><strong>\u201ebottom-up\u201d<\/strong><\/em> al SUERD, dec\u00e2t \u00een m\u0103sura \u00een care comunit\u0103\u021bile locale \u0219i jude\u021bene \u0219i universit\u0103\u021bile vor beneficia de o oportunitate direct\u0103 de inter-conectare cu principalii deciden\u021bi europeni \u00een materie de proiecte \u0219i gestionare a inov\u0103rii la nivel dun\u0103rean.<\/p>\n<p style=\"text-align: left;\" align=\"center\">\u00cen acest sens, \u00een asentimentul membrilor CLDR reuni\u021bi \u00een Adunarea General\u0103 pentru anul 2016, c\u00e2t \u0219i al primei promo\u021bii de absolven\u021bi ai Re\u021belei Na\u021bionale a Ofi\u021berilor Dun\u0103reni, am solicitat \u00een mod expres sprijinul principal al MDRAP pentru institu\u021bionalizarea atribu\u021biilor de<strong> \u201eOfi\u021ber Dun\u0103rean\u201d<\/strong> \u0219i acordarea unei aten\u021bii prioritare pentru toate oportunit\u0103\u021bile de colaborare \u0219i finan\u021bare pe care le poate activa\u00a0 Strategia Regiunii Dun\u0103rii \u00een toate cele 41\u00a0 de jude\u021be \u0219i \u00een Capitala Rom\u00e2niei.<\/p>\n<p style=\"text-align: left;\" align=\"center\">Pentru edificare, iat\u0103 con\u021binutul Scrisorii Deschise de care v\u0103 invit\u0103m s\u0103 lua\u021bi act \u0219i pe care v\u0103 rug\u0103m s\u0103 o promova\u021bi pe toate c\u0103ile posibile \u00een interiorul re\u021belei Dvs. de colegi, parteneri sau sus\u021bin\u0103tori.<\/p>\n<p align=\"center\">\n<blockquote>\n<h1 align=\"center\"><i><b>~ <span lang=\"ro-RO\">Scrisoare Deschis\u0103<\/span> ~ <\/b><\/i><\/h1>\n<\/blockquote>\n<p lang=\"ro-RO\"><b>\u00cen aten\u021bia Dlui Ministru Prof. Univ. Dr. Vasile Sebastian D\u00ceNCU<\/b><\/p>\n<p lang=\"ro-RO\"><b>Vice-Prim Ministru al Guvernului Rom\u00e2niei <\/b><\/p>\n<p lang=\"ro-RO\"><b>Ministerul Dezvolt\u0103rii Regionale \u0219i Administra\u021biei Publice<\/b><\/p>\n<p lang=\"ro-RO\"><i>Cc per info: Dnei Ministru Aura R\u0102DUCU \u2013 Ministerul Fondurilor Europene<\/i><\/p>\n<p lang=\"ro-RO\"><i>Dnei Ambasador Silvia DAVIDOIU \u2013 Coordonator Na\u021bional SUERD \u2013 Ministerul Afacerilor Externe<\/i><\/p>\n<p><i>Dlui Academician Cristian HERA \u2013 Prezidiul Academiei Rom<span lang=\"ro-RO\">\u00e2<\/span>ne<\/i><\/p>\n<p lang=\"ro-RO\"><i>Dlui Cristian GHINEA \u2013 Consilier de Stat pentru Afaceri Europene al Primului Ministru<\/i><\/p>\n<p><i>Dlui Pre<span lang=\"ro-RO\">\u0219<\/span>edinte J\u00f3zsef<span lang=\"ro-RO\"> BIRTALAN \u2013 Agen\u021bia Na\u021bional<\/span><span lang=\"ro-RO\">\u0103<\/span><span lang=\"ro-RO\"> a Func\u021bionarilor Publici <\/span><\/i><\/p>\n<p lang=\"ro-RO\"><i>Dlui R\u0103zvan OR\u0102\u0218ANU \u2013 Director Executiv \u2013 Institutul de Studii Populare<\/i><\/p>\n<p lang=\"ro-RO\"><i>Coordonatorului pentru Cooperare \u0219i Consolidare SUERD \u2013 Viena<\/i><\/p>\n<p lang=\"ro-RO\"><i>Coordonatorului General al Consiliului Ora\u0219elor \u0219i Regiunilor Dun\u0103rii \u2013 Viena<\/i><\/p>\n<p lang=\"ro-RO\"><i>Pre\u0219edin\u021bia SUERD \u2013 Prim\u0103ria Bratislava<\/i><\/p>\n<p lang=\"ro-RO\" align=\"left\">Stimate Dle Ministru D\u00e2ncu,<\/p>\n<p lang=\"ro-RO\" align=\"justify\">\u00een prezen\u021ba \u0219i cu amabilul sprijin al Coordonatorului Na\u021bional al <b>Strategiei Uniunii Europene pentru Regiunea Dun\u0103rii <\/b>(SUERD) din cadrul Ministerului Afacerilor Externe, Dna Ambasador Silvia DAVIDOIU, precum \u0219i a Ministerului Fondurilor Europene \u2013 reprezentat prin Consilierul personal al Ministrului Aura R\u0102DUCU, Dr. Octavian \u0218ERBAN \u2013 Pre\u0219edinte Knowledge Management Institute (Rom\u00e2nia), \u00een perioada <b>29-30 ianuarie 2016<\/b> a avut loc, sub egida <b>Academiei Tinerilor Lideri Dun\u0103reni<\/b>, Sesiunea de formare a <b>Re\u021belei Na\u021bionale a Ofi\u021berilor Dun\u0103reni<\/b>. Evenimentul s-a bucurat de amabilul sprijin al Funda\u021biei Hanns Seidel (Germania) \u0219i al Institutului de Studii Populare, care a \u0219i g\u0103zduit lucr\u0103rile sesiunii.<\/p>\n<p lang=\"ro-RO\" align=\"justify\">Ca r\u0103spuns la recomandarea special\u0103 a <b>Consiliului Ora\u0219elor \u0219i Regiunilor Dun\u0103rii<\/b> (CoDCR), inclus\u0103 \u00een Declara\u021bia de la Ulm (octombrie 2015), precum \u0219i drept urmare a scrisorii circulare de \u00eencurajare, transmis\u0103 de <b>Coordonatorul pentru Cooperare SUERD<\/b> \u0219i <b>Platforma Urban\u0103 a Regiunii Dun\u0103rii<\/b> \u2013 coordonat\u0103 de Municipalitatea Viena, un Consor\u021biu Organzatoric format din <b>Asocia\u021bia Comunit\u0103\u021bile Locale Riverane Dun\u0103rii <\/b>(CLDR), membr\u0103 a Biroului Executiv CoDCR, <b>Academia Rom\u00e2n\u0103<\/b> prin <b>Centrul de Biodiversitate<\/b> \u0219i <b>Catedra Interna\u021bional\u0103 Onorific\u0103 <\/b><span lang=\"en-US\"><b>\u201e<\/b><\/span><b>Jean Bart<\/b><span lang=\"en-US\"><b>\u201e<\/b><\/span> (CIO-SUERD), coordonat\u0103 de <b>EUROLINK-Casa Europei<\/b>, a ini\u021biat procesul de selec\u021bie \u0219i formare a <b>Re\u021belei Na\u021bionale a Ofi\u021berilor Dun\u0103reni<\/b> \u00een scopul inter-conect\u0103rii tuturor autorit\u0103\u021bilor publice, universit\u0103\u021bilor \u0219i institutelor de cercetare interesate cu factorii de decizie importan\u021bi la nivel european \u0219i na\u021bional \u0219i al propuls\u0103rii mai eficiente a ini\u021biativelor \u0219i proiectelor cu caracter inovativ transna\u021bional, at\u00e2t \u00een \u021bar\u0103, c\u00e2t \u0219i \u00een context macro-regional. Ca invita\u021bi speciali au mai luat parte <b>Acad. Alexandru T. BOGDAN<\/b> din partea Academiei Rom\u00e2ne; Coordonatorul pentru Rom\u00e2nia al Ariei Prioritare Competitivitate, <b>Dr. Costin LIANU<\/b>; Pre\u0219edintele Asocia\u021biei CINAQ,, <b>Dr. Georgeta GHE\u021aE-D\u0102N\u0102U<\/b>; din partea Consiliului Director al Asocia\u021biei CLDR, Pre\u0219edinte <b>Tudor N\u0102DRAG<\/b>, Primarul Ora\u0219ului H\u00e2r\u0219ova; din partea CIO-SUERD, Coordonator General <b>Prof. Sever AVRAM<\/b>.<\/p>\n<p lang=\"ro-RO\" align=\"justify\"><b>Competen\u021bele principale<\/b> pe care cei 25 de absolven\u021bi ai sesiunii le-au dob\u00e2ndit sunt urm\u0103toarele: \u00een\u0163elegerea cadrului institu\u0163ional \u015fi decizional care deriv\u0103 din adoptarea SUERD; stimularea capacit\u0103\u0163ii de participare \u015fi implicare \u00een procesul de consultare \u015fi planificare a implement\u0103rii SUERD; consolidarea capacit\u0103\u021bii de \u00een\u0163elegere \u015fi utilizare adecvat\u0103 a instrumentelor financiare UE \u00een context macro-regional dun\u0103rean; consolidarea abilit\u0103\u0163ilor practice de comunicare \u00een procesul de rela\u0163ionare, re\u021belizare (networking) \u015fi lobby institu\u021bional corelat SUERD. Absolven\u021bii acestei sesiuni se adaug\u0103 corpului deja format de promotori, facilitatori \u0219i exper\u021bi SUERD din ultimii trei ani \u0219i acoper\u0103, prin institu\u021biile \u0219i organiza\u021biile reprezentate, o arie extins\u0103 de zone \u0219i centre importante ale \u021b\u0103rii, \u00eencep\u00e2nd de la Oradea, trec\u00e2nd prin Drobeta Turnu Severin \u0219i ajung\u00e2nd p\u00e2n\u0103 la Constan\u021ba, Tulcea \u0219i Gala\u021bi.<\/p>\n<p lang=\"ro-RO\" align=\"justify\">\u00cen consecin\u021b\u0103, pe aceast\u0103 cale, v\u0103 solicit\u0103m \u00een mod oficial s\u0103 lua\u021bi not\u0103 de acest pas decisiv f\u0103cut de mediul academic, de consultan\u021b\u0103 \u0219i societatea civil\u0103 din Rom\u00e2nia \u00een vederea transpunerii Strategiei Dun\u0103rii prin proiecte semnificative majore \u0219i \u00een Rom\u00e2nia, precum \u0219i s\u0103 sprijini\u021bi politic \u0219i administrativ acest proces prin institu\u021bionalizarea acestor responsabilit\u0103\u021bi reunite sub denumirea generic\u0103 de <span lang=\"en-US\"><b>\u201e<\/b><\/span><b>Ofi\u021ber Dun\u0103rean<\/b><span lang=\"en-US\"><b>\u201e<\/b><\/span>, \u00een cadrul consiliilor jude\u021bene, prim\u0103riilor municipiilor \u0219i ora\u0219elor din Rom\u00e2nia ce vor putea astfel mai rapid \u0219i mai lesne demara parteneriate transna\u021bionale \u0219i accesa fonduri semnificative ale Uniunii Europene destinate direct sau implicit relans\u0103rii economice \u0219i sociale a sub-regiunii Dun\u0103rii de Jos prin SUERD \u2013 la care toate cele 41 de jute\u021be \u0219i Capitala Rom\u00e2niei sunt eligibile \u0219i pot co-participa.<\/p>\n<p lang=\"ro-RO\" align=\"justify\">\u00cen mod concret, consider\u0103m c\u0103, \u00een vederea unei \u00eembun\u0103t\u0103\u021biri semnificative \u00eendeosebi a ratei de absorb\u021bie a fondurilor prin programele transna\u021bionale, gestionate direct de la Bruxelles \u2013 \u00een special Fondul de Investi\u021bii Strategice, coordonat \u00een parteneriat de Comisia European\u0103 \u0219i Banca European\u0103 de Investi\u021bii, dar \u0219i alte programe semnificative precum Ac\u021biuni Urbane Inovative, COSME, ERASMUS+, Europa Creativ\u0103 etc. \u2013 este necesar\u0103 nu numai recunoa\u0219terea importan\u021bei <b>Re\u021belei Na\u021bionale a Ofi\u021berilor Dun\u0103reni<\/b>, a form\u0103rii profesionale pe care institu\u021biile enumerate au ini\u021biat-o, ci \u0219i acordarea unui interes explicit, stimulativ din partea <b>Ministerului Dezvolt\u0103rii Regionale \u0219i Administra\u021biei Publice<\/b>, \u00een mod special a <b>Agen\u021biei Na\u021bionale a Func\u021bionarilor Publici<\/b>.<\/p>\n<p lang=\"ro-RO\" align=\"justify\">Men\u021bion\u0103m c\u0103, la nivel na\u021bional, mediatizarea ini\u021biativei \u0219i a evenimentului inaugural s-au bucurat de sprijinul <b>Agen\u021biei Na\u021bionale de Pres\u0103<\/b> <b>AGERPRES<\/b>, <b>Radio Rom\u00e2nia Actualit\u0103\u021bi<\/b>, ziarului <b>Opinia Na\u021bional\u0103<\/b>, canalului <b>TV-H<\/b> \u0219i a altor numeroase organisme media: <b>Finantare.ro<\/b>, <b>CaleaEuropeana.ro<\/b>, <b>Tribuna Economica<\/b>, <b>Comunicatii Mobile<\/b>, <b>CalendarEvenimente.ro<\/b>, <b>SmartFinancial.ro<\/b>, <b>BrandInfo.ro<\/b>, <b>PRwave.ro<\/b>, <b>ComunicateMedia.ro<\/b>, <b>\u201dBuletin Dunarean\u201d<\/b>.<\/p>\n<p lang=\"ro-RO\" align=\"justify\">\u00cen a\u0219teptarea reac\u021biei Dvs., v\u0103 asigur\u0103m de \u00eentregul nostru sprijin necesar ca Rom\u00e2nia s\u0103 performeze \u00een cadrul procesului SUERD, dup\u0103 cum au decis Mini\u0219trii Afacerilor Externe \u0219i ai Fondurilor Europene la Forumul Anual al Dun\u0103rii de la Ulm, \u0219i v\u0103 dorim succes deplin \u00een misiunea pe care o \u00eendeplini\u021bi \u00een prezent.<\/p>\n<p lang=\"ro-RO\" align=\"justify\">Pentru conformitate,<\/p>\n<p lang=\"ro-RO\" align=\"justify\"><b>Secretariatul CLDR<\/b><\/p>\n<p align=\"justify\"><span lang=\"ro-RO\"><b>Prof. <\/b><\/span><b>Sever AVRAM<\/b><\/p>\n<p lang=\"ro-RO\" align=\"justify\"><b>Pre\u0219edinte Executiv <\/b><\/p>\n","protected":false},"excerpt":{"rendered":"<p>Urgen\u021ba consolid\u0103rii \u0219i extinderii Re\u021belei Na\u021bionale a Ofi\u021berilor Dun\u0103reni \u00een vederea aplic\u0103rii Strategiei UE a Regiunii Dun\u0103rii \u00cen urma particip\u0103rii Delega\u021biei CLDR \u2013 Rom\u00e2nia la Conferin\u021ba Anual\u0103 a Consiliului Ora\u0219elor \u0219i Regiunilor Dun\u0103rii (CoDCR) \u0219i la Forumul Anual al Strategiei Dun\u0103rii de la Ulm (Baden Wurttemberg, octombrie 2015), Secretariatul CLDR a ini\u021biat consult\u0103ri cu principalele<a class=\"sup-readmore\" href=\"http:\/\/www.houseofeurope.ro\/blog\/urgenta-consolidarii-si-extinderii-retelei-nationale-a-ofiterilor-dunareni\/\">Read More<\/a><\/p>\n","protected":false},"author":1,"featured_media":736,"comment_status":"open","ping_status":"open","sticky":false,"template":"","format":"standard","meta":{"footnotes":""},"categories":[6,54,24,50],"tags":[150,181,76],"_links":{"self":[{"href":"http:\/\/www.houseofeurope.ro\/blog\/wp-json\/wp\/v2\/posts\/741"}],"collection":[{"href":"http:\/\/www.houseofeurope.ro\/blog\/wp-json\/wp\/v2\/posts"}],"about":[{"href":"http:\/\/www.houseofeurope.ro\/blog\/wp-json\/wp\/v2\/types\/post"}],"author":[{"embeddable":true,"href":"http:\/\/www.houseofeurope.ro\/blog\/wp-json\/wp\/v2\/users\/1"}],"replies":[{"embeddable":true,"href":"http:\/\/www.houseofeurope.ro\/blog\/wp-json\/wp\/v2\/comments?post=741"}],"version-history":[{"count":1,"href":"http:\/\/www.houseofeurope.ro\/blog\/wp-json\/wp\/v2\/posts\/741\/revisions"}],"predecessor-version":[{"id":742,"href":"http:\/\/www.houseofeurope.ro\/blog\/wp-json\/wp\/v2\/posts\/741\/revisions\/742"}],"wp:featuredmedia":[{"embeddable":true,"href":"http:\/\/www.houseofeurope.ro\/blog\/wp-json\/wp\/v2\/media\/736"}],"wp:attachment":[{"href":"http:\/\/www.houseofeurope.ro\/blog\/wp-json\/wp\/v2\/media?parent=741"}],"wp:term":[{"taxonomy":"category","embeddable":true,"href":"http:\/\/www.houseofeurope.ro\/blog\/wp-json\/wp\/v2\/categories?post=741"},{"taxonomy":"post_tag","embeddable":true,"href":"http:\/\/www.houseofeurope.ro\/blog\/wp-json\/wp\/v2\/tags?post=741"}],"curies":[{"name":"wp","href":"https:\/\/api.w.org\/{rel}","templated":true}]}}