{"id":758,"date":"2016-05-17T10:28:22","date_gmt":"2016-05-17T08:28:22","guid":{"rendered":"http:\/\/www.houseofeurope.ro\/blog\/?p=758"},"modified":"2016-05-17T10:30:30","modified_gmt":"2016-05-17T08:30:30","slug":"758-2","status":"publish","type":"post","link":"http:\/\/www.houseofeurope.ro\/blog\/758-2\/","title":{"rendered":"\u0218COALA EUROPEAN\u0102 DE VAR\u0102 pentru OFI\u021aERII DUN\u0102RENI"},"content":{"rendered":"<p align=\"center\"><b>\u0218COALA EUROPEAN\u0102 DE VAR\u0102 pentru OFI\u021aERII DUN\u0102RENI<\/b><\/p>\n<p align=\"center\"><i><b>Sesiune Practic\u0103 de Formare pentru deciden\u021bi \u0219i <span lang=\"ro-RO\">exper\u021bi<\/span> <span lang=\"ro-RO\">din<\/span> Europa Central\u0103 \u0219i de Sud-Est<\/b><\/i><\/p>\n<p align=\"center\"><b>Tulcea<span lang=\"ro-RO\">, <\/span>28 August <span lang=\"ro-RO\">&#8211;<\/span> 2 Septembrie 2016<\/b><\/p>\n<p align=\"justify\">Prin afilierea \u0219i rolul pro-activ jucat \u00een cadrul Consiliului Ora\u0219elor \u0219i Regiunilor Dun\u0103rii (CoDCR<span lang=\"ro-RO\">&#8211;<\/span>Ulm), Danubius Academic Consortium (DAC<span lang=\"ro-RO\">&#8211;<\/span>Baden Wurttemberg) \u0219i Platformei Urbane a Regiunii Dun\u0103rii (UPDR<span lang=\"ro-RO\">&#8211;<\/span>Viena), <b>Asocia\u021bia \u201cComunit\u0103\u021bile Locale Riverane Dun\u0103rii\u201d<\/b> (CLDR) de<span lang=\"ro-RO\">\u021b<\/span>ine o acoperire na\u021bional\u0103 \u0219i european\u0103 \u0219i este unica voce coerent\u0103 \u0219i stabil\u0103 a reprezent\u0103rii intereselor comunit\u0103\u021bilor rom\u00e2ne\u0219ti \u00een cadrul procesului de implementare a <b>Strategiei UE pentru Regiunea Dun\u0103rii <\/b>(SUERD) \u00een Rom\u00e2nia.<\/p>\n<p align=\"justify\">\u00cen scopul de a \u00eent\u0103ri cooperarea macro-regional\u0103,<span lang=\"ro-RO\"> prin consolidarea \u0219i extinderea Re\u021belei Ofi\u021berilor Dun\u0103reni la scara bazinului Dun\u0103rii de Jos \u0219i a M\u0103rii Negre, precum \u0219i prin prin proiecte majore transfrontaliere \u0219i transna\u021bionale, <\/span>Consor\u021biul<span lang=\"ro-RO\"> Organizatoric<\/span> <span lang=\"ro-RO\">&#8211;<\/span> format din <b>Asocia\u021bia Profesional\u0103 a Form\u0103rii \u00een Administra\u021bia Public\u0103 Local\u0103 <\/b><span lang=\"ro-RO\"><b>&#8211; <\/b><\/span><b>CINAQ<\/b> \u0219i <b>Departamentul de Training al Asocia\u021biei CLDR Rom\u00e2nia<\/b>, coordonat\u0103 tehnic de c\u0103tre <b>Funda\u021bia EUROLINK-Casa Europei <\/b>\u2013 lanseaz\u0103 <b>\u0218COALA EUROPEAN\u0102 DE VAR\u0102 pentru OFI\u021aERII DUN\u0102RENI<\/b>.<\/p>\n<p align=\"justify\">Principalele <span lang=\"ro-RO\">teme<\/span> ale \u0218colii Europene de Var\u0103 pentru Ofi\u021berii Dun\u0103reni sunt:<\/p>\n<p align=\"justify\">1. Locul Regiunii Dun\u0103rii \u00een contextul arhitecturii Uniunii Europene <span lang=\"ro-RO\">&#8211;<\/span> stadiul actual, provoc\u0103ri \u0219i oportunit\u0103\u021bi privind crearea noii identit\u0103\u021bi dun\u0103rene \u0219i a unei macro-regiuni incluzive \u0219i prospere.<\/p>\n<p align=\"justify\">2. Strategia UE pentru Regiunea Dun\u0103rii (SUERD) <span lang=\"ro-RO\">&#8211; <\/span>document crucial pentru integrarea dezvolt\u0103rii social-economice, \u00een special a sub-regiunii Dun\u0103rii de Jos, \u00een context macro-regional.<\/p>\n<p align=\"justify\">3. Specificitatea Managementului de Proiect \u00een contextul aplic\u0103rii SUERD.<\/p>\n<p align=\"justify\">4. Comunicare, networking \u0219i lobby institu\u021bional lobby dun\u0103rean.<\/p>\n<p align=\"justify\"><b>Invita\u021bi Speciali:<\/b> Senator Octavian MOTOC <span lang=\"ro-RO\">&#8211;<\/span> Comisia de Afaceri Europene a Senatului Rom\u00e2niei; Dr. Grigore BABOIANU <span lang=\"ro-RO\">&#8211;<\/span> Guvernatorul Deltei Dun\u0103rii; Dr. Zsolt TOROK <span lang=\"ro-RO\">&#8211;<\/span> Institutul Deltei Dun\u0103rii.<\/p>\n<p align=\"justify\"><b>Lectori:<\/b> Dr. Gheorgeta GHETE <span lang=\"ro-RO\">&#8211;<\/span> Asocia\u021bia CINAQ; Sever AVRAM <span lang=\"ro-RO\">&#8211;<\/span> Asocia\u021bia CLDR; Sandu ZAMFIRESCU <span lang=\"ro-RO\">&#8211;<\/span> EUROLINK-Casa Europei.<\/p>\n<p align=\"justify\"><b>\u0218COALA EUROPEAN\u0102 DE VAR\u0102 pentru OFI\u021aERII DUN\u0102RENI<\/b> se adreseaz\u0103 ale\u0219ilor locali, managerilor publici, coordonatorilor de proiecte \u0219i func\u021bionarilor publici din Europa Central\u0103 \u0219i de Sud-Est, \u00een special, \u0219i se va desf\u0103\u0219ura \u00een <b>Delta Dun\u0103rii \u2013 Municipiul Tulcea<\/b>, \u00een perioada <b>28 august \u2013 2 septembrie 2016<\/b>. Participan\u021bilor li se solicit\u0103 cuno\u0219tin\u021be bune de limba englez\u0103.<\/p>\n<p align=\"justify\">\u00cen limita de maxim <b>20 de locuri disponibile<\/b>, \u00eenscrierile se fac \u00een ordinea <span lang=\"ro-RO\"><i>\u201ePrimul venit \u2013 primul servit\u201d<\/i><\/span>. Pentru a beneficia de costuri reduse ale contribu\u021biei b\u0103ne\u0219ti a participan\u021bilor, primul termen pentru transmiterea<strong>\u00a0<a href=\"http:\/\/www.houseofeurope.ro\/blog\/wp-content\/uploads\/2016\/05\/Formular-Inscriere.doc\">Formularului de Inscriere<\/a><\/strong> este data de <i>22 iunie 2016<\/i>, iar ultimul termen este data de <i>8 iulie 2016<\/i>. Participan\u021bilor li se solicit\u0103 s\u0103 rezerve \u00een mod individual transportul \u0219i cazarea, costurile respective revenindu-le acestora.<\/p>\n<p align=\"justify\">Organizatorii recomand\u0103 <a href=\"http:\/\/www.europolis.ro\" target=\"_blank\"><b>Hotel EUROPOLIS<\/b><\/a>, <span lang=\"ro-RO\">pentru care se ofer\u0103 o reduce special\u0103, precum \u0219i posibilitatea de a beneficia de demi-pensiune. Op\u021bional, participan\u021bii pot efectua vizite \u00een interiorul Rezerva\u021biei Deltei Dun\u0103rii cu ambarca\u021biunile proprii ale Complexului Europolis<\/span>.<\/p>\n<p align=\"justify\"><span lang=\"ro-RO\">M<\/span><span lang=\"ro-RO\">ai multe informa\u021bii pute\u021bi consulta pe site-urile: <\/span><a href=\"http:\/\/www.cldr.ro\/scoala-de-vara-europeana\/\" target=\"_blank\"><span lang=\"ro-RO\"><b>www.cldr.ro<\/b><\/span><\/a><span lang=\"ro-RO\"> \u0219i <\/span><a href=\"http:\/\/www.cinaq.org\/danube-region-officers-summer-school\/\" target=\"_blank\"><span lang=\"ro-RO\"><b>www.cinaq.org<\/b><\/span><\/a><span lang=\"ro-RO\"> sau solicita la adresele de e-mail: <a href=\"mailto:secretariat@cldr.ro\">secretariat@cldr.ro<\/a> \u0219i <a href=\"mailto:secretariat@cinaq.org\">secretariat@cinaq.org<\/a>.<\/span><\/p>\n<p align=\"justify\"><span lang=\"ro-RO\">Pentru conformitate, <\/span><\/p>\n<p align=\"justify\"><span lang=\"ro-RO\">Secretariatul CLDR<\/span><\/p>\n<p align=\"justify\">c\/o EUROLINK-Casa Europei<i><span lang=\"ro-RO\"><br \/>\n<\/span><\/i><\/p>\n","protected":false},"excerpt":{"rendered":"<p>\u0218COALA EUROPEAN\u0102 DE VAR\u0102 pentru OFI\u021aERII DUN\u0102RENI Sesiune Practic\u0103 de Formare pentru deciden\u021bi \u0219i exper\u021bi din Europa Central\u0103 \u0219i de Sud-Est Tulcea, 28 August &#8211; 2 Septembrie 2016 Prin afilierea \u0219i rolul pro-activ jucat \u00een cadrul Consiliului Ora\u0219elor \u0219i Regiunilor Dun\u0103rii (CoDCR&#8211;Ulm), Danubius Academic Consortium (DAC&#8211;Baden Wurttemberg) \u0219i Platformei Urbane a Regiunii Dun\u0103rii (UPDR&#8211;Viena), Asocia\u021bia<a class=\"sup-readmore\" href=\"http:\/\/www.houseofeurope.ro\/blog\/758-2\/\">Read More<\/a><\/p>\n","protected":false},"author":1,"featured_media":760,"comment_status":"open","ping_status":"open","sticky":false,"template":"","format":"standard","meta":{"footnotes":""},"categories":[8],"tags":[181,184,95],"_links":{"self":[{"href":"http:\/\/www.houseofeurope.ro\/blog\/wp-json\/wp\/v2\/posts\/758"}],"collection":[{"href":"http:\/\/www.houseofeurope.ro\/blog\/wp-json\/wp\/v2\/posts"}],"about":[{"href":"http:\/\/www.houseofeurope.ro\/blog\/wp-json\/wp\/v2\/types\/post"}],"author":[{"embeddable":true,"href":"http:\/\/www.houseofeurope.ro\/blog\/wp-json\/wp\/v2\/users\/1"}],"replies":[{"embeddable":true,"href":"http:\/\/www.houseofeurope.ro\/blog\/wp-json\/wp\/v2\/comments?post=758"}],"version-history":[{"count":4,"href":"http:\/\/www.houseofeurope.ro\/blog\/wp-json\/wp\/v2\/posts\/758\/revisions"}],"predecessor-version":[{"id":764,"href":"http:\/\/www.houseofeurope.ro\/blog\/wp-json\/wp\/v2\/posts\/758\/revisions\/764"}],"wp:featuredmedia":[{"embeddable":true,"href":"http:\/\/www.houseofeurope.ro\/blog\/wp-json\/wp\/v2\/media\/760"}],"wp:attachment":[{"href":"http:\/\/www.houseofeurope.ro\/blog\/wp-json\/wp\/v2\/media?parent=758"}],"wp:term":[{"taxonomy":"category","embeddable":true,"href":"http:\/\/www.houseofeurope.ro\/blog\/wp-json\/wp\/v2\/categories?post=758"},{"taxonomy":"post_tag","embeddable":true,"href":"http:\/\/www.houseofeurope.ro\/blog\/wp-json\/wp\/v2\/tags?post=758"}],"curies":[{"name":"wp","href":"https:\/\/api.w.org\/{rel}","templated":true}]}}