{"id":770,"date":"2016-09-08T10:44:47","date_gmt":"2016-09-08T08:44:47","guid":{"rendered":"http:\/\/www.houseofeurope.ro\/blog\/?p=770"},"modified":"2017-02-08T14:34:06","modified_gmt":"2017-02-08T12:34:06","slug":"conferinta-nationala-suerd-senatul-romaniei","status":"publish","type":"post","link":"http:\/\/www.houseofeurope.ro\/blog\/conferinta-nationala-suerd-senatul-romaniei\/","title":{"rendered":"Conferinta Nationala SUERD &#8211; Senatul Romaniei"},"content":{"rendered":"<p>La doi ani de la lansarea \u00een mod oficial, la sediul Senatului Rom\u00e2niei, a asocia\u021biei cu caracter na\u021bional <strong>Comunit\u0103\u021bile Locale Riverane Dun\u0103rii<\/strong>, afiliat\u0103, \u00eentre timp, la <strong>Consiliul Ora\u0219elor \u0219i Regiunilor Dun\u0103rii<\/strong> (CoDCR \u2013 Viena), conform unei tradi\u021bii deja instaurate, se organizeaz\u0103 \u00een data de <strong>22 septembrie 2016<\/strong>, evenimentul-consultare cu stakeholderi din mediul public \u0219i din sectorul privat privind completarea \u0219i armonizarea cadrului legislativ \u0219i institu\u021bional, referitor la corelarea dezvolt\u0103rii urbane cu aceea a infrastructurii \u0219i activit\u0103\u021bilor portuare, cu impact comun \u00een special asupra turismului \u0219i dezvolt\u0103rii locale de-a lungul cursului inferior al Dun\u0103rii.<\/p>\n<h4>\u00centre timp, urmare a unei ini\u021biative comune guvernamentale \u0219i non-guvernamentale, cu sprijinul \u0219i participarea reprezentan\u021bilor <strong>Ministerului Fondurilor Europene<\/strong>, <strong>Ministerului Economiei<\/strong> \u0219i <strong>Ministerului Dezvolt\u0103rii Regionale prin Autoritatea Na\u021bional\u0103 de Turism<\/strong>, a fost creat <strong>Task Force-ul SUERD<\/strong>, destinat unei mai bune concert\u0103ri a eforturilor privind promovarea \u0219i aplicarea Strategiei Dun\u0103rii \u00een toate jude\u021bele \u021b\u0103rii, c\u00e2t \u0219i identificarea \u00eempreun\u0103 a temelor prioritare \u0219i oportunit\u0103\u021bilor de finan\u021bare UE pentru proiectele majore cu impact macro-regional, \u00een special pentru o c\u00eet mai bun\u0103 preg\u0103tire a particip\u0103rii rom\u00e2ne\u0219ti la <strong>Forumul Anual SUERD<\/strong> (Bratislava, 2016).<\/h4>\n<p>\u00cen acest context, sub <strong>Patronajul Comisiei pentru Afaceri Europene a Senatului Rom\u00e2niei<\/strong>, prin amabilitatea <strong>Dlui Senator Octavian MOTOC<\/strong>, \u00een data de joi, <strong>22 septembrie 2016<\/strong>, la <strong>Sala \u201dAvram Iancu\u201d<\/strong> din cadrul <strong>Senatului Rom\u00e2niei<\/strong> va avea loc <strong>Conferin\u021ba Na\u021bional\u0103<\/strong> <em><strong>\u201eDezvoltare integrat\u0103 urban\u0103, portuar\u0103 \u0219i turistic\u0103 \u2013 oportunit\u0103\u021bi de finan\u021bare UE\u201d<\/strong><\/em>.<\/p>\n<p>\u00cen Europa, realitatea ultimelor decenii demonstreaz\u0103 c\u0103 nu poate exista cu adev\u0103rat o dezvoltare urban\u0103 \u0219i o capacitate implicit\u0103 de inovare a ora\u0219elor din zonele fluviale \u0219i maritime f\u0103r\u0103 o inter-conectare cu zonele portuare, \u0219antierele navale \u0219i alte capacit\u0103\u021bi de infrastructur\u0103 aferente. Decalajul acumulat \u00eentre partea de amonte \u0219i cea de aval ale Regiunii Dun\u0103rii nu poate fi ad\u00e2ncit dec\u00e2t cu consecin\u021be dificil de prev\u0103zut pentru \u00eentreg echilibrul macrocregional.<\/p>\n<p id=\"Agenda\">Bunele practici dezvoltate p\u00e2n\u0103 \u00een prezent arat\u0103 c\u0103 crearea unor pun\u021bi de leg\u0103tur\u0103 \u00eentre componentele principale ale zonelor urbane, chiar a unor \u201dspa\u021bii creative\u201d, cum sunt la ora actual\u0103 denumite (dup\u0103 modelul noului Centru de Inovare Urban\u0103 de la Londra, de pild\u0103), devine imperios necesar\u0103 pentru a stimula at\u00e2t inovarea pus\u0103 \u00een serviciul dezvolt\u0103rii inteligente, c\u00e2t \u0219i o mult mai str\u00e2ns\u0103 colaborare \u00eentre reprezentan\u021bii diverselor profesii \u0219i specializ\u0103ri care pot concura la prosperitatea \u0219i siguran\u021ba de zi cu zi a cet\u0103\u021benilor.<\/p>\n<p>Reuniunea se va \u00eencheia cu lansarea oficial\u0103 a noului program de tip post-universitar online <strong>\u201eManagementul Bio-Economiei, Inov\u0103rii \u0219i Guvernan\u021bei\u201d (BIG)<\/strong>, organizat \u00een parteneriat de CLDR Rom\u00e2nia, membr\u0103 a celui mai important consor\u021biu de universit\u0103\u021bi \u0219i institu\u021bii de cercetare la nivelul regiunii Dun\u0103rii \u2013 Danubius Academic Consortium \u2013 DAC \u0219i Catedra Interna\u021bional\u0103 Onorific\u0103 \u00een sprijinul Strategiei UE pentru Regiunea Dun\u0103rii \u201dJean Bart\u201d, proiect fondat \u00een parteneriat cu Academia Rom\u00e2n\u0103 prin Centrul de Biodiversitate.<\/p>\n<p>Reuniunea se va \u00eencheia cu adoptarea unui<strong> set de propuneri \u0219i recomand\u0103ri<\/strong> care s\u0103 conduc\u0103, ulterior, la o cooptare a ora\u0219elor portuare \u00een re\u021belele specifice la nivel dun\u0103rean \u0219i european \u0219i la o stimulare a schimburilor comerciale \u0219i turistice \u00eentre acestea.<\/p>\n<p>Participarea se va face \u00een limita de locuri disponibile, conform principiului <em>\u201dPrimul venit-primul servit\u201d<\/em>, pe baza de transmitere a\u00a0<strong><a href=\"http:\/\/www.cldr.ro\/wp-content\/uploads\/2016\/09\/Formular_22sept.doc\" target=\"_blank\">Formular de \u00censcriere <\/a><\/strong> \u00een perioada <em>5-15 septembrie 2016<\/em>. Pentru informa\u021bii suplimentare, cei interesa\u021bi pot contacta Secretariatul Consortiului Organizatoric la adresa <a href=\"mailto:info@houseofeurope.ro\" target=\"_blank\">info@houseofeurope.ro<\/a> \u0219i tel.\/fax:021.2304997.<\/p>\n","protected":false},"excerpt":{"rendered":"<p>La doi ani de la lansarea \u00een mod oficial, la sediul Senatului Rom\u00e2niei, a asocia\u021biei cu caracter na\u021bional Comunit\u0103\u021bile Locale Riverane Dun\u0103rii, afiliat\u0103, \u00eentre timp, la Consiliul Ora\u0219elor \u0219i Regiunilor Dun\u0103rii (CoDCR \u2013 Viena), conform unei tradi\u021bii deja instaurate, se organizeaz\u0103 \u00een data de 22 septembrie 2016, evenimentul-consultare cu stakeholderi din mediul public \u0219i din<a class=\"sup-readmore\" href=\"http:\/\/www.houseofeurope.ro\/blog\/conferinta-nationala-suerd-senatul-romaniei\/\">Read More<\/a><\/p>\n","protected":false},"author":1,"featured_media":771,"comment_status":"open","ping_status":"open","sticky":false,"template":"","format":"standard","meta":{"footnotes":""},"categories":[8,54],"tags":[185,186,95],"_links":{"self":[{"href":"http:\/\/www.houseofeurope.ro\/blog\/wp-json\/wp\/v2\/posts\/770"}],"collection":[{"href":"http:\/\/www.houseofeurope.ro\/blog\/wp-json\/wp\/v2\/posts"}],"about":[{"href":"http:\/\/www.houseofeurope.ro\/blog\/wp-json\/wp\/v2\/types\/post"}],"author":[{"embeddable":true,"href":"http:\/\/www.houseofeurope.ro\/blog\/wp-json\/wp\/v2\/users\/1"}],"replies":[{"embeddable":true,"href":"http:\/\/www.houseofeurope.ro\/blog\/wp-json\/wp\/v2\/comments?post=770"}],"version-history":[{"count":1,"href":"http:\/\/www.houseofeurope.ro\/blog\/wp-json\/wp\/v2\/posts\/770\/revisions"}],"predecessor-version":[{"id":772,"href":"http:\/\/www.houseofeurope.ro\/blog\/wp-json\/wp\/v2\/posts\/770\/revisions\/772"}],"wp:featuredmedia":[{"embeddable":true,"href":"http:\/\/www.houseofeurope.ro\/blog\/wp-json\/wp\/v2\/media\/771"}],"wp:attachment":[{"href":"http:\/\/www.houseofeurope.ro\/blog\/wp-json\/wp\/v2\/media?parent=770"}],"wp:term":[{"taxonomy":"category","embeddable":true,"href":"http:\/\/www.houseofeurope.ro\/blog\/wp-json\/wp\/v2\/categories?post=770"},{"taxonomy":"post_tag","embeddable":true,"href":"http:\/\/www.houseofeurope.ro\/blog\/wp-json\/wp\/v2\/tags?post=770"}],"curies":[{"name":"wp","href":"https:\/\/api.w.org\/{rel}","templated":true}]}}