{"id":774,"date":"2016-09-09T11:11:33","date_gmt":"2016-09-09T09:11:33","guid":{"rendered":"http:\/\/www.houseofeurope.ro\/blog\/?p=774"},"modified":"2016-09-10T08:45:34","modified_gmt":"2016-09-10T06:45:34","slug":"managementul-bio-economiei-inovarii-si-guvernantei","status":"publish","type":"post","link":"http:\/\/www.houseofeurope.ro\/blog\/managementul-bio-economiei-inovarii-si-guvernantei\/","title":{"rendered":"Managementul Bio-Economiei, Inov\u0103rii \u0219i Guvernan\u021bei"},"content":{"rendered":"<p align=\"center\"><span style=\"font-family: Cambria,serif;\"><b>Managementul Bio-Economiei, Inov\u0103rii \u0219i Guvernan\u021bei<span lang=\"ro-RO\">. <\/span><\/b><\/span><\/p>\n<p align=\"center\"><span style=\"font-family: Cambria,serif;\"><b><span lang=\"ro-RO\">Program postuniversitar online pentru formarea consultan\u021bilor <\/span><\/b><\/span><\/p>\n<p align=\"center\"><span style=\"font-family: Cambria,serif;\"><b><span lang=\"ro-RO\">\u00een specializ\u0103rile bioeconomiei <\/span><\/b><\/span><\/p>\n<p align=\"justify\"><span style=\"font-family: Cambria,serif;\"><b>Bioeconomia<\/b><span lang=\"ro-RO\">,<\/span> <span lang=\"ro-RO\"> ca domeniu \u00een Uniunea European\u0103, de\u021bine deja \u00een prezent o cifr\u0103 de afaceri de 2,1 trilioane Euro \u0219i men\u021bine peste 18 milioane de locuri de munc\u0103 active. Totodat\u0103, \u00een cadrul parteneriatelor public-private privind industriile bio, operatorii din domeniul privat investesc \u00een aceast\u0103 etap\u0103 peste 2 miliarde Euro \u00een infrastructur\u0103-pilot. <\/span><\/span><\/p>\n<p align=\"justify\"><span style=\"font-family: Cambria,serif;\"><span lang=\"ro-RO\">\u00cen mod specific, prin <\/span><span lang=\"ro-RO\"><b>finan\u021barea proiectelor de cercetare \u0219i inovare<\/b><\/span><span lang=\"ro-RO\"> se creaz\u0103 noi parteneriate majore \u00een sectoare precum: agricultur\u0103 \u0219i industrie agro-alimentar\u0103, furnizare de tehnologie, silvicultur\u0103, celuloza \u0219i h\u00e2rtie, produse chimice \u0219i energie. <\/span><\/span><\/p>\n<p align=\"justify\"><span style=\"font-family: Cambria,serif;\"><span lang=\"ro-RO\">Prin poten\u021bialul excep\u021bional pe care \u00eel are Rom\u00e2nia ar fi regretabil ca aceste finan\u021b\u0103ri \u0219i investi\u021bii s\u0103 ocoleasc\u0103 sau s\u0103 nu favorizeze suficient sectoarele men\u021bionate \u0219i \u00een \u021bara noastr\u0103. Pentru aceasta, \u00eens\u0103, spre a r\u0103spunde unor asemenea provoc\u0103ri, devine extrem de important\u0103 <\/span><span lang=\"ro-RO\"><b>formarea unor consultan\u021bi, speciali\u0219ti, cercet\u0103tori \u0219i traineri <\/b><\/span><span lang=\"ro-RO\">care s\u0103 se implice \u00een: <\/span><\/span><\/p>\n<ul>\n<li>\n<p align=\"justify\"><span style=\"font-family: Cambria,serif;\"><span lang=\"ro-RO\">dezvoltarea inov\u0103rii durabile \/ integrale \u00eentr-o manier\u0103 responsabil\u0103<\/span><span lang=\"ro-RO\">;<\/span><\/span><\/p>\n<\/li>\n<li>\n<p align=\"justify\"><span style=\"font-family: Cambria,serif;\"><span lang=\"ro-RO\">identificarea \u0219i valorificarea ecosistemelor inovative;<\/span><\/span><\/p>\n<\/li>\n<li>\n<p align=\"justify\"><span style=\"font-family: Cambria,serif;\"><span lang=\"ro-RO\">orientarea noilor tehnologii c\u0103tre pie\u021bele existente \u0219i cele emergente.<\/span><\/span><\/p>\n<\/li>\n<\/ul>\n<p align=\"justify\"><span style=\"font-family: Cambria,serif;\"><span lang=\"ro-RO\"><b>Programul de tip post-universitar <\/b><\/span><span lang=\"ro-RO\"><b>\u201dManagementul Bio-Economiei, Inov\u0103rii \u0219i Guvernan\u021bei\u201d (BIG) <\/b><\/span><span lang=\"ro-RO\">vizeaz\u0103 \u00eenzestrarea cursan\u021bilor cu un set consistent de competen\u021be, precum \u0219i cu \u00een\u021belegerea inov\u0103rii \u00een \u0219tiin\u021bele vie\u021bii, at\u00e2t de necesar\u0103 celor care activeaz\u0103 \u00een sectorul public, \u00een mediul privat \u0219i \u00een zona ONG. \u00cen acest sens, curricula <\/span><span lang=\"ro-RO\">este orientat\u0103 c\u0103tre o gam\u0103 larg\u0103 de exper\u021bi actuali sau de viitor care ac\u021bioneaz\u0103 \u00een domenii tehnologice de v\u00e2rf, \u00een scopul de a-i echipa \u00een a\u0219a fel \u00eenc\u00e2t s\u0103 poat\u0103 oferi solu\u021bii la probleme practice legate de: strategii de inovare ale firmelor, politici \u0219i reglement\u0103ri, modele colaborative \u00een cercetare-dezvoltare, guvernan\u021b\u0103 \u0219i proprietate intelectual\u0103.<\/span><\/span><\/p>\n<p align=\"justify\"><span style=\"font-family: Cambria,serif;\"><span lang=\"ro-RO\"><b>Oportunit\u0103\u021bi de carier\u0103 profesional\u0103<\/b><\/span><\/span><\/p>\n<p align=\"justify\"><span style=\"font-family: Cambria,serif;\"><span lang=\"ro-RO\">\u00centruc\u00e2t cunoa\u0219terea \u0219tiin\u021bific\u0103 de baz\u0103 a celor care lucreaz\u0103 \u00een acest domeniu nu mai este \u00eendeajuns \u00eentr-un mediu at\u00e2t de dinamic precum Bioeconomia, cei care urmeaz\u0103 acest program au \u0219ansa cre\u0219terii expertizei proprii \u00een cele trei sectoare men\u021bionate mai sus \u0219i combinarea cu procesul de inovare specific \u0219tiin\u021belor vie\u021bii. <\/span><\/span><\/p>\n<p align=\"justify\"><span style=\"font-family: Cambria,serif;\"><span lang=\"ro-RO\">Cei care absolv\u0103 au posibilitatea s\u0103 continue studiile \u0219i s\u0103 urmeze o carier\u0103 academic\u0103 <\/span><span lang=\"ro-RO\">\u00ee<\/span><span lang=\"ro-RO\">n acest domeniu marcat de o dezvoltare exploziv\u0103. Nu \u00een ultimul r\u00e2nd, abilit\u0103\u021bile dob\u00e2ndite vor putea fi utilizate \u0219i \u00een procesul de comunicare \u0219i \u00een cercetare pentru a ridica poten\u021bialul ofertei proprii pe pia\u021ba muncii.<\/span><\/span><\/p>\n<p align=\"justify\"><span style=\"font-family: Cambria,serif;\"><span lang=\"ro-RO\">Dintre <\/span><span lang=\"ro-RO\"><b>subiectele abordate<\/b><\/span><span lang=\"ro-RO\"> men\u021bion\u0103m: <\/span><\/span><\/p>\n<ul>\n<li>\n<p align=\"justify\"><span style=\"font-family: Cambria,serif;\"><span lang=\"ro-RO\">securitatea alimentar\u0103, lan\u021burile de aprovizionare alimentar\u0103 \u0219i leg\u0103tura cu conceptul de \u201dCre\u0219tere Albastr\u0103\u201d al Uniunii Europene;<\/span><\/span><\/p>\n<\/li>\n<\/ul>\n<ul>\n<li>\n<p align=\"justify\"><span style=\"font-family: Cambria,serif;\"><span lang=\"ro-RO\">gestionarea durabil\u0103 a resurselor naturale \u00een rela\u021bie cu prezervarea biodiversit\u0103\u021bii;<\/span><\/span><\/p>\n<\/li>\n<li>\n<p align=\"justify\"><span style=\"font-family: Cambria,serif;\"><span lang=\"ro-RO\">reducerea dependen\u021bei de resursele neregenerabile &#8211; accesul la sursele alternatie de carbon \u0219i energie; <\/span><\/span><\/p>\n<\/li>\n<li>\n<p align=\"justify\"><span style=\"font-family: Cambria,serif;\"><span lang=\"ro-RO\">atenuarea riscurilor derivate din schimb\u0103ri climatice \u0219i exigen\u021bele adapt\u0103rii economice;<\/span><\/span><\/p>\n<\/li>\n<li>\n<p align=\"justify\"><span style=\"font-family: Cambria,serif;\"><span lang=\"ro-RO\">provoc\u0103rile dezvolt\u0103rii bioeconomiei coerente la nivel european \u0219i na\u021bional;<\/span><\/span><\/p>\n<\/li>\n<li>\n<p align=\"justify\"><span style=\"font-family: Cambria,serif;\"><span lang=\"ro-RO\">problemele asigur\u0103rii guvernan\u021bei colaborative \u0219i ale dialogului avizat cu societatea;<\/span><\/span><\/p>\n<\/li>\n<li>\n<p align=\"justify\"><span style=\"font-family: Cambria,serif;\"><span lang=\"ro-RO\">cunoa\u0219terea Planului de Ac\u021biune UE cu accent pe investi\u021biile \u00een cercetare, inovare, competen\u021be, precum \u0219i cu cre\u0219terea competitivit\u0103\u021bii economice<\/span><span lang=\"ro-RO\">;<\/span><\/span><\/p>\n<\/li>\n<li>\n<p align=\"justify\"><span style=\"font-family: Cambria,serif;\"><span lang=\"ro-RO\">pilonii \u0219i obiectivele Strategiei UE pentru Regiunea Dun\u0103rii<\/span><span lang=\"ro-RO\">.<\/span><\/span><\/p>\n<\/li>\n<\/ul>\n<p align=\"justify\"><span style=\"font-family: Cambria,serif;\"><span lang=\"ro-RO\">Participan\u021bii vor avea acces la studii de caz, exemple de bune practici \u0219i teme de reflec\u021bie aplicative. <\/span><\/span><\/p>\n<p align=\"justify\"><span style=\"font-family: Cambria,serif;\"><span lang=\"ro-RO\"><b>Formatul programului<\/b><\/span><\/span><\/p>\n<p align=\"justify\"><span style=\"font-family: Cambria,serif;\"><span lang=\"ro-RO\">Cursul se desf\u0103\u0219oar\u0103 exclusiv on-line, pe o platforma dedicat\u0103, cu acce<\/span><span lang=\"ro-RO\">s<\/span><span lang=\"ro-RO\"> personalizat, pe o perioada de 3 luni, iar la final,<\/span> <span lang=\"ro-RO\">\u00een urma unei evalu\u0103ri<\/span><span lang=\"ro-RO\"> bazate pe prezentarea \u00een scris a unui micro-proiect personal<\/span><span lang=\"ro-RO\">, acesta se soldeaz\u0103 cu <\/span><span lang=\"ro-RO\"><b>Certificat de Absolvire<\/b><\/span><span lang=\"ro-RO\"> eliberat \u00een co-tutel\u0103 de urm\u0103toarele institu\u021bii: <\/span><\/span><\/p>\n<ul>\n<li>\n<p align=\"justify\"><span style=\"font-family: Cambria,serif;\"><span lang=\"ro-RO\">Catedra Interna\u021bional\u0103 Onorific\u0103 \u00een sprijinul Strategiei UE pentru Regiunea Dun\u0103rii Jean Bart\u201d<\/span><span lang=\"ro-RO\"> &#8211; <\/span><span lang=\"ro-RO\"><b>CIO-SUERD<\/b><\/span><span lang=\"ro-RO\">, proiect<\/span><span lang=\"ro-RO\"> coordonat de Funda\u021bia EUROLINK-Casa Europei, membr\u0103 EUNET &#8211; European Network for Education and Training <\/span> <\/span><\/p>\n<\/li>\n<li>\n<p align=\"justify\"><span style=\"font-family: Cambria,serif;\"><span lang=\"ro-RO\"><b>Centrul de Biodiversitate<\/b><\/span><span lang=\"ro-RO\"><b> al <\/b><\/span><span lang=\"ro-RO\"><b>Academi<\/b><\/span><span lang=\"ro-RO\"><b>ei<\/b><\/span><span lang=\"ro-RO\"><b> Rom\u00e2n<\/b><\/span><span lang=\"ro-RO\"><b>e<\/b><\/span> <\/span><\/p>\n<\/li>\n<li>\n<p align=\"justify\"><span style=\"font-family: Cambria,serif;\"><span lang=\"ro-RO\">Asocia\u021bia \u201dComunit\u0103\u021bile Locale Riverane Dun\u0103rii\u201d<\/span><span lang=\"ro-RO\"> &#8211; Departamentul de Training<\/span><span lang=\"ro-RO\"> &#8211; <\/span><span lang=\"ro-RO\"><b>CLDR<\/b><\/span><span lang=\"ro-RO\">, membr\u0103 Danubius Academic Consortium (<\/span><span lang=\"ro-RO\">DAC, <\/span><span lang=\"ro-RO\">Baden Wurttmeberg) \u0219i a Consiliului Ora\u0219elor \u0219i Regiunilor Dun\u0103rii <\/span><span lang=\"ro-RO\">(<\/span><span lang=\"ro-RO\">CoDCR, <\/span><span lang=\"ro-RO\">Viena)<\/span><\/span><\/p>\n<\/li>\n<\/ul>\n<p align=\"justify\"><span style=\"font-family: Cambria,serif;\"><span lang=\"ro-RO\"><b>C<\/b><\/span><span lang=\"ro-RO\"><b>onsultan\u021bii \u0218tiin\u021bifici <\/b><\/span><span lang=\"ro-RO\">principali ai programului sunt: <\/span><\/span><\/p>\n<ul>\n<li>\n<p align=\"justify\"><span style=\"font-family: Cambria,serif;\"><span lang=\"ro-RO\">Prof. George TEODORESCU, Pre\u0219edinte<\/span><span lang=\"ro-RO\"> &#8211;<\/span><span lang=\"ro-RO\"> Institutul<\/span> <span lang=\"ro-RO\">Interna\u021bional de Inovare Integral\u0103 (Germania);<\/span><\/span><\/p>\n<\/li>\n<li>\n<p align=\"justify\"><span style=\"font-family: Cambria,serif;\"><span lang=\"ro-RO\">Prof. Petre PRISECARU &#8211; Institutul de Economie Mondial\u0103 al Academiei Rom\u00e2ne<\/span><\/span><\/p>\n<\/li>\n<li>\n<p align=\"justify\"><span style=\"font-family: Cambria,serif;\"><span lang=\"ro-RO\">CS I dr.med.vet.ing. <\/span><span lang=\"ro-RO\">I<\/span><span lang=\"ro-RO\">udith IPATE &#8211; Director \u0218tiin\u021bific, Centrul de Biodiversitate al Academiei Rom\u00e2ne<\/span><\/span><\/p>\n<\/li>\n<li>\n<p align=\"justify\"><span style=\"font-family: Cambria,serif;\"><span lang=\"ro-RO\">Lector univ. dr. Gabriela DAVID &#8211; <\/span><span lang=\"ro-RO\">Catedra Interna\u021bional\u0103 Onorific\u0103 \u201dJean Bart\u201d &#8211; <\/span><span lang=\"ro-RO\">CIO-SUERD<\/span><\/span><\/p>\n<\/li>\n<li>\n<p align=\"justify\"><span style=\"font-family: Cambria,serif;\"><span lang=\"ro-RO\">Prof. Sever AVRAM &#8211; Pre\u0219edinte Executiv <\/span><span lang=\"ro-RO\">&#8211; <\/span><span lang=\"ro-RO\">CLDR Rom\u00e2nia<\/span><\/span><\/p>\n<\/li>\n<\/ul>\n<p align=\"justify\"><span style=\"font-family: Cambria,serif;\"><span lang=\"ro-RO\">Programul va fi lansat cu ocazia <\/span><a href=\"http:\/\/www.houseofeurope.ro\/SUERD\/CIO-SUERD.html\"><span lang=\"ro-RO\"><b>Conferin\u021bei Na\u021bionale SUERD<\/b><\/span><\/a><span lang=\"ro-RO\"> (Senatul Rom\u00e2niei, 22 septembrie 2016<\/span><span lang=\"ro-RO\">)<\/span><span lang=\"ro-RO\">, iar cursurile \u00eencep \u00een prima s\u0103pt\u0103m\u00e2n\u0103 a lunii octombrie<\/span><span lang=\"ro-RO\"> 2016<\/span><span lang=\"ro-RO\">. Pentru \u00eenscrieri, cei intersa\u021bi sunt ruga\u021bi s\u0103 contacteze Consor\u021biul Organizatoric la adresa info@houseofeurope.ro sau<\/span><span lang=\"ro-RO\"> la<\/span><span lang=\"ro-RO\"> tel.\/fax: 021.2304997. <\/span><\/span><\/p>\n<p align=\"justify\"><a href=\"http:\/\/www.houseofeurope.ro\/blog\/wp-content\/uploads\/2016\/09\/Formular-Bioeconomie.doc\" target=\"_blank\"><strong>Formular de Inscriere<\/strong><\/a><\/p>\n","protected":false},"excerpt":{"rendered":"<p>Managementul Bio-Economiei, Inov\u0103rii \u0219i Guvernan\u021bei. Program postuniversitar online pentru formarea consultan\u021bilor \u00een specializ\u0103rile bioeconomiei Bioeconomia, ca domeniu \u00een Uniunea European\u0103, de\u021bine deja \u00een prezent o cifr\u0103 de afaceri de 2,1 trilioane Euro \u0219i men\u021bine peste 18 milioane de locuri de munc\u0103 active. Totodat\u0103, \u00een cadrul parteneriatelor public-private privind industriile bio, operatorii din domeniul privat investesc<a class=\"sup-readmore\" href=\"http:\/\/www.houseofeurope.ro\/blog\/managementul-bio-economiei-inovarii-si-guvernantei\/\">Read More<\/a><\/p>\n","protected":false},"author":1,"featured_media":775,"comment_status":"open","ping_status":"open","sticky":false,"template":"","format":"standard","meta":{"footnotes":""},"categories":[8,50],"tags":[187,189,188,95],"_links":{"self":[{"href":"http:\/\/www.houseofeurope.ro\/blog\/wp-json\/wp\/v2\/posts\/774"}],"collection":[{"href":"http:\/\/www.houseofeurope.ro\/blog\/wp-json\/wp\/v2\/posts"}],"about":[{"href":"http:\/\/www.houseofeurope.ro\/blog\/wp-json\/wp\/v2\/types\/post"}],"author":[{"embeddable":true,"href":"http:\/\/www.houseofeurope.ro\/blog\/wp-json\/wp\/v2\/users\/1"}],"replies":[{"embeddable":true,"href":"http:\/\/www.houseofeurope.ro\/blog\/wp-json\/wp\/v2\/comments?post=774"}],"version-history":[{"count":5,"href":"http:\/\/www.houseofeurope.ro\/blog\/wp-json\/wp\/v2\/posts\/774\/revisions"}],"predecessor-version":[{"id":781,"href":"http:\/\/www.houseofeurope.ro\/blog\/wp-json\/wp\/v2\/posts\/774\/revisions\/781"}],"wp:featuredmedia":[{"embeddable":true,"href":"http:\/\/www.houseofeurope.ro\/blog\/wp-json\/wp\/v2\/media\/775"}],"wp:attachment":[{"href":"http:\/\/www.houseofeurope.ro\/blog\/wp-json\/wp\/v2\/media?parent=774"}],"wp:term":[{"taxonomy":"category","embeddable":true,"href":"http:\/\/www.houseofeurope.ro\/blog\/wp-json\/wp\/v2\/categories?post=774"},{"taxonomy":"post_tag","embeddable":true,"href":"http:\/\/www.houseofeurope.ro\/blog\/wp-json\/wp\/v2\/tags?post=774"}],"curies":[{"name":"wp","href":"https:\/\/api.w.org\/{rel}","templated":true}]}}