{"id":783,"date":"2016-11-08T14:09:19","date_gmt":"2016-11-08T12:09:19","guid":{"rendered":"http:\/\/www.houseofeurope.ro\/blog\/?p=783"},"modified":"2016-11-21T13:55:06","modified_gmt":"2016-11-21T11:55:06","slug":"finantari-suerd-cadrul-por","status":"publish","type":"post","link":"http:\/\/www.houseofeurope.ro\/blog\/finantari-suerd-cadrul-por\/","title":{"rendered":"Finan\u021b\u0103ri SUERD \u00een cadrul POR"},"content":{"rendered":"<p>Muta\u021bii esen\u021biale privind focalizarea \u0219i finan\u021barea proiectelor-cadru sub egida <strong>Strategiei UE pentru Regiunea Dun\u0103rii<\/strong> (SUERD) au avut loc recent, \u00een urma Forumului Anual al Dun\u0103rii (Bratislva, noiembrie 2016). Totodat\u0103, prin deschiderea \u00een cur\u00e2nd a axei speciale SUERD pentru comunit\u0103\u021bile locale riverane dun\u0103rii, se deschid perspective promi\u021b\u0103toare pentru modernizarea \u0219i inter-conectarea localit\u0103\u021bilor de-a lungul Dun\u0103rii. Cu toate acestea, numai printr-o bun\u0103 \u00een\u021belegere a nevoii de <strong>integrativitate a proiectelor<\/strong> fiec\u0103rei zone \/ localit\u0103\u021bi se vor putea atinge rezultatele scontate \u0219i determina sporirea atractivit\u0103\u021bii urbane, turistice \u0219i recrea\u021bionale \u00een vederea cre\u0219terii competitivit\u0103\u021bii economice \u0219i gener\u0103rii c\u00e2t mai multor locuri de munc\u0103 \u00een regiune.<!--more--><\/p>\n<blockquote><p>Primele oportunit\u0103\u021bi de finan\u021bare pentru proiecte dun\u0103rene \u00een Rom\u00e2nia.<br \/>\n<strong>Sesiune practic\u0103 la Bucure\u0219ti, 29 noiembrie 2016 <\/strong><\/p><\/blockquote>\n<p>\u00cen acest scop, Departamentul de Training al <strong>CLDR<\/strong> \u2013 Asocia\u021bia \u201dComunit\u0103\u021bile Locale Riverane Dun\u0103rii\u201d, membr\u0103 DAC \u2013 Danubius Academic Consortium -, \u00een parteneriat cu<strong> Task Force-ul Na\u021bional SUERD<\/strong> \u2013 instrument informal de consultare \u0219i lucru cu reprezentare guvernamental\u0103 \u0219i non-guvernamental\u0103-, precum \u0219i cu <strong>ACRAFE<\/strong> \u2013 Asocia\u021bia Consultan\u021bilor din Rom\u00e2nia pentru Accesarea Fondurilor Europene \u0219i <strong>CIO-SUERD<\/strong> \u2013 Catedra Interna\u021bional\u0103 Onorific\u0103 \u201dJean Bart\u201d \u00een sprijinul Strategiei UE pentru Regiunea Dun\u0103rii, proiect coordonat de <strong>Funda\u021bia EUROLINK-Casa Europei<\/strong> \u00een colaborare cu <strong>Centrul de Biodiversitate<\/strong> al <strong>Academiei Rom\u00e2ne<\/strong> \u2013 organizeaz\u0103, \u00een seria <strong>Incubatorul de Proiecte \u0219i Afaceri Europene<\/strong>, Sesiunea de Informare \u0219i Training cu tema <em><strong>\u201dC\u0103i de maximizare a succesului proiectelor SUERD \u00een cadrul POR. Alte oportunit\u0103\u021bi de parteneriat \u0219i finan\u021bare complementare\u201d<\/strong><\/em>.<\/p>\n<p>Sesiune va avea loc la sediul Catedrei Interna\u021bionale Onorifice &#8220;Jean Bart&#8221; &#8211; CIO-SUERD, g\u0103zduit de Centrul de Biodiversitate al Academiei Rom\u00e2ne &#8211; <strong>Bucure\u0219ti &#8211; Casa Academiei Rom\u00e2ne &#8211; Calea 13 Septembrie, nr. 13<\/strong> (etaj VII, aripa dreapta), \u00een data de <strong>mar\u021bi, 29 noiembrie 2016<\/strong>, orele 9.30-13.00 \u0219i se bazeaz\u0103 pe: prezent\u0103ri sintetice pentru actualizarea informa\u021biilor utile \u00een domeniu; runde de \u00eentreb\u0103ri \u0219i r\u0103spunsuri; studii de caz cu caracter demonstrativ; teme de reflec\u021bie \u0219i exerci\u021bii practice. La final, cursan\u021bii primesc <strong>Certificat de Participare<\/strong> eliberat sub egida Consor\u021biului Organizatoric.<\/p>\n<p><strong>Principalele teme<\/strong> \u0219i subiecte abordate:<br \/>\n1. Concluziile \u0219i consecin\u021bele desprinse \u00een urma desf\u0103\u0219ur\u0103rii Forumului Anual al Strategiei Dun\u0103rii, edi\u021bia a V-a, Bratislava 2016 \u0219i a Conferin\u021bei SUERD organizat\u0103 de MDRAP \u0219i Ministerul Culturii.<br \/>\n2. \u00cen\u021belegerea cadrului general \u0219i obiectivelor Strategiei Dun\u0103rii cu aplicabilitate pentru contextul proiectelor rom\u00e2ne\u0219ti<br \/>\n3. Ce \u00eenseamn\u0103 un proiect cu valoare ad\u0103ugat\u0103 european\u0103? Criterii de evaluare \u0219i selec\u021bie POR<br \/>\n4. Recomand\u0103ri privind conectarea proiectelor rom\u00e2ne\u0219ti la lista \u021bintelor \u0219i ac\u021biunilor SUERD<br \/>\n5. Stadiul actual al procesului de implementare \u2013 oportunit\u0103\u021bi de parteneriat \u0219i finan\u021bare pentru beneficiarii din sectorul public \u0219i mediul de afaceri<br \/>\n6. Exemple de bune practici din cadrul Programului Transna\u021bional \u201dDun\u0103rea\u201d<br \/>\n7. Cum putem utiliza profitabil participarea la Comunitatea de Practici KM \u00een favoarea Inov\u0103rii \u00een Regiunea Dun\u0103rii (CoP-KMIRD)?<br \/>\n8. Obiective \u0219i sarcini ale Task Force-ului Na\u021bional SUERD.<\/p>\n<p><strong>Participan\u021bii<\/strong> a\u0219tepta\u021bi pot reprezenta urm\u0103toarele domenii: departamentele de proiecte din cadrul autorit\u0103\u021bilor publice jude\u021bene\/locale \u0219i asocia\u021biilor de dezvoltare intercomunitar\u0103; manageri publici, project manageri, consultan\u021bi\u00a0 \u00een proiecte cu finan\u021bare european\u0103, exper\u021bii din agen\u021biile de dezvoltare regional\u0103; cadre universitare \u0219i din domeniul cercet\u0103rii-dezvolt\u0103rii; lideri \u0219i reprezentan\u021bi ai sectorului ONG care dezvolt\u0103 parteneriate cu administra\u021bia public\u0103; responsabili\/func\u021bionari din cadrul camerelor de comer\u021b \u0219i asocia\u021biilor profesionale interesate etc.<\/p>\n<p>Participan\u021bilor li se asigur\u0103: suportul de curs tip\u0103rit \u0219i transmiterea \u00een format electronic a prezent\u0103rilor; sesiune de networking \u0219i pauze de cafea; acces privilegiat la evenmentele \u0219i conferin\u021bele organizate de CLDR \u0219i partenerii s\u0103i; Certificat de Participare \u0219i, op\u021bional, Scrisoare de Recomandare pentru tineri absolven\u021bi, precum \u0219i includerea \u00een Re\u021beaua Na\u021bional\u0103 a Ofi\u021berilor Dun\u0103reni.<\/p>\n<p><strong>Guest-speakers<\/strong> \u0219i traineri invita\u021bi:<\/p>\n<ul>\n<li>Secretar de Stat Mihaela VRABETE, Coordonator Aria Prioritar\u0103 Turism \u2013 Cultur\u0103 SUERD \u2013 MDRAP (t.b.c.)<\/li>\n<li>Dr. Octavian \u0218ERBAN, KMC \u2013 Pre\u0219edinte \u2013 Knowledge Management Institute Rom\u00e2nia \/ Consilierul Personal al Ministrului Fondurilor Europene (t.b.c.)<\/li>\n<li>Secretar de Stat Anca NEDEA \u2013 Autoritatea Na\u021bional\u0103 pentru Turism (t.b.c.)<\/li>\n<li>Consilier Mihai MONORANU \u2013 Ministerul Culturii (t.b.c.)<\/li>\n<li>Prof. dr. Petre PRISECARU \u2013 Institutul de Economie Mondial\u0103<\/li>\n<li>Wienfried SENKER \u2013 Senior Consultant \u2013 East-West Management Munchen-Bukarest<\/li>\n<li>Marian DOBRIL\u0102 \u2013 Vicepre\u0219edinte \u2013 ACRAFE \/ Manager General \u2013 TDP Partners<\/li>\n<li>Dr. Georgeta GHE\u021aE D\u0102N\u0102U \u2013 Pre\u0219edinte \u2013 Asocia\u0163ia Profesional\u0103 a Form\u0103rii \u00een Administra\u0163ia Public\u0103 Local\u0103 \u201cCINAQ\u201d<\/li>\n<li>Conf. univ. dr. Gabriela DAVID \u2013 Coordonator \u0218tiin\u021bific \u2013 CIO-SUERD \/ Universitatea de Vest \u201dVasile Goldi\u0219\u201d<\/li>\n<li>Prof. Sever AVRAM \u2013 Pre\u0219edinte Executiv \u2013 CLDR<\/li>\n<\/ul>\n<p>\u00censcrierile se fac conform principiului <em>\u201ePrimul venit-primul servit\u201d<\/em> p\u00e2n\u0103 \u00een <strong>21 noiembrie 2016<\/strong>, \u00een baza complet\u0103rii \u0219i transmiterii <a href=\"http:\/\/www.cldr.ro\/wp-content\/uploads\/2016\/11\/Formular_29nov.doc\"><strong>Formularului de \u00censcriere<\/strong><\/a>.<\/p>\n<p>Detalii suplimentare pot fi solicitate Secretariatului Tehnic prin e-mail: secretariat@cldr.ro ori telefonic la tel.\/fax: 021.230.49.97.<\/p>\n<p>Parteneri Media Asocia\u021bi: Agen\u021bia Na\u021bional\u0103 de Pres\u0103 AGERPRES \u0219i TVH. Parteneri Media: Finantare.ro, CalendarEvenimente.ro, CaleaEuropeana.ro, Comunicatii Mobile, SmartFinancial.ro, ClubAfaceri.ro, BrandInfo.ro,\u00a0 PRwave.ro,\u00a0 ComunicateMedia.ro, Tribuna Economica, Early Warning Support \u2013 \u201eEU-RO Clearing Funds\u201d.<\/p>\n","protected":false},"excerpt":{"rendered":"<p>Muta\u021bii esen\u021biale privind focalizarea \u0219i finan\u021barea proiectelor-cadru sub egida Strategiei UE pentru Regiunea Dun\u0103rii (SUERD) au avut loc recent, \u00een urma Forumului Anual al Dun\u0103rii (Bratislva, noiembrie 2016). Totodat\u0103, prin deschiderea \u00een cur\u00e2nd a axei speciale SUERD pentru comunit\u0103\u021bile locale riverane dun\u0103rii, se deschid perspective promi\u021b\u0103toare pentru modernizarea \u0219i inter-conectarea localit\u0103\u021bilor de-a lungul Dun\u0103rii. Cu<a class=\"sup-readmore\" href=\"http:\/\/www.houseofeurope.ro\/blog\/finantari-suerd-cadrul-por\/\">Read More<\/a><\/p>\n","protected":false},"author":1,"featured_media":501,"comment_status":"open","ping_status":"open","sticky":false,"template":"","format":"standard","meta":{"footnotes":""},"categories":[8],"tags":[191,190,95],"_links":{"self":[{"href":"http:\/\/www.houseofeurope.ro\/blog\/wp-json\/wp\/v2\/posts\/783"}],"collection":[{"href":"http:\/\/www.houseofeurope.ro\/blog\/wp-json\/wp\/v2\/posts"}],"about":[{"href":"http:\/\/www.houseofeurope.ro\/blog\/wp-json\/wp\/v2\/types\/post"}],"author":[{"embeddable":true,"href":"http:\/\/www.houseofeurope.ro\/blog\/wp-json\/wp\/v2\/users\/1"}],"replies":[{"embeddable":true,"href":"http:\/\/www.houseofeurope.ro\/blog\/wp-json\/wp\/v2\/comments?post=783"}],"version-history":[{"count":5,"href":"http:\/\/www.houseofeurope.ro\/blog\/wp-json\/wp\/v2\/posts\/783\/revisions"}],"predecessor-version":[{"id":797,"href":"http:\/\/www.houseofeurope.ro\/blog\/wp-json\/wp\/v2\/posts\/783\/revisions\/797"}],"wp:featuredmedia":[{"embeddable":true,"href":"http:\/\/www.houseofeurope.ro\/blog\/wp-json\/wp\/v2\/media\/501"}],"wp:attachment":[{"href":"http:\/\/www.houseofeurope.ro\/blog\/wp-json\/wp\/v2\/media?parent=783"}],"wp:term":[{"taxonomy":"category","embeddable":true,"href":"http:\/\/www.houseofeurope.ro\/blog\/wp-json\/wp\/v2\/categories?post=783"},{"taxonomy":"post_tag","embeddable":true,"href":"http:\/\/www.houseofeurope.ro\/blog\/wp-json\/wp\/v2\/tags?post=783"}],"curies":[{"name":"wp","href":"https:\/\/api.w.org\/{rel}","templated":true}]}}