{"id":788,"date":"2016-11-14T11:48:47","date_gmt":"2016-11-14T09:48:47","guid":{"rendered":"http:\/\/www.houseofeurope.ro\/blog\/?p=788"},"modified":"2016-11-26T21:13:37","modified_gmt":"2016-11-26T19:13:37","slug":"tineri-campioni-romani-regiunea-dunarii-2016","status":"publish","type":"post","link":"http:\/\/www.houseofeurope.ro\/blog\/tineri-campioni-romani-regiunea-dunarii-2016\/","title":{"rendered":"Tineri Campioni Rom\u00e2ni \u00een Regiunea Dun\u0103rii 2016"},"content":{"rendered":"<p>\u00cen aceast\u0103 toamn\u0103 s-au \u00eemplinit 19 ani de la fondarea <strong>Casei Europei<\/strong> la Bucure\u0219ti, f\u0103c\u00e2nd parte din Re\u021beaua EUNET &#8211; European Network for Education and Training, organiza\u021bie interna\u021bional\u0103 grup\u00e2nd case \u0219i academii europene, cu sediul principal la Hennef, Renania de Nord &#8211; Westfalia, Germania. \u0219i fiind de asemenea coordonatorul Secretariatului Tehnic al <strong>Asocia\u021biei CLDR<\/strong> &#8211; \u201dComunit\u0103\u021bile Locale Riverane Dun\u0103rii\u201d.<\/p>\n<figure id=\"attachment_798\" aria-describedby=\"caption-attachment-798\" style=\"width: 256px\" class=\"wp-caption alignright\"><a href=\"http:\/\/www.houseofeurope.ro\/blog\/wp-content\/uploads\/2016\/11\/GoodYear.jpg\"><img loading=\"lazy\" decoding=\"async\" class=\"wp-image-798\" src=\"http:\/\/www.houseofeurope.ro\/blog\/wp-content\/uploads\/2016\/11\/GoodYear-750x1024.jpg\" alt=\"Goodyear - Premio\" width=\"256\" height=\"350\" srcset=\"http:\/\/www.houseofeurope.ro\/blog\/wp-content\/uploads\/2016\/11\/GoodYear-750x1024.jpg 750w, http:\/\/www.houseofeurope.ro\/blog\/wp-content\/uploads\/2016\/11\/GoodYear-220x300.jpg 220w, http:\/\/www.houseofeurope.ro\/blog\/wp-content\/uploads\/2016\/11\/GoodYear-768x1049.jpg 768w\" sizes=\"(max-width: 256px) 100vw, 256px\" \/><\/a><figcaption id=\"caption-attachment-798\" class=\"wp-caption-text\"><em>Multumim Goodyear si Premio pentru sprijinul acordat.<\/em><\/figcaption><\/figure>\n<p>\u00cencep\u00e2nd cu anul 2001, <strong>EUROLINK-Casa Europei<\/strong> a acordat anual, \u00een diverse contexte, Trofee \u0219i Diplome de Excelen\u021b\u0103 pentru personalit\u0103\u021bi \u0219i organiza\u021bii din \u021bar\u0103, c\u00e2t \u0219i din str\u0103in\u0103tate, care au promovat Ideea European\u0103.<\/p>\n<p>\u00cen acest an, \u00een scopul de a marca \u0219i r\u0103spl\u0103ti str\u0103daniile unor personalit\u0103\u021bi din t\u00e2n\u0103ra genera\u021bie care s-a manifestat pro-activ ca devotament civic \u00een variate domenii de activitate, Consiliul Director al Casei Europei a decis acordarea <strong>Titlului \u0219i Diplomei de Excelen\u021b\u0103 \u201dTineri Campioni Rom\u00e2ni \u00een Regiunea Dun\u0103rii 2016\u201d<\/strong>.<\/p>\n<p>Laurea\u021bii acestei edi\u021bii sunt:<\/p>\n<ul>\n<li>Teodor ANDREI &#8211; Campion \u0218tafeta Na\u021bional\u0103 de Triathlon &#8211; Clubul Sportiv Aqua Vita Delta, Tulcea<\/li>\n<li>Drago\u0219 B\u0102JAN &#8211; medic specialist chirurgie general\u0103<\/li>\n<li>Ramona Veronica BELECCIU &#8211; Scriitor \u0219i Jurnalist<\/li>\n<li>Ioana BELU &#8211; Pre\u0219edintele Asocia\u021biei EuropaNova, Bruxelles<\/li>\n<li>Luca CIUBOTARU &#8211; Ministerul pentru Consultare Public\u0103 \u0219i Dialog Civic<\/li>\n<li>Andrei CO\u0218ULEANU &#8211; Director Executiv, Asocia\u021bia \u201dLet&#8217;s Do It, Romania!\u201d<\/li>\n<li>Cristian GHINGHE\u0218 &#8211; Consilier Local Independent, Municipiul Bac\u0103u<\/li>\n<li>Rare\u015f Mihai H\u0102BEANU &#8211; Consilier personal al Pre\u015fedintelui ANSVSA<\/li>\n<li>Andrei POPESCU &#8211; Secretar de Stat &#8211; Ministerul Tineretului \u0219i Sportului<\/li>\n<li>Ruxandra POPESCU &#8211; Secretar General, Liga Studen\u021bilor Rom\u00e2ni din Str\u0103in\u0103tate<\/li>\n<li>Lia SINCHEVICI &#8211; Actor Independent<\/li>\n<li>Claudiu VR\u00ceNCEANU &#8211; Secretar de Stat, Ministerul Economiei<\/li>\n<\/ul>\n<figure id=\"attachment_805\" aria-describedby=\"caption-attachment-805\" style=\"width: 415px\" class=\"wp-caption alignleft\"><a href=\"http:\/\/www.houseofeurope.ro\/blog\/wp-content\/uploads\/2016\/11\/15151463_1168934176530960_775731794_n.jpg\"><img loading=\"lazy\" decoding=\"async\" class=\"wp-image-805\" src=\"http:\/\/www.houseofeurope.ro\/blog\/wp-content\/uploads\/2016\/11\/15151463_1168934176530960_775731794_n-300x289.jpg\" alt=\"Artist Diana Surge\" width=\"415\" height=\"400\" srcset=\"http:\/\/www.houseofeurope.ro\/blog\/wp-content\/uploads\/2016\/11\/15151463_1168934176530960_775731794_n-300x289.jpg 300w, http:\/\/www.houseofeurope.ro\/blog\/wp-content\/uploads\/2016\/11\/15151463_1168934176530960_775731794_n-768x741.jpg 768w, http:\/\/www.houseofeurope.ro\/blog\/wp-content\/uploads\/2016\/11\/15151463_1168934176530960_775731794_n.jpg 960w\" sizes=\"(max-width: 415px) 100vw, 415px\" \/><\/a><figcaption id=\"caption-attachment-805\" class=\"wp-caption-text\"><em>Suntem recunosc\u0103tori artistei Diana Surge pentru crearea medaliilor-unicat oferite laurea\u021bilor.<\/em><\/figcaption><\/figure>\n<p>Festivitatea va avea loc \u00een data de <strong>29 noiembrie 2016<\/strong> (ora 17:30), cu amabilul sprijin \u0219i la sediul Palatului Funda\u021biei Dignitas din Bucure\u0219ti, Str. Anton Pann nr. 21. La eveniment sunt invitate personalit\u0103\u021bi ale vie\u021bii politice, \u0219tiin\u021bifice, culturale \u0219i artistice din \u021bara noastr\u0103, precum \u0219i din partea institu\u021biilor \u0219i organiza\u021biilor CLDR Rom\u00e2nia.<\/p>\n<p>\u00cen partea a doua a reuniunii, va avea loc a doua dezbatere din seria ini\u021biat\u0103 de Departamentul de Tineret \u0219i Studen\u021bi al <strong>Asocia\u021biei CLDR<\/strong> \u00een parteneriat cu<strong> Funda\u021bia Dignitas<\/strong>, cu tema<strong> \u201dRolul tinerilor \u00een procesul de schimbare a mentalit\u0103\u021bilor &#8211; \u00eentre implicare, partizanat \u0219i devotament civic\u201d<\/strong>.<\/p>\n<p>Participarea se face \u00een limita locurilor disponibile, iar solicit\u0103rile de participare sunt a\u0219teptate la adresa <a href=\"mailto:secretariat@cldr.ro\">secretariat@cldr.ro<\/a>.<\/p>\n<p><strong>Parteneri Media Asociati:<\/strong> Agen\u021bia Na\u021bional\u0103 de Pres\u0103 AGERPRES \u0219i TVH. <strong>Parteneri Media:<\/strong> Finantare.ro, CalendarEvenimente.ro, CaleaEuropeana.ro, Comunicatii Mobile, SmartFinancial.ro, ClubAfaceri.ro, BrandInfo.ro,\u00a0 PRwave.ro,\u00a0 ComunicateMedia.ro, Tribuna Economica, 24 PH Arte, Buletin Dun\u0103rean.<\/p>\n<p>Pentru conformitate,<br \/>\nEUROLINK-Casa Europei\/Asociatia CLDR<\/p>\n","protected":false},"excerpt":{"rendered":"<p>\u00cen aceast\u0103 toamn\u0103 s-au \u00eemplinit 19 ani de la fondarea Casei Europei la Bucure\u0219ti, f\u0103c\u00e2nd parte din Re\u021beaua EUNET &#8211; European Network for Education and Training, organiza\u021bie interna\u021bional\u0103 grup\u00e2nd case \u0219i academii europene, cu sediul principal la Hennef, Renania de Nord &#8211; Westfalia, Germania. \u0219i fiind de asemenea coordonatorul Secretariatului Tehnic al Asocia\u021biei CLDR &#8211;<a class=\"sup-readmore\" href=\"http:\/\/www.houseofeurope.ro\/blog\/tineri-campioni-romani-regiunea-dunarii-2016\/\">Read More<\/a><\/p>\n","protected":false},"author":1,"featured_media":791,"comment_status":"open","ping_status":"open","sticky":false,"template":"","format":"standard","meta":{"footnotes":""},"categories":[8],"tags":[150,192,7,193],"_links":{"self":[{"href":"http:\/\/www.houseofeurope.ro\/blog\/wp-json\/wp\/v2\/posts\/788"}],"collection":[{"href":"http:\/\/www.houseofeurope.ro\/blog\/wp-json\/wp\/v2\/posts"}],"about":[{"href":"http:\/\/www.houseofeurope.ro\/blog\/wp-json\/wp\/v2\/types\/post"}],"author":[{"embeddable":true,"href":"http:\/\/www.houseofeurope.ro\/blog\/wp-json\/wp\/v2\/users\/1"}],"replies":[{"embeddable":true,"href":"http:\/\/www.houseofeurope.ro\/blog\/wp-json\/wp\/v2\/comments?post=788"}],"version-history":[{"count":25,"href":"http:\/\/www.houseofeurope.ro\/blog\/wp-json\/wp\/v2\/posts\/788\/revisions"}],"predecessor-version":[{"id":819,"href":"http:\/\/www.houseofeurope.ro\/blog\/wp-json\/wp\/v2\/posts\/788\/revisions\/819"}],"wp:featuredmedia":[{"embeddable":true,"href":"http:\/\/www.houseofeurope.ro\/blog\/wp-json\/wp\/v2\/media\/791"}],"wp:attachment":[{"href":"http:\/\/www.houseofeurope.ro\/blog\/wp-json\/wp\/v2\/media?parent=788"}],"wp:term":[{"taxonomy":"category","embeddable":true,"href":"http:\/\/www.houseofeurope.ro\/blog\/wp-json\/wp\/v2\/categories?post=788"},{"taxonomy":"post_tag","embeddable":true,"href":"http:\/\/www.houseofeurope.ro\/blog\/wp-json\/wp\/v2\/tags?post=788"}],"curies":[{"name":"wp","href":"https:\/\/api.w.org\/{rel}","templated":true}]}}