{"id":835,"date":"2017-01-12T13:50:18","date_gmt":"2017-01-12T11:50:18","guid":{"rendered":"http:\/\/www.houseofeurope.ro\/blog\/?p=835"},"modified":"2017-09-06T09:29:50","modified_gmt":"2017-09-06T07:29:50","slug":"intarirea-expertizei-dunarene-pentru-accesarea-oportunitatilor-de-finantare-ue","status":"publish","type":"post","link":"http:\/\/www.houseofeurope.ro\/blog\/intarirea-expertizei-dunarene-pentru-accesarea-oportunitatilor-de-finantare-ue\/","title":{"rendered":"\u00cent\u0103rirea expertizei dun\u0103rene pentru accesarea oportunit\u0103\u021bilor de finan\u021bare UE"},"content":{"rendered":"<p class=\"western\" align=\"center\"><span style=\"font-family: Cambria,serif;\"><span lang=\"ro-RO\"><b>Lansarea cursului post-universitar online pentru manageri, consultan\u021bi \u0219i ofi\u021beri SUERD<\/b><\/span><\/span><\/p>\n<p class=\"western\" align=\"justify\"><span style=\"font-family: Cambria,serif;\"><span lang=\"ro-RO\">\u00centruc\u00e2t primele zece condi\u021bionalit\u0103\u021bi impuse de <\/span><\/span><span style=\"font-family: Cambria,serif;\"><span lang=\"ro-RO\"><b>Comisia European\u0103<\/b><\/span><\/span><span style=\"font-family: Cambria,serif;\"><span lang=\"ro-RO\"> Rom\u00e2niei pentru lansarea noilor Apeluri de Proiecte au fost \u00eendeplinite p\u00e2n\u0103 la finele anului trecut, <\/span><\/span><span style=\"font-family: Cambria,serif;\"><span lang=\"ro-RO\"><b>Ministerul Fondurilor Europene<\/b><\/span><\/span><span style=\"font-family: Cambria,serif;\"><span lang=\"ro-RO\"> a apreciat recent c\u0103 semnalele primite sunt foarte bune \u0219i c\u0103 astfel, \u00een cur\u00e2nd, vor putea fi lansate noi apeluri \u00een 2017, pe l\u00e2ng\u0103 cele \u00een valoare de <\/span><\/span><span style=\"font-family: Cambria,serif;\"><span lang=\"ro-RO\"><b>13 miliarde euro<\/b><\/span><\/span><span style=\"font-family: Cambria,serif;\"><span lang=\"ro-RO\"> deja anun\u021bate oficial. Prin POR, vor putea fi finan\u021bate \u00een mod direct proiecte sub egida <\/span><\/span><span style=\"font-family: Cambria,serif;\"><span lang=\"ro-RO\"><b>Strategiei UE pentru Regiunea Dun\u0103rii <\/b><\/span><\/span><span style=\"font-family: Cambria,serif;\"><span lang=\"ro-RO\">(SUERD)<\/span><\/span><span style=\"font-family: Cambria,serif;\"><span lang=\"ro-RO\">, cu accent pe infrastructura din jude\u021bele riverane Dun\u0103rii, cu o estimare total\u0103 a finan\u021b\u0103rii de <\/span><\/span><span style=\"font-family: Cambria,serif;\"><span lang=\"ro-RO\"><b>500 milioane euro<\/b><\/span><\/span><span style=\"font-family: Cambria,serif;\"><span lang=\"ro-RO\">.<\/span><\/span><\/p>\n<p class=\"western\" align=\"justify\"><span style=\"font-family: Cambria,serif;\"><span lang=\"ro-RO\">Cum programul online de tip post-universitar pentru <\/span><\/span><span style=\"font-family: Cambria,serif;\"><span lang=\"ro-RO\"><b>Formarea Exper\u021bilor \u00een Managementul Programelor de Finan\u021bare \u00een cadrul <\/b><\/span><\/span><span style=\"font-family: Cambria,serif;\"><span lang=\"en-US\"><b>SUERD<\/b><\/span><\/span> <span style=\"font-family: Cambria,serif;\"><span lang=\"en-US\">a<\/span><\/span><span style=\"font-family: Cambria,serif;\"><span lang=\"ro-RO\"> cunoscut <\/span><\/span><span style=\"font-family: Cambria,serif;\"><span lang=\"en-US\">un <\/span><\/span><span style=\"font-family: Cambria,serif;\"><span lang=\"ro-RO\">succes deosebit printre participan\u021bii care doresc s\u0103 acceseze axa SUERD, \u00een special, Departamentul de Training al <\/span><\/span><span style=\"font-family: Cambria,serif;\"><span lang=\"ro-RO\"><b>Asocia\u021biei <\/b><\/span><\/span><span style=\"font-family: Cambria,serif;\"><span lang=\"ro-RO\">\u201d<\/span><\/span><span style=\"font-family: Cambria,serif;\"><span lang=\"ro-RO\"><b>Comunit\u0103\u021bile Locale Riverane Dun\u0103rii\u201d <\/b><\/span><\/span><span style=\"font-family: Cambria,serif;\"><span lang=\"ro-RO\">(CLDR)<\/span><\/span><span style=\"font-family: Cambria,serif;\"><span lang=\"ro-RO\">, asocia\u021bie membr\u0103 a Consiliului Ora\u0219elor \u0219i Regiunilor Dun\u0103rii (CoDCR-Viena) \u0219i a Danubius Academic Consortium (DAC-Baden Wurttemberg), \u00een parteneriat cu <\/span><\/span><span style=\"font-family: Cambria,serif;\"><span lang=\"ro-RO\"><b>Catedra Interna\u021bional\u0103 Onorific\u0103 SUERD \u201dJean Bart\u201d <\/b><\/span><\/span><span style=\"font-family: Cambria,serif;\"><span lang=\"ro-RO\">(CIO-SUERD)<\/span><\/span><span style=\"font-family: Cambria,serif;\"><span lang=\"ro-RO\">, proiect coordonat de <\/span><\/span><span style=\"font-family: Cambria,serif;\"><span lang=\"ro-RO\"><b>Funda\u021bia EUROLINK-Casa Europei<\/b><\/span><\/span><span style=\"font-family: Cambria,serif;\"><span lang=\"ro-RO\">, membr\u0103 European Network for Education and training (EUNET) \u00een parteneriat cu <\/span><\/span><span style=\"font-family: Cambria,serif;\"><span lang=\"ro-RO\"><b>Academia Rom\u00e2n\u0103 &#8211; Centrul de Biodiversitate<\/b><\/span><\/span><span style=\"font-family: Cambria,serif;\"><span lang=\"ro-RO\">, anun\u021b\u0103 deschiderea \u00eenscrierilor pentru o nou\u0103 grup\u0103 pentru perioada <\/span><\/span><span style=\"font-family: Cambria,serif;\"><span lang=\"ro-RO\"><b>ianuarie-aprilie 2017<\/b><\/span><\/span><span style=\"font-family: Cambria,serif;\"><span lang=\"ro-RO\">. Proiectul combin\u0103 componentele teoretice privind accesarea \u0219i implementarea proiectelor cu fonduri UE cu elemente cu pronun\u021bat caracter practic \u0219i nout\u0103\u021bi utile \/ studii de caz, incluz\u00e2nd prezentarea oportunit\u0103\u021bilor de finan\u021bare derivate din alte programe complementare precum: Programul Transna\u021bional Dun\u0103rea; Fondul pentru Proiecte Strategice Dun\u0103rene; axe relevante pentru inovare din cadrul Orizont 2020 etc. <\/span><\/span><\/p>\n<p class=\"western\" align=\"justify\"><span style=\"font-family: Cambria,serif;\"><span lang=\"ro-RO\">Programul se soldeaz\u0103 cu eliberarea <\/span><\/span><span style=\"font-family: Cambria,serif;\"><span lang=\"ro-RO\"><b>Certificatului de Absolvire <\/b><\/span><\/span><span style=\"font-family: Cambria,serif;\"><span lang=\"ro-RO\">\u0219i <\/span><\/span><span style=\"font-family: Cambria,serif;\"><span lang=\"ro-RO\"><b>Anexei de Studii<\/b><\/span><\/span><span style=\"font-family: Cambria,serif;\"><span lang=\"ro-RO\">, \u00eenscriindu-se \u00een seria programelor de formare recunoscute la nivel na\u021bional. De asemenea, absolven\u021bii sunt coopta\u021bi \u00een <\/span><\/span><span style=\"font-family: Cambria,serif;\"><span lang=\"ro-RO\"><b>Re\u021beaua Na\u021bional\u0103 a Ofi\u021berilor Dun\u0103reni<\/b><\/span><\/span><span style=\"font-family: Cambria,serif;\"><span lang=\"ro-RO\">, prin care primesc informa\u021bii \u0219i consiliere privind participarea la proiecte \u0219i ini\u021biative dun\u0103rene; pot primi <\/span><\/span><span style=\"font-family: Cambria,serif;\"><span lang=\"ro-RO\"><b>Scrisori de Recomandare <\/b><\/span><\/span><span style=\"font-family: Cambria,serif;\"><span lang=\"ro-RO\">pentru angajare, colaborare sau participare la parteneriate\/proiecte cu caracter na\u021bional\/macro-regional; li se acorda <\/span><\/span><span style=\"font-family: Cambria,serif;\"><span lang=\"ro-RO\"><b>acces privilegiat <\/b><\/span><\/span><span style=\"font-family: Cambria,serif;\"><span lang=\"ro-RO\">la evenimentele publice \u0219i grupurile de lucru pentru proiectele ini\u021biate de partenerii CIO-SUERD \u0219i CLDR. <\/span><\/span><\/p>\n<p class=\"western\" align=\"justify\"><span style=\"font-family: Cambria,serif;\"><span lang=\"ro-RO\">Lansarea public\u0103 pentru cei interesa\u021bi s\u0103 participe la acest program va avea loc \u00een data de <\/span><\/span><span style=\"font-family: Cambria,serif;\"><span lang=\"ro-RO\"><b>vineri, 20 ianuarie 201<\/b><\/span><\/span><span style=\"font-family: Cambria,serif;\"><span lang=\"en-US\"><b>7<\/b><\/span><\/span><span style=\"font-family: Cambria,serif;\"><span lang=\"ro-RO\">, la sediul CIO-SUERD &#8211; Centrul de Biodiversitate &#8211; Casa Academiei Rom\u00e2ne (Calea 13 Septembrie nr 13, et VII), \u00eentre orele 11.00-12.00, \u00een preambulul desf\u0103\u0219ur\u0103rii Adun\u0103rii Generale CLDR, la care <\/span><\/span><span style=\"font-family: Cambria,serif;\"><span lang=\"ro-RO\"><b>Invitat Special de Onoare<\/b><\/span><\/span><span style=\"font-family: Cambria,serif;\"><span lang=\"ro-RO\"> este \u00een acest an <\/span><\/span><span style=\"font-family: Cambria,serif;\"><span lang=\"ro-RO\"><b>Coordonatorul General CoDCR, Dl Peter LANGER<\/b><\/span><\/span><span style=\"font-family: Cambria,serif;\"><span lang=\"ro-RO\">. \u00cen acela\u0219i context, cele mai dinamice \u0219i orientate inovativ-antreprenorial institu\u021bii membre, persoane fizice, al\u021bi parteneri \u0219i suporteri SUERD \u00een Rom\u00e2nia vor fi r\u0103spl\u0103ti\u021bi prin atribuirea <\/span><\/span><span style=\"font-family: Cambria,serif;\"><span lang=\"ro-RO\"><b>Titlului \u0219i Diplomei de Excelen\u021b\u0103 \u201dCampioni Rom\u00e2ni \u00een Regiunea Dun\u0103rii\u201d<\/b><\/span><\/span><span style=\"font-family: Cambria,serif;\"><span lang=\"ro-RO\">. <\/span><\/span><\/p>\n<p class=\"western\" align=\"justify\"><span style=\"font-family: Cambria,serif;\"><span style=\"font-size: medium;\"><span lang=\"fr-FR\">\u00censcrierile se fac conform principiului <\/span><\/span><\/span><span style=\"font-family: Cambria,serif;\"><span style=\"font-size: medium;\"><span lang=\"ro-RO\"><i>&#8220;<\/i><\/span><\/span><\/span><span style=\"font-family: Cambria,serif;\"><span style=\"font-size: medium;\"><span lang=\"fr-FR\"><i>Primul venit-primul servit<\/i><\/span><\/span><\/span><span style=\"font-family: Cambria,serif;\"><span style=\"font-size: medium;\"><span lang=\"ro-RO\"><i>&#8220;<\/i><\/span><\/span><\/span> <span style=\"font-family: Cambria,serif;\"><span style=\"font-size: medium;\"><span lang=\"ro-RO\">p\u00e2n\u0103<\/span><\/span><\/span><span style=\"font-family: Cambria,serif;\"><span style=\"font-size: medium;\"><span lang=\"fr-FR\"> \u00een <\/span><\/span><\/span><span style=\"font-family: Cambria,serif;\"><span style=\"font-size: medium;\"><span lang=\"ro-RO\"><i>20 ianuarie 2017<\/i><\/span><\/span><\/span><span style=\"font-family: Cambria,serif;\"><span style=\"font-size: medium;\"><span lang=\"fr-FR\">. Detalii suplimentare pot fi consultate pe siteul <\/span><\/span><\/span><span style=\"color: #0000ff;\"><u><a href=\"http:\/\/www.houseofeurope.ro\/SUERD\/CIO-SUERD.html\"><span style=\"font-family: Cambria,serif;\"><span style=\"font-size: medium;\"><span lang=\"fr-FR\">www.houseofeurope.ro\/SUERD\/CIO-SUERD.html<\/span><\/span><\/span><\/a><\/u><\/span> <span style=\"font-family: Cambria,serif;\"><span style=\"font-size: medium;\"><span lang=\"fr-FR\">sau solicitate Secretariatului Tehnic prin e-mail: <\/span><\/span><\/span><span style=\"color: #0000ff;\"><u><a href=\"mailto:info@houseofeurope.ro\"><span style=\"font-family: Cambria,serif;\"><span style=\"font-size: medium;\"><span lang=\"fr-FR\">info@houseofeurope.ro<\/span><\/span><\/span><\/a><\/u><\/span><span style=\"font-family: Cambria,serif;\"><span style=\"font-size: medium;\"><span lang=\"fr-FR\"> ori telefonic la tel.\/fax: 021.230.49.97.<\/span><\/span><\/span><\/p>\n<p class=\"western\" align=\"justify\"><span style=\"font-family: Cambria,serif;\"><span style=\"font-size: medium;\"><span lang=\"fr-FR\"><b>Parteneri Media <\/b><\/span><\/span><\/span><span style=\"font-family: Cambria,serif;\"><span style=\"font-size: medium;\"><span lang=\"ro-RO\"><b>Asocia\u021bi<\/b><\/span><\/span><\/span><span style=\"font-family: Cambria,serif;\"><span style=\"font-size: medium;\"><span lang=\"fr-FR\">: Agen<\/span><\/span><\/span><span style=\"font-family: Cambria,serif;\"><span style=\"font-size: medium;\"><span lang=\"ro-RO\">\u021b<\/span><\/span><\/span><span style=\"font-family: Cambria,serif;\"><span style=\"font-size: medium;\"><span lang=\"fr-FR\">ia Na<\/span><\/span><\/span><span style=\"font-family: Cambria,serif;\"><span style=\"font-size: medium;\"><span lang=\"ro-RO\">\u021b<\/span><\/span><\/span><span style=\"font-family: Cambria,serif;\"><span style=\"font-size: medium;\"><span lang=\"fr-FR\">ional<\/span><\/span><\/span><span style=\"font-family: Cambria,serif;\"><span style=\"font-size: medium;\"><span lang=\"ro-RO\">\u0103<\/span><\/span><\/span><span style=\"font-family: Cambria,serif;\"><span style=\"font-size: medium;\"><span lang=\"fr-FR\"> de Pres<\/span><\/span><\/span><span style=\"font-family: Cambria,serif;\"><span style=\"font-size: medium;\"><span lang=\"ro-RO\">\u0103<\/span><\/span><\/span><span style=\"font-family: Cambria,serif;\"><span style=\"font-size: medium;\"><span lang=\"fr-FR\"> AGERPRES<\/span><\/span><\/span><span style=\"font-family: Cambria,serif;\"><span style=\"font-size: medium;\"><span lang=\"ro-RO\">, <\/span><\/span><\/span><span style=\"font-family: Cambria,serif;\"><span style=\"font-size: medium;\"><span lang=\"fr-FR\">TVH <\/span><\/span><\/span><span style=\"font-family: Cambria,serif;\"><span style=\"font-size: medium;\"><span lang=\"ro-RO\">\u0219<\/span><\/span><\/span><span style=\"font-family: Cambria,serif;\"><span style=\"font-size: medium;\"><span lang=\"fr-FR\">i<\/span><\/span><\/span><span style=\"font-family: Cambria,serif;\"><span style=\"font-size: medium;\"><span lang=\"ro-RO\"> Opinia Na\u021bional\u0103<\/span><\/span><\/span><span style=\"font-family: Cambria,serif;\"><span style=\"font-size: medium;\"><span lang=\"fr-FR\">. <\/span><\/span><\/span><span style=\"font-family: Cambria,serif;\"><span style=\"font-size: medium;\"><span lang=\"fr-FR\"><b>Parteneri Media<\/b><\/span><\/span><\/span><span style=\"font-family: Cambria,serif;\"><span style=\"font-size: medium;\"><span lang=\"fr-FR\">: <\/span><\/span><\/span><span style=\"font-family: Cambria,serif;\"><span style=\"font-size: medium;\"><span lang=\"ro-RO\">Finantare.ro, CalendarEvenimente.ro, <\/span><\/span><\/span><span style=\"font-family: Cambria,serif;\"><span style=\"font-size: medium;\"><span lang=\"fr-FR\">CaleaEuropeana.ro, <\/span><\/span><\/span><span style=\"font-family: Cambria,serif;\"><span style=\"font-size: medium;\"><span lang=\"ro-RO\">Comunica\u021bii Mobile, SmartFinancial.ro, ClubAfaceri.ro, BrandInfo.ro, PRwave.ro, ComunicateMedia.ro, Tribuna Economica, 24pharte.ro, Early Warning Support &#8211; &#8220;EU-RO Clearing Funds&#8221;.<\/span><\/span><\/span><\/p>\n","protected":false},"excerpt":{"rendered":"<p>Lansarea cursului post-universitar online pentru manageri, consultan\u021bi \u0219i ofi\u021beri SUERD \u00centruc\u00e2t primele zece condi\u021bionalit\u0103\u021bi impuse de Comisia European\u0103 Rom\u00e2niei pentru lansarea noilor Apeluri de Proiecte au fost \u00eendeplinite p\u00e2n\u0103 la finele anului trecut, Ministerul Fondurilor Europene a apreciat recent c\u0103 semnalele primite sunt foarte bune \u0219i c\u0103 astfel, \u00een cur\u00e2nd, vor putea fi lansate noi<a class=\"sup-readmore\" href=\"http:\/\/www.houseofeurope.ro\/blog\/intarirea-expertizei-dunarene-pentru-accesarea-oportunitatilor-de-finantare-ue\/\">Read More<\/a><\/p>\n","protected":false},"author":1,"featured_media":836,"comment_status":"open","ping_status":"open","sticky":false,"template":"","format":"standard","meta":{"footnotes":""},"categories":[1,8],"tags":[143,104,95],"_links":{"self":[{"href":"http:\/\/www.houseofeurope.ro\/blog\/wp-json\/wp\/v2\/posts\/835"}],"collection":[{"href":"http:\/\/www.houseofeurope.ro\/blog\/wp-json\/wp\/v2\/posts"}],"about":[{"href":"http:\/\/www.houseofeurope.ro\/blog\/wp-json\/wp\/v2\/types\/post"}],"author":[{"embeddable":true,"href":"http:\/\/www.houseofeurope.ro\/blog\/wp-json\/wp\/v2\/users\/1"}],"replies":[{"embeddable":true,"href":"http:\/\/www.houseofeurope.ro\/blog\/wp-json\/wp\/v2\/comments?post=835"}],"version-history":[{"count":1,"href":"http:\/\/www.houseofeurope.ro\/blog\/wp-json\/wp\/v2\/posts\/835\/revisions"}],"predecessor-version":[{"id":837,"href":"http:\/\/www.houseofeurope.ro\/blog\/wp-json\/wp\/v2\/posts\/835\/revisions\/837"}],"wp:featuredmedia":[{"embeddable":true,"href":"http:\/\/www.houseofeurope.ro\/blog\/wp-json\/wp\/v2\/media\/836"}],"wp:attachment":[{"href":"http:\/\/www.houseofeurope.ro\/blog\/wp-json\/wp\/v2\/media?parent=835"}],"wp:term":[{"taxonomy":"category","embeddable":true,"href":"http:\/\/www.houseofeurope.ro\/blog\/wp-json\/wp\/v2\/categories?post=835"},{"taxonomy":"post_tag","embeddable":true,"href":"http:\/\/www.houseofeurope.ro\/blog\/wp-json\/wp\/v2\/tags?post=835"}],"curies":[{"name":"wp","href":"https:\/\/api.w.org\/{rel}","templated":true}]}}