{"id":839,"date":"2017-02-08T14:30:21","date_gmt":"2017-02-08T12:30:21","guid":{"rendered":"http:\/\/www.houseofeurope.ro\/blog\/?p=839"},"modified":"2017-02-08T14:30:21","modified_gmt":"2017-02-08T12:30:21","slug":"stimularea-formarii-retelelor-de-cooperare-dunareana-si-consortiilor-de-parteneri-pentru-proiecte-sub-egida-suerd","status":"publish","type":"post","link":"http:\/\/www.houseofeurope.ro\/blog\/stimularea-formarii-retelelor-de-cooperare-dunareana-si-consortiilor-de-parteneri-pentru-proiecte-sub-egida-suerd\/","title":{"rendered":"Stimularea form\u0103rii re\u021belelor de cooperare dun\u0103rean\u0103 \u0219i a consor\u021biilor de parteneri pentru proiecte sub egida SUERD"},"content":{"rendered":"<p>\u00cen urma desf\u0103\u0219ur\u0103rii recentei Adun\u0103ri Generale CLDR, onorat\u0103 de Coordonatorul General al Consiliului Ora\u0219elor \u0219i Regiunilor Dun\u0103rii (CoDCR) \u2013 Dl Peter LANGER, a reie\u0219it clar c\u0103 numeroase oportunit\u0103\u021bi de finan\u021bare, direct de la Bruxelles sau pe plan na\u021bional, vor ap\u0103rea \u00eenc\u0103 din primele luni ale anului 2017. O reuniune extins\u0103 a Comitetului Executiv CoDCR va avea loc la Ulm la finele lunii aprilie 2017, prin care ne str\u0103duim s\u0103 aducem la aceea\u0219i mas\u0103 pe to\u021bi cei interesa\u021bi de noi proiecte de investi\u021bii, parteneriate public-private \u0219i cooper\u0103ri \u00een Macro-Regiunea Dun\u0103rii, unde exist\u0103 \u00eenc\u0103 un poten\u021bial impresionant, inclusiv prin <strong>\u201dIni\u021biativa 16+1\u201d<\/strong> (CEEC \u2013 Cooperation between China and Central and Eastern European Countries), unde \u0219i Rom\u00e2nia este parte.<\/p>\n<p>\u00cen preg\u0103tirea acestui eveniment, precum \u0219i pentru valorificarea oportunit\u0103\u021bilor evocate, Departamentul de Training al <strong>CLDR<\/strong> \u2013 Asocia\u021bia \u201dComunit\u0103\u021bile Locale Riverane Dun\u0103rii\u201d, membr\u0103 <strong>DAC<\/strong> \u2013 Danubius Academic Consortium -, \u00een parteneriat cu <strong>Task Force-ul Na\u021bional SUERD<\/strong> \u2013 instrument informal de consultare \u0219i lucru cu reprezentare guvernamental\u0103 \u0219i non-guvernamental\u0103-, precum \u0219i cu ACRAFE \u2013 Asocia\u021bia Consultan\u021bilor din Rom\u00e2nia pentru Accesarea Fondurilor Europene \u0219i <a href=\"http:\/\/www.houseofeurope.ro\/SUERD\/CIO-SUERD.html\" target=\"_blank\"><strong>CIO-SUERD<\/strong><\/a> \u2013 Catedra Interna\u021bional\u0103 Onorific\u0103 \u201dJean Bart\u201d \u00een sprijinul Strategiei UE pentru Regiunea Dun\u0103rii, proiect coordonat de Funda\u021bia EUROLINK-Casa Europei \u00een colaborare cu Centrul de Biodiversitate al Academiei Rom\u00e2ne \u2013 organizeaz\u0103, \u00een seria <strong>Incubatorul de Proiecte \u0219i Afaceri Europene<\/strong>, Sesiunea de Informare \u0219i Training cu tema <strong>\u201dStimularea form\u0103rii re\u021belelor de cooperare dun\u0103rean\u0103 \u0219i a consor\u021biilor de parteneri pentru proiecte sub egida SUERD\u201d<\/strong>.<\/p>\n<p>Sesiune va avea loc la <strong>Bucure\u0219ti \u2013 Casa Academiei Rom\u00e2ne<\/strong> (Calea 13 Septembrie nr 13), \u00een data de vineri, <strong>24 februarie 2017<\/strong>, orele 9.30-13.00 \u0219i se bazeaz\u0103 pe: prezent\u0103ri sintetice pentru actualizarea informa\u021biilor utile \u00een domeniu; runde de \u00eentreb\u0103ri \u0219i r\u0103spunsuri; studii de caz cu caracter demonstrativ; teme de reflec\u021bie \u0219i exerci\u021bii practice. La final, cursan\u021bii primesc <strong>Certificat de Participare<\/strong> eliberat sub egida Consor\u021biului Organizatoric.<\/p>\n<p>\u00cen acela\u0219i context, precum \u0219i \u021bin\u00e2nd cont de zilele festive legate de Dragobete, M\u0103r\u021bi\u0219or \u0219i Ziua Femeii, cele mai dinamice \u0219i de succes doamne, care au contribuit la evolu\u021bia mi\u0219c\u0103rii dun\u0103rene \u0219i au sprijinit proiectele de acest gen \u00een Rom\u00e2nia, vor fi r\u0103spl\u0103tite prin acordarea <strong>Diplomei de Excelen\u021b\u0103 \u201dDanube Career Woman\u201d<\/strong>.<\/p>\n<p>Principalele teme \u0219i subiecte abordate:<br \/>\n1. \u00cen\u021belegerea cadrului general \u0219i obiectivelor Strategiei Dun\u0103rii cu aplicabilitate pentru contextul proiectelor rom\u00e2ne\u0219ti \u0219i conectarea acestora la \u021bintele \u0219i ac\u021biunile SUERD<br \/>\n2. Participarea \u0219i oportunit\u0103\u021bile oferite de re\u021belele de cooperare la nivel UE \u0219i SUERD \u00een perspectiva noilor apeluri de finan\u021bare: Fondul pentru Proiecte Strategice Dun\u0103rene (DSF);\u00a0 Programul Transna\u021bional Dun\u0103rea; Danube Local Actors Platform (D-LAP) etc.<br \/>\n3. Dificult\u0103\u021bi \u0219i modalit\u0103\u021bi de optimizare a comunic\u0103rii prin rela\u021bii publice \u0219i lobby \u00een consor\u021biile multina\u021bionale de parteneri, inclusiv cele cu China \u0219i sub asuspiciile UNESCO<br \/>\n4. Preg\u0103tirea parteneriatelor din cadrul proiectelor rom\u00e2ne\u0219ti pentru Axa SUERD POR<br \/>\n5. Practica networking-ului \u0219i importan\u021ba lobby-ului institu\u021bional pentru sporirea \u00eencrederii \u00een cadrul consor\u021biilor de parteneri<br \/>\n6. Exemple de bune practici din cadrul proiectelor START, Danube, Horizon 2020 etc<br \/>\n7. Consolidarea Re\u021belei Na\u021bionale a Ofi\u021berilor Dun\u0103reni \u2013 mijloc de inter-conectare eficient\u0103 cu partenerii institu\u021bionali din celelalte state membre SUERD<\/p>\n<p><strong>Participan\u021bii<\/strong> a\u0219tepta\u021bi pot reprezenta urm\u0103toarele domenii: departamentele de proiecte din cadrul autorit\u0103\u021bilor publice jude\u021bene\/locale \u0219i asocia\u021biilor de dezvoltare intercomunitar\u0103; manageri publici, project manageri, consultan\u021bi\u00a0 \u00een proiecte cu finan\u021bare european\u0103, exper\u021bii din agen\u021biile de dezvoltare regional\u0103; cadre universitare \u0219i din domeniul cercet\u0103rii-dezvolt\u0103rii; lideri \u0219i reprezentan\u021bi ai sectorului ONG care dezvolt\u0103 parteneriate cu administra\u021bia public\u0103; responsabili\/func\u021bionari din cadrul camerelor de comer\u021b \u0219i asocia\u021biilor profesionale interesate etc.<\/p>\n<p><strong>Speakerii \u0219i invita\u021bii principali<\/strong> sunt: <strong>Acad. Alexandru T. BOGDAN<\/strong> \u2013 Centrul de Biodiversitate al Academiei Rom\u00e2ne; <strong>Reprezentantul<\/strong> Sec\u021biei Economice \u0219i Comerciale a Ambasadei Republicii Populare Chineze \u00een Rom\u00e2nia (t.b.c); <strong>Prof. dr. Petre PRISECARU<\/strong> \u2013 Institutul de Economie Mondial\u0103; <strong>Dr. Georgeta GHE\u021aE-D\u0102N\u0102U<\/strong> \u2013 Asocia\u021bia Profesional\u0103 a Form\u0103rii \u00een Administra\u021bia Public\u0103 Local\u0103 \u201dCINAQ\u201d; <strong>Dl Marian DOBRIL\u0102<\/strong> \u2013 Manager General \u2013 TDP Partners; <strong>Dl Nicolae MIRIC\u0102<\/strong> \u2013 Secretar General \u2013 UPLR \u0219i <strong>Dl Sever AVRAM<\/strong> \u2013 Pre\u0219edinte Executiv \u2013 CLDR.<\/p>\n<p>\u00censcrierile se fac conform principiului <em>\u201ePrimul venit-primul servit\u201d<\/em> p\u00e2n\u0103 \u00een\u00a0 <em>20 februarie 2017<\/em>, \u00een baza complet\u0103rii \u0219i transmiterii <a href=\"http:\/\/www.cldr.ro\/wp-content\/uploads\/2017\/02\/Formular_Incubator_24febr.doc\" target=\"_blank\"><strong>Formularului de \u00censcriere<\/strong><\/a>. Detalii suplimentare pot fi consultate pe siteul www.cldr.ro sau solicitate Secretariatului Tehnic prin e-mail: secretariat@cldr.ro ori telefonic la tel.\/fax: 021.230.49.97.<\/p>\n<p><strong>Parteneri Media Asocia\u021bi<\/strong>: Agen\u021bia Na\u021bional\u0103 de Pres\u0103 AGERPRES, TVH \u0219i Opinia Na\u021bional\u0103. <strong>Parteneri Media<\/strong>: Finantare.ro, CalendarEvenimente.ro, CaleaEuropeana.ro, Comunicatii Mobile, SmartFinancial.ro, ClubAfaceri.ro, BrandInfo.ro,\u00a0 PRwave.ro,\u00a0 ComunicateMedia.ro, Tribuna Economica, Early Warning Support \u2013 \u201eEU-RO Clearing Funds\u201d.<\/p>\n","protected":false},"excerpt":{"rendered":"<p>\u00cen urma desf\u0103\u0219ur\u0103rii recentei Adun\u0103ri Generale CLDR, onorat\u0103 de Coordonatorul General al Consiliului Ora\u0219elor \u0219i Regiunilor Dun\u0103rii (CoDCR) \u2013 Dl Peter LANGER, a reie\u0219it clar c\u0103 numeroase oportunit\u0103\u021bi de finan\u021bare, direct de la Bruxelles sau pe plan na\u021bional, vor ap\u0103rea \u00eenc\u0103 din primele luni ale anului 2017. O reuniune extins\u0103 a Comitetului Executiv CoDCR va<a class=\"sup-readmore\" href=\"http:\/\/www.houseofeurope.ro\/blog\/stimularea-formarii-retelelor-de-cooperare-dunareana-si-consortiilor-de-parteneri-pentru-proiecte-sub-egida-suerd\/\">Read More<\/a><\/p>\n","protected":false},"author":1,"featured_media":840,"comment_status":"open","ping_status":"open","sticky":false,"template":"","format":"standard","meta":{"footnotes":""},"categories":[1,8],"tags":[93,198,95],"_links":{"self":[{"href":"http:\/\/www.houseofeurope.ro\/blog\/wp-json\/wp\/v2\/posts\/839"}],"collection":[{"href":"http:\/\/www.houseofeurope.ro\/blog\/wp-json\/wp\/v2\/posts"}],"about":[{"href":"http:\/\/www.houseofeurope.ro\/blog\/wp-json\/wp\/v2\/types\/post"}],"author":[{"embeddable":true,"href":"http:\/\/www.houseofeurope.ro\/blog\/wp-json\/wp\/v2\/users\/1"}],"replies":[{"embeddable":true,"href":"http:\/\/www.houseofeurope.ro\/blog\/wp-json\/wp\/v2\/comments?post=839"}],"version-history":[{"count":1,"href":"http:\/\/www.houseofeurope.ro\/blog\/wp-json\/wp\/v2\/posts\/839\/revisions"}],"predecessor-version":[{"id":841,"href":"http:\/\/www.houseofeurope.ro\/blog\/wp-json\/wp\/v2\/posts\/839\/revisions\/841"}],"wp:featuredmedia":[{"embeddable":true,"href":"http:\/\/www.houseofeurope.ro\/blog\/wp-json\/wp\/v2\/media\/840"}],"wp:attachment":[{"href":"http:\/\/www.houseofeurope.ro\/blog\/wp-json\/wp\/v2\/media?parent=839"}],"wp:term":[{"taxonomy":"category","embeddable":true,"href":"http:\/\/www.houseofeurope.ro\/blog\/wp-json\/wp\/v2\/categories?post=839"},{"taxonomy":"post_tag","embeddable":true,"href":"http:\/\/www.houseofeurope.ro\/blog\/wp-json\/wp\/v2\/tags?post=839"}],"curies":[{"name":"wp","href":"https:\/\/api.w.org\/{rel}","templated":true}]}}