{"id":865,"date":"2017-02-27T13:20:30","date_gmt":"2017-02-27T11:20:30","guid":{"rendered":"http:\/\/www.houseofeurope.ro\/blog\/?p=865"},"modified":"2017-03-01T12:48:34","modified_gmt":"2017-03-01T10:48:34","slug":"necesitatea-armonizarii-politicilor-si-practicilor-privind-prevenirea-coruptiei","status":"publish","type":"post","link":"http:\/\/www.houseofeurope.ro\/blog\/necesitatea-armonizarii-politicilor-si-practicilor-privind-prevenirea-coruptiei\/","title":{"rendered":"Necesitatea armoniz\u0103rii politicilor \u0219i practicilor privind prevenirea corup\u021biei"},"content":{"rendered":"<blockquote><p><strong>Necesitatea armoniz\u0103rii politicilor \u0219i practicilor privind prevenirea corup\u021biei \u0219i respectarea drepturilor omului prin convergen\u021b\u0103 institu\u021bional\u0103<\/strong><\/p><\/blockquote>\n<p style=\"text-align: center;\"><em><span style=\"color: #800000;\"><strong>Conferin\u021b\u0103 European\u0103 de Bune Practici &amp; Sesiune de Training<\/strong><\/span><\/em><\/p>\n<p style=\"text-align: center;\"><strong><em>Bucure\u0219ti, 25-27 mai 2017<\/em><\/strong><\/p>\n<p>P\u00e2n\u0103 \u00een prezent, de\u0219i s-au organizat numeroase conferin\u021be \u0219i evenimente consacrate <strong>luptei \u00eempotriva corup\u021biei<\/strong>, nu s-a reu\u0219it crearea unui<strong> mecanism stabil \u0219i constant<\/strong> pentru un dialog structurat \u00eentre deciden\u021bii principali din institu\u021biile care au \u00een vedere at\u00e2t reducerea corup\u021biei, c\u00e2t \u0219i sporirea integrit\u0103\u021bii func\u021biei publice \u0219i respectarea pe deplin a drepturilor omului, inclusiv a celor care se afl\u0103 angaja\u021bi \u00een procese penale sau execut\u0103 pedepse legate de infrac\u021biuni de corup\u021bie &#8211; abuz \u00een serviciu.<\/p>\n<p>Recentele evolu\u021bii din societatea rom\u00e2neasc\u0103 impun o nou\u0103 abordare \u00een vederea realiz\u0103rii unei convergen\u021be institu\u021bionale reale la nivelul nu doar al institu\u021biilor responsabile din domeniul <strong>Justi\u021biei<\/strong>, al <strong>Educa\u021biei<\/strong> &#8211; mai ales pentru componenta prevenirii corup\u021biei, ci \u0219i din r\u00e2ndul deciden\u021bilor politici, ai administra\u021biei publice centrale, \u0219i al respect\u0103rii drepturilor omului \u0219i al promov\u0103rii unui acces echitabil la justi\u021bie al tuturor categoriilor de cet\u0103\u021beni.<\/p>\n<p>Sub auspiciile <strong>European Network for Education and Training &#8211; EUNET<\/strong> (Germania), organiza\u021bie co-finan\u021bat\u0103 de Uniunea European\u0103 prin programul \u201dEurope for Citizens\u201d, la <strong>Palatul Parlamentului<\/strong>, \u00een perioada <strong>25-27 mai 2017<\/strong>, cu amabilul sprijin \u0219i participarea reprezentan\u021bilor Comitetului pentru libert\u0103\u021bi civile, justi\u021bie \u0219i afaceri interne al Parlamentului European;\u00a0Secretariatul Ini\u021biativei Regionale Anticorup\u021bie (RAI), Comisiei pentru cercetarea abuzurilor, combaterea corup\u0163iei \u015fi peti\u0163ii al Senatului Rom\u00e2niei; Institutului Na\u021bional al Magistraturii, Agen\u021biei Na\u021bional\u0103 de Integritate, Transparency International, Center for Europe London; Casa da Europa da Madeira (Portugalia); Centrului pentru Cercet\u0103ri Avansate \u00een Management \u0219i Etic\u0103 Aplicat\u0103 etc., va fi organizat\u0103<strong> Conferin\u021ba European\u0103<\/strong> de Transfer al Bunelor Practici <em><strong>\u201dImproving Anti-Corruption Policies and Practices through an active civil society participation\u201d<\/strong><\/em>, \u00eendeosebi \u00een rela\u021biile dintre institu\u021biile administra\u021biei publice \u0219i reprezentan\u021bii mediului de afaceri \u0219i investi\u021bional, camerelor de comer\u021b bilaterale, asocia\u021biilor profesionale relevante \u0219i ai \u00eentregii societ\u0103\u021bi civile.<\/p>\n<p>Evenimentul \u00ee\u0219i propune nu doar s\u0103 realizeze un necesar schimb de vederi \u00eentre deciden\u021bii \u0219i practicienii din domeniul justi\u021biei, ci s\u0103 contribuie \u00een mod decisiv la adoptarea unor <strong>propuneri \u0219i recomand\u0103ri<\/strong>\u00a0transmise c\u0103tre Comisia European\u0103 \u0219i Parlamentul European, precum \u0219i c\u0103tre CSM, Parlamentul \u0219i Guvernul Rom\u00e2niei pentru \u00eembun\u0103t\u0103\u021birea cot\u0103rii Rom\u00e2niei de c\u0103tre\u00a0<strong>GRECO<\/strong> &#8211; Grupul de State Contra Corup\u021biei al Consiliului Europei, <strong>Curtea European\u0103 a Drepturilor Omului<\/strong> \u0219i <strong>Comisia European\u0103<\/strong>, prin <strong>MCV<\/strong>, precum \u0219i pentru reducerea barierelor care stau \u00eenc\u0103 \u00een calea ader\u0103rii Rom\u00e2niei la <strong>OECD<\/strong>, organiza\u021bie interna\u021bional\u0103 a statelor dezvoltate, la care Statul Rom\u00e2n aspir\u0103 s\u0103 adere \u0219i care de\u021bine propriile standarde \u0219i recomand\u0103ri privind \u00eembun\u0103t\u0103\u021birea practicilor legate de prevenirea \u0219i combaterea corup\u021biei, mai ales \u00een domeniul economic \u0219i comercial.<\/p>\n<p>Conferin\u021ba va fi urmat\u0103 de o <strong>Sesiune Practic\u0103 de Training<\/strong> menit\u0103 s\u0103 \u00eei aduc\u0103 \u00eempreun\u0103, \u00een echipe de lucru, pe practicienii dreptului, func\u021bionarii publici \u0219i reprezentan\u021bii patronatelor \u0219i asocia\u021biilor profesionale \u00een scopul gener\u0103rii unui plan de ac\u021biune viitor la nivel na\u021bional care s\u0103 conduc\u0103 la organizarea \u0219i finan\u021barea coerent\u0103 a procesului de prevenire a corup\u021biei \u00een Rom\u00e2nia, inclusiv prin realizarea unei Platforme comune de tipul <strong>Ombudsmanul Anticorup\u021biei<\/strong>.<\/p>\n<p><strong>Parteneri Media Asocia\u021bi:<\/strong> Agen\u021bia Na\u021bional\u0103 de Pres\u0103 AGERPRES, TVH, Opinia Na\u021bional\u0103. <strong>Parteneri Media:<\/strong> Finantare.ro, CaleaEuropeana.ro, Comunica\u021bii Mobile, CalendarEvenimente.ro, ComunicateMedia.ro, Tribuna Economic\u0103, 24PHarte.ro, CIFN.info, SmartFinancial.ro, PRwave.ro, BrandInfo.ro, &#8220;Buletin Dun\u0103rean&#8221;.<\/p>\n","protected":false},"excerpt":{"rendered":"<p>Necesitatea armoniz\u0103rii politicilor \u0219i practicilor privind prevenirea corup\u021biei \u0219i respectarea drepturilor omului prin convergen\u021b\u0103 institu\u021bional\u0103 Conferin\u021b\u0103 European\u0103 de Bune Practici &amp; Sesiune de Training Bucure\u0219ti, 25-27 mai 2017 P\u00e2n\u0103 \u00een prezent, de\u0219i s-au organizat numeroase conferin\u021be \u0219i evenimente consacrate luptei \u00eempotriva corup\u021biei, nu s-a reu\u0219it crearea unui mecanism stabil \u0219i constant pentru un dialog structurat<a class=\"sup-readmore\" href=\"http:\/\/www.houseofeurope.ro\/blog\/necesitatea-armonizarii-politicilor-si-practicilor-privind-prevenirea-coruptiei\/\">Read More<\/a><\/p>\n","protected":false},"author":1,"featured_media":882,"comment_status":"open","ping_status":"open","sticky":false,"template":"","format":"standard","meta":{"footnotes":""},"categories":[1,8,24,50,26],"tags":[206,207],"_links":{"self":[{"href":"http:\/\/www.houseofeurope.ro\/blog\/wp-json\/wp\/v2\/posts\/865"}],"collection":[{"href":"http:\/\/www.houseofeurope.ro\/blog\/wp-json\/wp\/v2\/posts"}],"about":[{"href":"http:\/\/www.houseofeurope.ro\/blog\/wp-json\/wp\/v2\/types\/post"}],"author":[{"embeddable":true,"href":"http:\/\/www.houseofeurope.ro\/blog\/wp-json\/wp\/v2\/users\/1"}],"replies":[{"embeddable":true,"href":"http:\/\/www.houseofeurope.ro\/blog\/wp-json\/wp\/v2\/comments?post=865"}],"version-history":[{"count":5,"href":"http:\/\/www.houseofeurope.ro\/blog\/wp-json\/wp\/v2\/posts\/865\/revisions"}],"predecessor-version":[{"id":881,"href":"http:\/\/www.houseofeurope.ro\/blog\/wp-json\/wp\/v2\/posts\/865\/revisions\/881"}],"wp:featuredmedia":[{"embeddable":true,"href":"http:\/\/www.houseofeurope.ro\/blog\/wp-json\/wp\/v2\/media\/882"}],"wp:attachment":[{"href":"http:\/\/www.houseofeurope.ro\/blog\/wp-json\/wp\/v2\/media?parent=865"}],"wp:term":[{"taxonomy":"category","embeddable":true,"href":"http:\/\/www.houseofeurope.ro\/blog\/wp-json\/wp\/v2\/categories?post=865"},{"taxonomy":"post_tag","embeddable":true,"href":"http:\/\/www.houseofeurope.ro\/blog\/wp-json\/wp\/v2\/tags?post=865"}],"curies":[{"name":"wp","href":"https:\/\/api.w.org\/{rel}","templated":true}]}}