{"id":888,"date":"2017-03-13T12:05:57","date_gmt":"2017-03-13T10:05:57","guid":{"rendered":"http:\/\/www.houseofeurope.ro\/blog\/?p=888"},"modified":"2017-03-19T13:15:36","modified_gmt":"2017-03-19T11:15:36","slug":"foaia-de-parcurs-privind-rolul-romaniei-noua-uniune-europeana","status":"publish","type":"post","link":"http:\/\/www.houseofeurope.ro\/blog\/foaia-de-parcurs-privind-rolul-romaniei-noua-uniune-europeana\/","title":{"rendered":"Foaia de parcurs privind rolul Rom\u00e2niei \u00een noua Uniune European\u0103"},"content":{"rendered":"<blockquote><p>MAS\u0102 ROTUND\u0102 &#8211; Bucure\u0219ti, 23 martie 2017<\/p><\/blockquote>\n<p>Lansarea <strong>C\u0103r\u021bii Albe asupra Viitorului UE<\/strong> suscit\u0103 deja, a\u0219a cum era de a\u0219teptat, o suit\u0103 de dileme, puncte de vedere \u0219i controverse la cel mai \u00eenalt nivel privind a\u0219a numitele <em>\u201eviteze\u201d<\/em> pe care ar fi sau nu cazul s\u0103 le asume statele \u0219i economiile europene \u00een viitorul cel mai apropiat.<\/p>\n<p>La nivel oficial, Rom\u00e2nia a declarat prin Pre\u0219edintele s\u0103u c\u0103 nu ar fi dispus\u0103 s\u0103 accepte conceptul franco-german, agreeat recent la reuniunea restr\u00e2ns\u0103 a \u0219efilor de guvern \u0219i de stat de la Versailles. \u00cen realitate, este deja vorba de mai multe viteze c\u00e2t\u0103 vreme Rom\u00e2nia a am\u00e2nat cererea de aderare la<strong> spa\u021biul Euro<\/strong>, nu reu\u0219e\u0219te s\u0103 adere la <strong>OECD<\/strong> de 17 ani \u00eencoace \u0219i nici nu este acceptat\u0103 \u00een grupul \u021b\u0103rilor central-europene de la Visegrad, care se apropie ca orientare de mai degrab\u0103 de o zon\u0103 semi-\u00eenchis\u0103 reformelor propuse de a\u0219a-numitul<em> \u201enucleu dur\u201d<\/em> al UE.vA\u0219adar, pentru ca Rom\u00e2nia s\u0103 nu r\u0103m\u00e2n\u0103 din nou complet izolat\u0103 \u00een cadrul Europei, cum s-a mai \u00eent\u00e2mplat din p\u0103cate \u00een cursul istoriei, ar fi necesare m\u0103suri \u0219i op\u021biuni simple, dar conving\u0103toare at\u00e2t la nivelul deciziilor economice privind <strong>\u201erena\u0219terea industrial\u0103\u201d<\/strong>, c\u00e2t \u0219i la nivelul moderniz\u0103rii administrative, politice \u0219i a mentalit\u0103\u021bilor care s\u0103 ne califice pentru a putea merge al\u0103turi de statele \u0219i economiile cu adev\u0103rat avansate \u0219i performante. Pe de alt\u0103 parte, Pre\u0219edintele Comisiei Europene Juncker se arat\u0103 adeptul unei integr\u0103ri aprofundate, animat\u0103 de principiile caracteristice federalismului \u0219i continu\u0103rii drumului prefigurat ini\u021bial odat\u0103 cu Tratatul de la Maastricht.<\/p>\n<p>Tocmai de aceea, lans\u0103m, cu amabilul sprijin \u0219i \u00een prezen\u021ba <strong>Consulului Onorific al Republicii Malta<\/strong> &#8211; stat care asigur\u0103, \u00een prezent, Pre\u0219edin\u021bia Uniunii Europene &#8211; <strong>E.S. Dl Eugen LASCU<\/strong>, o prim\u0103 dezbatere care s\u0103 fixeze c\u00e2t mai cur\u00e2nd propunerile \u0219i recomand\u0103rile exper\u021bilor independen\u021bi \u0219i ai societ\u0103\u021bii civile privind punctele principale pe care cel pu\u021bin de acum \u00eenainte politica extern\u0103 \u0219i de securitate a Rom\u00e2niei ar merita nu doar s\u0103 le declare \u00een mod protocolar, ci s\u0103 fie capacitat\u0103 \u0219i mobilizat\u0103 s\u0103 le \u00eembr\u0103\u021bi\u0219eze \u0219i s\u0103 le demonstreze \u00een mod practic, \u00een lu\u0103rile de decizii cruciale, dar \u0219i prin m\u0103surile imediate pe care le ia.<\/p>\n<p>Altfel spus, <strong>Masa Rotund\u0103<\/strong> pe care Casa Europei \u201dEUROLINK\u201d &#8211; membr\u0103 European Network for Education and Training (EUNET) \u0219i partenerii s\u0103i \u00ee\u0219i propune s\u0103 o organizeze \u00een ziua de <strong>joi, 23 martie 2017<\/strong>, orele 14:30, la <strong>Palatul \u00cenv\u0103\u021b\u0103m\u00e2ntului \u0219i Culturii<\/strong> (intrarea din Strada Doamnei col\u021b cu Strada Ion Ghica, l\u00e2ng\u0103 sediul central BNR), \u00een ajunul anivers\u0103rii a <strong>60 de ani de la semnarea Tratatului de la Roma<\/strong>, \u00eei va reuni pe to\u021bi exper\u021bii \u0219i partenerii motiva\u021bi s\u0103 ia parte la acest exerci\u021biu de democra\u021bie participativ\u0103 \u00een scopul \u00eembun\u0103t\u0103\u021birii pozi\u021bion\u0103rii Rom\u00e2niei \u0219i aprofund\u0103rii pe baze realiste a procesului de unificare european\u0103.<\/p>\n<p>La final, va fi adoptat prin consens un <strong>Apel<\/strong> ca document preambul c\u0103tre principalele institu\u021bii responsabile de rela\u021bia cu Consiliul Uniunii Europene care s\u0103 conduc\u0103 la cre\u0219terea transparen\u021bei \u0219i dinamizarea procesului de interconsultare \u00eentre principalii deciden\u021bi \u0219i mediul academic &#8211; societatea civil\u0103 din Rom\u00e2nia.<\/p>\n<p>La baza dezbaterilor \u0219i Apelului va sta <strong><a href=\"http:\/\/www.houseofeurope.ro\/blog\/wp-content\/uploads\/2017\/03\/PREAMBUL_Masa-Rotunda.pdf\">setul de propuneri \u0219i sugestii<\/a>\u00a0<\/strong>formulate \u00een cadrul <strong><a href=\"http:\/\/www.houseofeurope.ro\/blog\/refondarea-uniunii-europene-depinde-de-fiecare-stat-si-de-fiecare-cetatean\/\">articolului<\/a><\/strong> elaborat de Sever AVRAM, Pre\u0219edinte Executiv EUROLINK-Casa Europei \u0219i Moderator al Mesei Rotunde.<\/p>\n<p>Evenimentul se desf\u0103\u0219oar\u0103 cu amabilul sprijin al <a href=\"http:\/\/www.spiruharet.ro\/\" target=\"_blank\"><strong>Senatului Universit\u0103\u021bii Spiru Haret<\/strong><\/a>, <a href=\"http:\/\/fumn.eu\/\" target=\"_blank\"><strong>Funda\u021biei Universitare a M\u0103rii Negre<\/strong><\/a> (FUMN) de sub egida Academiei Rom\u00e2ne\u00a0 \u0219i al <a href=\"http:\/\/www.cldr.ro\" target=\"_blank\"><strong>Asocia\u021biei \u201dComunit\u0103\u021bile Locale Riverane Dun\u0103rii\u201d<\/strong><\/a> (CLDR). Participarea la eveniment se face numai pe baz\u0103 de Invita\u021bie scris\u0103 personal\u0103 din partea organizatorilor, dar Masa Rotund\u0103 va fi deschis\u0103 coresponden\u021bilor de pres\u0103, acredita\u021bi \u00een prealabil.<\/p>\n<p>Printre Invita\u021bii Speciali, din lista previzional\u0103, men\u021bion\u0103m:<\/p>\n<ul>\n<li><strong>Marius BOSTAN\u00a0 <\/strong>&#8211; fost Ministru al\u00a0Comunica\u021biilor<\/li>\n<li>CaleaEuropeana.ro &#8211; jurnalist <strong>Dan C\u0102RBUNARU<\/strong><\/li>\n<li>Institutul Na\u021bional al Magistraturii &#8211; Procuror <strong>Nelu CIOBANU<\/strong><\/li>\n<li>Institutul European din Rom\u00e2nia &#8211; Director General<strong> Prof. dr. Gabriela DR\u0102GAN<\/strong><\/li>\n<li><strong>Cristian GHINEA<\/strong> &#8211; fost Ministru al Fondurilor Europene<\/li>\n<li>Mastermind Communications &#8211; <strong>Mihai M\u0102TIE\u0218<\/strong><\/li>\n<li>Asocia\u021bia PartNET &#8211; <strong>Prof. dr. Iolanda MIHALACHE<\/strong><\/li>\n<li>Facultatea de Jurnalism \u0219i Comunicare &#8211; Universitatea Bucure\u0219ti &#8211; <strong>Conf.\u00a0Dr.<\/strong>\u00a0<strong>Antonio MOMOC<\/strong><\/li>\n<li>Asocia\u021bia \u201d\u021aine de Noi\u201d &#8211; <strong>R\u0103zvan OR\u0102\u0218ANU<\/strong><\/li>\n<li>Funda\u021bia Universitar\u0103 a M\u0103rii Negre <strong>&#8211; Dr. Petri\u0219or Gabriel PEIU<\/strong><\/li>\n<li>Mi\u0219carea \u201dStand Up for Europe Bucharest\u201d &#8211; <strong>Iulian PICHIU<\/strong><\/li>\n<li>Institutul de Economie Mondial\u0103 al Academiei Rom\u00e2ne &#8211; <strong>Prof. dr. Petre PRISECARU<\/strong><\/li>\n<li>Ministru Consilier <strong>Florin \u0218AGHI<\/strong> &#8211; fost Negociator COREPER &#8211; Reprezentan\u0163a Permanent\u0103 a Rom\u00e2niei pe l\u00e2ng\u0103 UE<\/li>\n<\/ul>\n<p><strong>Amfitrion:<\/strong> Conf. dr. Ramona Olivia \u0218TEF\u0102NESCU MIH\u0102IL\u0102 &#8211; Prorector USH<br \/>\n<strong>Moderator:<\/strong> Sever AVRAM &#8211; Pre\u0219edinte Executiv, EUROLINK-Casa Europei<\/p>\n<p><strong>Parteneri Media Asocia\u021bi:<\/strong> Agen\u021bia Na\u021bional\u0103 de Pres\u0103 AGERPRES, TVH, Opinia Na\u021bional\u0103. <strong>Parteneri Media:<\/strong> Finantare.ro, CaleaEuropeana.ro, Comunica\u021bii Mobile, CalendarEvenimente.ro, ComunicateMedia.ro, Tribuna Economic\u0103, 24PHarte.ro, CIFN.info, SmartFinancial.ro, PRwave.ro, BrandInfo.ro, &#8220;Buletin Dun\u0103rean&#8221;.<\/p>\n","protected":false},"excerpt":{"rendered":"<p>MAS\u0102 ROTUND\u0102 &#8211; Bucure\u0219ti, 23 martie 2017 Lansarea C\u0103r\u021bii Albe asupra Viitorului UE suscit\u0103 deja, a\u0219a cum era de a\u0219teptat, o suit\u0103 de dileme, puncte de vedere \u0219i controverse la cel mai \u00eenalt nivel privind a\u0219a numitele \u201eviteze\u201d pe care ar fi sau nu cazul s\u0103 le asume statele \u0219i economiile europene \u00een viitorul cel<a class=\"sup-readmore\" href=\"http:\/\/www.houseofeurope.ro\/blog\/foaia-de-parcurs-privind-rolul-romaniei-noua-uniune-europeana\/\">Read More<\/a><\/p>\n","protected":false},"author":1,"featured_media":889,"comment_status":"open","ping_status":"open","sticky":false,"template":"","format":"standard","meta":{"footnotes":""},"categories":[6,8,50],"tags":[178,208,209],"_links":{"self":[{"href":"http:\/\/www.houseofeurope.ro\/blog\/wp-json\/wp\/v2\/posts\/888"}],"collection":[{"href":"http:\/\/www.houseofeurope.ro\/blog\/wp-json\/wp\/v2\/posts"}],"about":[{"href":"http:\/\/www.houseofeurope.ro\/blog\/wp-json\/wp\/v2\/types\/post"}],"author":[{"embeddable":true,"href":"http:\/\/www.houseofeurope.ro\/blog\/wp-json\/wp\/v2\/users\/1"}],"replies":[{"embeddable":true,"href":"http:\/\/www.houseofeurope.ro\/blog\/wp-json\/wp\/v2\/comments?post=888"}],"version-history":[{"count":13,"href":"http:\/\/www.houseofeurope.ro\/blog\/wp-json\/wp\/v2\/posts\/888\/revisions"}],"predecessor-version":[{"id":911,"href":"http:\/\/www.houseofeurope.ro\/blog\/wp-json\/wp\/v2\/posts\/888\/revisions\/911"}],"wp:featuredmedia":[{"embeddable":true,"href":"http:\/\/www.houseofeurope.ro\/blog\/wp-json\/wp\/v2\/media\/889"}],"wp:attachment":[{"href":"http:\/\/www.houseofeurope.ro\/blog\/wp-json\/wp\/v2\/media?parent=888"}],"wp:term":[{"taxonomy":"category","embeddable":true,"href":"http:\/\/www.houseofeurope.ro\/blog\/wp-json\/wp\/v2\/categories?post=888"},{"taxonomy":"post_tag","embeddable":true,"href":"http:\/\/www.houseofeurope.ro\/blog\/wp-json\/wp\/v2\/tags?post=888"}],"curies":[{"name":"wp","href":"https:\/\/api.w.org\/{rel}","templated":true}]}}