{"id":941,"date":"2017-08-30T10:47:21","date_gmt":"2017-08-30T08:47:21","guid":{"rendered":"http:\/\/www.houseofeurope.ro\/blog\/?p=941"},"modified":"2017-10-09T21:06:54","modified_gmt":"2017-10-09T19:06:54","slug":"formarea-expertilor-gestionarea-si-valorificarea-programului-interreg-contextul-oportunitatilor-de-finantare-suerd","status":"publish","type":"post","link":"http:\/\/www.houseofeurope.ro\/blog\/formarea-expertilor-gestionarea-si-valorificarea-programului-interreg-contextul-oportunitatilor-de-finantare-suerd\/","title":{"rendered":"Formarea exper\u021bilor \u00een gestionarea \u0219i valorificarea Programului INTERREG \u00een contextul oportunit\u0103\u021bilor de finan\u021bare SUERD"},"content":{"rendered":"<p>Noul cadru al<strong> Programului INTERREG Europe<\/strong> ofer\u0103 cooper\u0103rii macro- \u0219i inter-regionale o gam\u0103 extrem de larg\u0103 de oportunit\u0103\u021bi de colaborare \u0219i finan\u021bare, \u00eenc\u0103 slab valorificate de c\u0103tre autorit\u0103\u021bile publice, mediul de afaceri \u0219i agen\u021biile, centrele de cercetare \u0219i ONG-urile tematice din Rom\u00e2nia. \u00cen plus, prin <strong>Programul Opera\u021bional Regional<\/strong>, este deschis\u0103 acum Axa de finan\u021bare dedicat\u0103 \u00een mod expres <strong>Strategiei UE pentru Regiunea Dun\u0103rii<\/strong> (SUERD), aferent\u0103 jude\u021belor de pe malul Dun\u0103rii, cu o estimare total\u0103 de 500 milioane euro.<\/p>\n<p>Pe de alt\u0103 parte, datorit\u0103 complexit\u0103\u021bii \u0219i num\u0103rului mai mare de parteneri necesari, \u00een vederea recuper\u0103rii decalajelor acumulate, se resimte o <strong>nevoie sporit\u0103 de speciali\u0219ti<\/strong> \u00een formarea parteneriatelor, elaborarea proiectelor, intensificarea cooper\u0103rii transfrontaliere, dar \u0219i \u00eentre macro-regiunile pilot, chemate s\u0103-\u0219i transfere bunele practici \u0219i s\u0103 coopereze mult mai intens \u00een cadrul unor noi programe.<\/p>\n<p>\u00cen acest scop, \u00eencep\u00e2nd din acest an universitar, prin <a href=\"http:\/\/www.houseofeurope.ro\/SUERD\/CIO-SUERD.html\" target=\"_blank\" rel=\"noopener\"><strong>Programul Na\u021bional Comun de Formare<\/strong><\/a> ini\u021biat de <strong>Catedra Interna\u021bional\u0103 Onorific\u0103 \u201eJean Bart\u201d \u00een sprijinul Strategiei UE pentru Regiunea Dun\u0103rii<\/strong> (CIO-SUERD) \u0219i \u00een parteneriat cu Departamentul de Training al <strong>Asocia\u021biei \u201eComunit\u0103\u021bile Locale Riverane Dun\u0103rii\u201d<\/strong> (CLDR), organizatorii ofer\u0103 noul curs online de tip post-universitar privind <strong>Managementul Proiectelor INTERREG \u0219i interna\u021bionale, cu focalizare pe proiecte sub egida Strategiei UE pentru Regiunea Dun\u0103rii<\/strong> (SUERD), care se va desf\u0103\u0219ura \u00een perioada lunilor <strong>septembrie &#8211; decembrie 2017<\/strong>, \u00een co-tutel\u0103 \u0219i sub \u00eenaltul gir al Academiei Rom\u00e2ne prin<strong> Centrul de Studii \u0219i Cercet\u0103ri de Biodiversitate Agrosilvic\u0103 \u201eAcad. David DAVIDESCU\u201d<\/strong> din cadrul INCE.<\/p>\n<p>Printre beneficiile speciale pentru absolven\u021bi men\u021bionam:<\/p>\n<ul>\n<li>primesc Certificat de Absolvire \u00eenso\u021bit de o Anex\u0103 de Studii;<\/li>\n<li>sunt coopta\u021bi \u00een Re\u021beaua Na\u021bional\u0103 a Ofi\u021berilor Dun\u0103reni, creat\u0103 la ini\u021biativa Consiliului Ora\u0219elor \u0219i Regiunilor Dun\u0103rii (Viena), care editeaz\u0103 online \u201dBuletinul Dun\u0103rean\u201d ce furnizeaz\u0103 informa\u021bii \u0219i consiliere privind participarea la proiecte \u0219i initiative dun\u0103rene;<\/li>\n<li>pot primi Scrisori de Recomandare \u0219i sunt lua\u021bi \u00een considerare prioritar \u00een vederea colabor\u0103rii, particip\u0103rii sau angaj\u0103rii \u00een proiecte cu caracter na\u021bional\/macro-regional;<\/li>\n<li>li se acorda acces privilegiat la evenimentele publice \u0219i grupurile de lucru pentru proiectele ini\u021biate de partenerii CIO-SUERD \u0219i CLDR.<\/li>\n<\/ul>\n<p>Lansarea va avea loc, \u00een cadrul oficial, la <strong>Casa Academiei Rom\u00e2ne<\/strong> (Calea 13 Septembrie nr 13), vineri &#8211;<strong> 15 septembrie 2017<\/strong>, \u00een cadrul <strong><a href=\"http:\/\/www.cldr.ro\/seed-money-facility-2017\/\" target=\"_blank\" rel=\"noopener\">Incubatorului de Proiecte \u0219i Afaceri Europene<\/a> \u201dSeed Money Facility 2017\u201d<\/strong>.<\/p>\n<p>\u00censcrierile se fac conform principiului <em>\u201ePrimul venit-primul servit\u201d<\/em> p\u00e2n\u0103 \u00een data de <em>18 septembrie 2017<\/em>, \u00een baza transmiterii <a href=\"http:\/\/www.houseofeurope.ro\/blog\/wp-content\/uploads\/2017\/08\/Formular_Curs_Online.doc\">Formularului de \u00censcriere<\/a>. Detalii suplimentare pot fi consultate pe siteul www.cldr.ro sau solicitate Secretariatului Tehnic prin e-mail: <a href=\"mailto:secretariat@cldr.ro\" target=\"_blank\" rel=\"noopener\">secretariat@cldr.ro<\/a> ori telefonic la tel.\/fax: 021.230.49.97.<\/p>\n<p><strong>Parteneri Media Asocia\u021bi:<\/strong> Agen\u021bia Na\u021bional\u0103 de Pres\u0103 AGERPRES, TVH \u0219i Opinia Na\u021bional\u0103. <strong>Parteneri Media:<\/strong> Finantare.ro, CalendarEvenimente.ro, CaleaEuropeana.ro, Comunica\u021bii Mobile, SmartFinancial.ro, ClubAfaceri.ro, BrandInfo.ro, PRwave.ro, ComunicateMedia.ro, Tribuna Economica, 24pharte.ro, Buletin Dun\u0103rean.<\/p>\n<p>Pentru conformitate,<br \/>\n<em>Secretariatul Tehnic CIO-SUERD\/CLDR<\/em><\/p>\n","protected":false},"excerpt":{"rendered":"<p>Noul cadru al Programului INTERREG Europe ofer\u0103 cooper\u0103rii macro- \u0219i inter-regionale o gam\u0103 extrem de larg\u0103 de oportunit\u0103\u021bi de colaborare \u0219i finan\u021bare, \u00eenc\u0103 slab valorificate de c\u0103tre autorit\u0103\u021bile publice, mediul de afaceri \u0219i agen\u021biile, centrele de cercetare \u0219i ONG-urile tematice din Rom\u00e2nia. \u00cen plus, prin Programul Opera\u021bional Regional, este deschis\u0103 acum Axa de finan\u021bare dedicat\u0103<a class=\"sup-readmore\" href=\"http:\/\/www.houseofeurope.ro\/blog\/formarea-expertilor-gestionarea-si-valorificarea-programului-interreg-contextul-oportunitatilor-de-finantare-suerd\/\">Read More<\/a><\/p>\n","protected":false},"author":1,"featured_media":943,"comment_status":"open","ping_status":"open","sticky":false,"template":"","format":"standard","meta":{"footnotes":""},"categories":[1,8],"tags":[143,220],"_links":{"self":[{"href":"http:\/\/www.houseofeurope.ro\/blog\/wp-json\/wp\/v2\/posts\/941"}],"collection":[{"href":"http:\/\/www.houseofeurope.ro\/blog\/wp-json\/wp\/v2\/posts"}],"about":[{"href":"http:\/\/www.houseofeurope.ro\/blog\/wp-json\/wp\/v2\/types\/post"}],"author":[{"embeddable":true,"href":"http:\/\/www.houseofeurope.ro\/blog\/wp-json\/wp\/v2\/users\/1"}],"replies":[{"embeddable":true,"href":"http:\/\/www.houseofeurope.ro\/blog\/wp-json\/wp\/v2\/comments?post=941"}],"version-history":[{"count":3,"href":"http:\/\/www.houseofeurope.ro\/blog\/wp-json\/wp\/v2\/posts\/941\/revisions"}],"predecessor-version":[{"id":947,"href":"http:\/\/www.houseofeurope.ro\/blog\/wp-json\/wp\/v2\/posts\/941\/revisions\/947"}],"wp:featuredmedia":[{"embeddable":true,"href":"http:\/\/www.houseofeurope.ro\/blog\/wp-json\/wp\/v2\/media\/943"}],"wp:attachment":[{"href":"http:\/\/www.houseofeurope.ro\/blog\/wp-json\/wp\/v2\/media?parent=941"}],"wp:term":[{"taxonomy":"category","embeddable":true,"href":"http:\/\/www.houseofeurope.ro\/blog\/wp-json\/wp\/v2\/categories?post=941"},{"taxonomy":"post_tag","embeddable":true,"href":"http:\/\/www.houseofeurope.ro\/blog\/wp-json\/wp\/v2\/tags?post=941"}],"curies":[{"name":"wp","href":"https:\/\/api.w.org\/{rel}","templated":true}]}}