{"id":1043,"date":"2018-01-12T12:39:35","date_gmt":"2018-01-12T10:39:35","guid":{"rendered":"http:\/\/www.houseofeurope.ro\/blog\/?p=1043"},"modified":"2018-06-29T14:03:31","modified_gmt":"2018-06-29T12:03:31","slug":"consultare-publica-pentru-formarea-primei-platforme-de-inovare-bioeconomie","status":"publish","type":"post","link":"https:\/\/www.houseofeurope.ro\/blog\/consultare-publica-pentru-formarea-primei-platforme-de-inovare-bioeconomie\/","title":{"rendered":"Consultare public\u0103 pentru formarea primei platforme de inovare \u00een bioeconomie"},"content":{"rendered":"<blockquote><p>~ Anun\u021b-Invita\u021bie ~<\/p><\/blockquote>\n<p><strong>CLDR Rom\u00e2nia<\/strong>, membr\u0103 a Consiliului Ora\u0219elor \u0219i Regiunilor Dun\u0103rii (CoDCR), \u00een parteneriat cu Catedra Interna\u021bional\u0103 Onorific\u0103 \u201dJean BART\u201d \u00een sprijinul Strategiei UE pentru Regiunea Dun\u0103rii (CIO-SUERD), precum \u0219i cu amabilul sprijin al Academiei Rom\u00e2ne, v\u0103 informeaz\u0103 c\u0103, \u00een data de<strong> vineri, 2 februarie 2018<\/strong> (orele 10.00), la sediul <strong>Casei Academiei Rom\u00e2ne<\/strong> (Calea 13 Septembrie nr 13), va avea loc <a href=\"http:\/\/www.cldr.ro\/lansarea-smart-innovative-learning-hub\/\" target=\"_blank\" rel=\"noopener\"><strong>Reuniunea de Constituire<\/strong> a <strong>\u201dSMART Innovative Learning Hub\u201d<\/strong><\/a>.<\/p>\n<p><!--more--><\/p>\n<p>Totodat\u0103, <strong>CLDR Rom\u00e2nia<\/strong> anun\u021b\u0103 c\u0103 se afl\u0103 \u00een <strong>proces de consult\u0103ri \u0219i colectare a propunerilor, sugestiilor \u0219i recomand\u0103rilor<\/strong> privind formarea acestei platforme de cunoa\u0219tere, ac\u021biune \u0219i formare, care s\u0103 poat\u0103 reflecta c\u00e2t mai consistent \u0219i fidel interesele \u0219i op\u021biunile stakeholderilor din noile domenii legate de <strong>bioeconomie<\/strong>, definit\u0103 drept economia viitorului \u00een cadrul Uniunii Europene.<\/p>\n<p>Scopul principal este ca pe aceast\u0103 baz\u0103, ulterior, s\u0103 fie formate grupuri de lucru care s\u0103 conduc\u0103 la o absorb\u021bie mult mai mare a fondurilor disponibile prin programele de inovare ale Uniunii Europene, precum <strong>Orizont 2020<\/strong> \u0219i la alte programe \u00een zona inov\u0103rii \u0219i bunei guvernan\u021be pe multiple planuri.<\/p>\n<p>Printre <strong>Invita\u021bii Speciali<\/strong> se num\u0103r\u0103: Dr. Grigore BABOIANU &#8211; Membru Onorific \u201dDanube Parks\u201d &#8211; Re\u021beaua Ariilor Protejate (Austria), fost Guvernator al Rezerva\u021biei Deltei Dun\u0103rii; Secretar de Stat Cristian WINZER &#8211; Ministerul Afacerilor Externe (t.b.c.); Dr. Ing. Urb. Pietro ELISEI &#8211; Expert European \u00een planificare urban\u0103; Prof. univ. dr. Petre PRISECARU &#8211; Institutul de Economie Mondial\u0103 al Academiei Rom\u00e2ne; Dr. Br\u00eendu\u0219a COVACI &#8211; INCE-Academia Rom\u00e2n\u0103; Prof. Dr. Octavian \u0218ERBAN &#8211; Consilier Ministerul pentru Mediul de Afaceri; Dr. Olivia COM\u0218A &#8211; MHTC; Sorin RO\u0218U &#8211; Consilier &#8211; Ministerul Educa\u021biei; Dr. M\u0103d\u0103lina ANDREI &#8211; Agen\u021bia Na\u021bional\u0103 pentru Arii Naturale Protejate; Eduard DUMITRA\u0218CU &#8211; Pre\u0219edintele Asocia\u021biei Rom\u00e2ne pentru Smart City \u0219i Mobilitate; Drd. Sabina LEOPA &#8211; Urbanist; Dr. Georgeta GHE\u021aE D\u0102N\u0102U &#8211; Pre\u0219edintele Asocia\u021biei CINAQ; Viorel IONESCU &#8211; Pre\u0219edintele Asocia\u021biei CLDR; Lector univ. dr. Gabriela DAVID &#8211; UVVG\/CIO-SUERD.<\/p>\n<p>Participarea este gratuit\u0103, \u00een limita locurilor disponibile, \u00een baza confirm\u0103rii de interes ca r\u0103spuns la invita\u021biile transmise de organizatori, p\u00e2n\u0103 cel t\u00e2rziu \u00een data de <em>26 ianuarie 2018<\/em>. Informa\u021bii suplimentare pot fi solicitate Secretariatului Tehnic la tel.\/fax: 021.2304997 sau e-mail: <a href=\"mailto:secretariat@cldr.ro\" target=\"_blank\" rel=\"noopener\">secretariat@cldr.ro<\/a><\/p>\n<p>Pentru conformitate,<br \/>\n<a href=\"http:\/\/www.cldr.ro\" target=\"_blank\" rel=\"noopener\">Asocia\u021bia CLDR<\/a><\/p>\n","protected":false},"excerpt":{"rendered":"<p>~ Anun\u021b-Invita\u021bie ~ CLDR Rom\u00e2nia, membr\u0103 a Consiliului Ora\u0219elor \u0219i Regiunilor Dun\u0103rii (CoDCR), \u00een parteneriat cu Catedra Interna\u021bional\u0103 Onorific\u0103 \u201dJean BART\u201d \u00een sprijinul Strategiei UE pentru Regiunea Dun\u0103rii (CIO-SUERD), precum \u0219i cu amabilul sprijin al Academiei Rom\u00e2ne, v\u0103 informeaz\u0103 c\u0103, \u00een data de vineri, 2 februarie 2018 (orele 10.00), la sediul Casei Academiei Rom\u00e2ne (Calea<a class=\"sup-readmore\" href=\"https:\/\/www.houseofeurope.ro\/blog\/consultare-publica-pentru-formarea-primei-platforme-de-inovare-bioeconomie\/\">Read More<\/a><\/p>\n","protected":false},"author":1,"featured_media":1050,"comment_status":"open","ping_status":"open","sticky":false,"template":"","format":"standard","meta":{"footnotes":""},"categories":[6,1],"tags":[150,233],"_links":{"self":[{"href":"https:\/\/www.houseofeurope.ro\/blog\/wp-json\/wp\/v2\/posts\/1043"}],"collection":[{"href":"https:\/\/www.houseofeurope.ro\/blog\/wp-json\/wp\/v2\/posts"}],"about":[{"href":"https:\/\/www.houseofeurope.ro\/blog\/wp-json\/wp\/v2\/types\/post"}],"author":[{"embeddable":true,"href":"https:\/\/www.houseofeurope.ro\/blog\/wp-json\/wp\/v2\/users\/1"}],"replies":[{"embeddable":true,"href":"https:\/\/www.houseofeurope.ro\/blog\/wp-json\/wp\/v2\/comments?post=1043"}],"version-history":[{"count":3,"href":"https:\/\/www.houseofeurope.ro\/blog\/wp-json\/wp\/v2\/posts\/1043\/revisions"}],"predecessor-version":[{"id":1048,"href":"https:\/\/www.houseofeurope.ro\/blog\/wp-json\/wp\/v2\/posts\/1043\/revisions\/1048"}],"wp:featuredmedia":[{"embeddable":true,"href":"https:\/\/www.houseofeurope.ro\/blog\/wp-json\/wp\/v2\/media\/1050"}],"wp:attachment":[{"href":"https:\/\/www.houseofeurope.ro\/blog\/wp-json\/wp\/v2\/media?parent=1043"}],"wp:term":[{"taxonomy":"category","embeddable":true,"href":"https:\/\/www.houseofeurope.ro\/blog\/wp-json\/wp\/v2\/categories?post=1043"},{"taxonomy":"post_tag","embeddable":true,"href":"https:\/\/www.houseofeurope.ro\/blog\/wp-json\/wp\/v2\/tags?post=1043"}],"curies":[{"name":"wp","href":"https:\/\/api.w.org\/{rel}","templated":true}]}}