{"id":1105,"date":"2018-06-29T14:02:15","date_gmt":"2018-06-29T12:02:15","guid":{"rendered":"http:\/\/www.houseofeurope.ro\/blog\/?p=1105"},"modified":"2019-04-03T11:49:13","modified_gmt":"2019-04-03T09:49:13","slug":"revigorarea-strategiei-dunarii","status":"publish","type":"post","link":"https:\/\/www.houseofeurope.ro\/blog\/revigorarea-strategiei-dunarii\/","title":{"rendered":"Revigorarea Strategiei Dun\u0103rii"},"content":{"rendered":"<blockquote><p><strong>Revigorarea Strategiei Dun\u0103rii prin <\/strong><br \/>\n<strong>intensificarea cooper\u0103rii macro-regionale \u00een cursul Pre\u0219edin\u021biei Rom\u00e2niei <\/strong><\/p><\/blockquote>\n<p><strong>~ Dezbatere public\u0103 cu ocazia Ziua Dun\u0103rii &#8211; MAE, 28 iunie 2018 ~<\/strong><\/p>\n<p>\u00cen ajunul marc\u0103rii <strong>Zilei Interna\u021bionale a Dun\u0103rii<\/strong> (29 iunie), la Sala \u201dGrigore Gafencu\u201d a Ministerului Afacerilor Externe, a avut loc o consultare public\u0103 cu membrii institu\u021bionali \u0219i partenerii <strong>Asocia\u021biei \u201dComunit\u0103\u021bile Locale Riverane Dun\u0103rii\u201d<\/strong> (CLDR), \u00een parteneriat cu <strong>Funda\u021bia EUROLINK-Casa Europei<\/strong>, \u00een scopul evalu\u0103rii preliminare a stadiul preg\u0103tirilor Rom\u00e2niei privind preluarea <strong>Pre\u0219edin\u021biei anuale a Strategiei UE pentru Regiunea Dun\u0103rii<\/strong> (SUERD).<\/p>\n<p>Deschiderea lucr\u0103rilor a fost onorat\u0103 de <strong>Ministrul Delegat pentru Afaceri Europene &#8211; Dr. Victor NEGRESCU<\/strong>. Acesta a \u021binut s\u0103 remarce c\u0103 reuniunea g\u0103zduit\u0103 de MAE coincide cu adoptarea noii Hot\u0103r\u00e2ri de Guvern privind func\u021bionarea Sistemului de Coordonare la nivel na\u021bional a implement\u0103rii Strategiei UE pentru Regiunea Dun\u0103rii (SUERD) \u0219i fixeaz\u0103 mecanismele de coordonare \u0219i noile responsabilit\u0103\u021bi aferente ce vor face leg\u0103tura \u00eentre centru \u0219i administra\u021biile jude\u021bene\/locale. \u00centruc\u00e2t s-a stabilit o nou\u0103 structur\u0103 de guvernan\u021b\u0103 SUERD \u00een Rom\u00e2nia \u0219i noi responsabilit\u0103\u021bi ce revin fiec\u0103rui nivel decizional corespunz\u0103tor \u00een mod direct cadrului institu\u021bional stabilit anterior, Ministrul Victor Negrescu a declarat c\u0103 este extrem de important\u0103 actualmente o mai bun\u0103 explicare \u0219i interconectare \u00eentre to\u021bi deciden\u021bii la nivel central, jude\u021bean \u0219i local, \u00een special \u00een vederea ini\u021biativelor \u0219i ac\u021biunilor ce urmeaz\u0103 a fi realizate \u00een cursul Pre\u0219edin\u021biei rotative SUERD, pe care Rom\u00e2nia urmeaz\u0103 s\u0103 o preia \u00een luna octombrie a acestui an, cu ocazia Forumului Anual al Dun\u0103rii de la Sofia. \u00cen acela\u0219i context, vorbitorul a declarat c\u0103 aceast\u0103 Hot\u0103r\u00e2re va reu\u0219i s\u0103 deblocheze discu\u021bia ini\u021biat\u0103 \u00een urm\u0103 cu mai bine de trei ani asupra necesit\u0103\u021bii realiz\u0103rii unui mecanism structural de coordonare SUERD. Acest moment a fost apreciat drept \u201dun pas extrem de important \u00een ideea de a revigora aceast\u0103 strategie, at\u00e2t la nivel na\u021bional, c\u00e2t \u0219i la nivel european\u201d, precum \u0219i o \u201dini\u021biativ\u0103 de succes a Rom\u00e2niei care, \u00eempreun\u0103 cu Austria a construit aceast\u0103 strategie macro-regional\u0103\u201d.<\/p>\n<p>Totodat\u0103, vorbitorul a considerat oportun s\u0103 reliefeze faptul c\u0103 este important\u0103 convocarea <strong>Consiliului Consultativ SUERD<\/strong> deoarece exist\u0103 deja \u00een jurul acestei strategii \u201dfoarte multe alte strategii, foarte mul\u021bi oameni implica\u021bi care trebuie s\u0103 fie atra\u0219i \u00een a sprijini acest proiect de revigorare\u201d. De asemenea, \u00een urma stabilirii noilor axe centrale SUERD pentru Pre\u0219edin\u021bia Rom\u00e2niei, \u00eencep\u00e2nd cu luna noiembrie, Ministrul Delegat pentru Afaceri Europene a anticipat c\u0103 vor fi organizate mai multe reuniuni \u00een \u021bar\u0103 cu ministerele de resort \u0219i cu organiza\u021biile societ\u0103\u021bii civile implicate \u00een aceste demersuri.<\/p>\n<p>Men\u021bion\u0103m c\u0103 Pre\u0219edin\u021bia Rom\u00e2niei se va axa, \u00een special, pe rolul clusterelor \u0219i hub-urilor \u0219i pe favorizarea cooper\u0103rii transna\u021bionale \u00eentre acestea. <strong>Domeniile predilecte<\/strong>, selectate de c\u0103tre MAE, sunt cele \u00een care mediul de afaceri rom\u00e2nesc exceleaz\u0103: fitofarmacie, IT&amp;C, textile, industria lemnului, bioeconomie, industrii creative etc.<\/p>\n<p>A\u0219a cum a precizat relatarea difuzat\u0103 de <strong>Radio Rom\u00e2nia Actualit\u0103\u021bi<\/strong>, Comisarul Regional Dun\u0103rean din partea CLDR, <strong>Dl Sever AVRAM<\/strong>, a sus\u021binut c\u0103 proiectele dun\u0103rene ar fi putut s\u0103 atrag\u0103 mai multe fonduri, at\u00e2t prin intermediul Axei SUERD din cadrul POR, c\u00e2t \u0219i din anvelopa european\u0103 mai mare a fondurilor comunitare, inclusiv prin Programul EFSI, finan\u021bat de Banca European\u0103 de Investi\u021bii. Pe de alt\u0103 parte, reprezentantul CLDR a scos \u00een relief faptul c\u0103 asocia\u021bia a depus considerabile eforturi pentru a atrage aten\u021bia de a nu se rata oportunit\u0103\u021bile oferite de SUERD \u0219i a solicita o implicare sporit\u0103 a autorit\u0103\u021bilor locale \u00een special \u00een a realiza proiecte cu real impact social \u0219i economic.<\/p>\n<p>\u00cen continuare, invita\u021bii prezen\u021bi, reprezent\u00e2nd prestigioase institu\u021bii precum Academia Rom\u00e2n\u0103, Agen\u021bia Na\u021bional\u0103 pentru Arii Naturale Protejate, SNSPA, ISOCARP, Organiza\u021bia Patronal\u0103 Mamaia-Constan\u021ba, USH Pro Business etc., au evocat \u0219i comentat setul de metode unitare \u0219i eficiente de guvernan\u021b\u0103 \u0219i implementare SUERD care s\u0103 fie realizabile \u00een cursul Pre\u0219edin\u021biei Rom\u00e2niei: trecerea de la etapa declarativ\u0103 la aceea a transform\u0103rilor efective \u00een plan strategic macro-regional; reformarea paradigmei educa\u021bionale prin valorizarea real\u0103 a specializ\u0103rilor inteligente (\u201dsmart\u201d); demararea realiz\u0103rii planurilor de ac\u021biune urban\u0103 \u00een spiritul standardiz\u0103rii procesului de inovare\/regenerare subsumat\u0103 conceptului \u201dsmart city\u201d; facilitarea dezvolt\u0103rii \u00eentreprinderilor mixte, mai ales a start-up-urilor prin acces extins la finan\u021bare prin SUERD; trecerea la o coordonare \u0219i guvernan\u021b\u0103 flexibil\u0103 de tip multi-nivel care s\u0103 conduc\u0103 la dep\u0103\u0219irea barierelor artificiale de tip decizional, managerial \u0219i al planific\u0103rii financiare.<\/p>\n<p>La finalul dezbaterii, gazda reuniunii, <strong>Coordonatorul Biroului Na\u021bional SUERD, Dl Radu GORINCIOI<\/strong>, a anun\u021bat preg\u0103tirea desf\u0103\u0219ur\u0103rii \u00een acest an at\u00e2t a unei noi conferin\u021be a Consiliului Consultativ SUERD, c\u00e2t \u0219i a Forumului Na\u021bional al Strategiei. \u00cen vederea atingerii acestor obiective de lucru, vorbitorul a men\u021bionat c\u0103 vor fi revitalizate grupurile de ac\u021biune din cadrul Consiliului Consultativ, unde CLDR, prin parteneriatul cu Funda\u021bia EUROLINK-Casa Europei, coordoneaz\u0103 dimensiunea \u201dDezvoltare Integrat\u0103: Dun\u0103re Marea Neagr\u0103\u201d, precum \u0219i stimulat\u0103 participarea unei delega\u021bii rom\u00e2ne\u0219ti puternice \u0219i coerente la Forumul Anual SUERD de la Sofia. \u00cen acest sens, parteneriatul cu CLDR va facilita o mai bun\u0103 inter-comunicare \u0219i va fi de natur\u0103 s\u0103 sprijine ini\u021biative \u0219i evenimente relevante pe tot parcursul anului \u00een care Rom\u00e2nia va prezida SUERD. Totodat\u0103, reprezentantul Biroului SUERD a men\u021bionat importan\u021ba inventarierii resurselor de expertiz\u0103 rom\u00e2neasc\u0103 \u00een cadrul SUERD, context \u00een care CLDR \u0219i-a manifestat disponibilitatea s\u0103 colaboreze prin Re\u021beaua Na\u021bional\u0103 a Ofi\u021berilor Dun\u0103reni a c\u0103ror formare a fost \u0219i este realizat\u0103 \u00een continuare de c\u0103tre Catedra Interna\u021bional\u0103 Onorific\u0103 \u201dJean Bart\u201d \u00een sprijinul Strategiei UE pentru Regiunea Dun\u0103rii (CIO-SUERD).<\/p>\n<p>\u00cen partea a doua a evenimentului, <strong>Departamentul de Tineret \u0219i Studen\u021bi al Asocia\u021biei CLDR<\/strong> a decernat, pentru al doilea an consecutiv, Diplomele de Excelen\u021b\u0103 unor tinere personalit\u0103\u021bi care s-au remarcat \u00een promovarea cet\u0103\u021beniei pro-active europene \u00een Rom\u00e2nia, provenind din cele mai diferite domenii de activitate profesional\u0103\/civic\u0103: C\u0103t\u0103lina AGHINI\u021aEI \u2013 Asocia\u021bia EuroDEMOS; M\u0103d\u0103lina ANDREI \u2013 Asocia\u021bia Masterclass; Daniel BADEA \u2013 Agerpres; Gabriel Ion CARNARIU \u2013 Federa\u021bia Tinerilor din Bac\u0103u; Eliza CHIRIL\u0102 \u2013 American Councils for International Education \u2013 Rom\u00e2nia; Daniel COMAN \u2013 TVR1; Gabriela Ioana COSMA \u2013 Funda\u021bia \u201dPro Educa\u021bia David\u201d; Marian DRAGOMIR \u2013 Asocia\u021bia MasterPeace \u2013 Rom\u00e2nia; Mihai DRAGO\u0218 \u2013 Consiliul Tineretului din Rom\u00e2nia; Simona KADAS \u2013 Asocia\u021bia \u201dSimona Kadas\u201d; \u0218tefan IANCU \u2013 Actor; Anca NEDEA PAVEL \u2013 Organiza\u021bia Patronal\u0103 Mamaia-Constan\u021ba; Adrian SOCACIU \u2013 Institutul Sportiv Rom\u00e2n; Ciprian V\u0102CARU \u2013 Sindicatul pentru Tineret al Blocului Na\u021bional Sindical.<\/p>\n<p>La finalul evenimentului, \u00een onoarea invita\u021bilor \u0219i participan\u021bilor, a fost oferit un <em>Vin D&#8217;Honneur<\/em>, cu sprijinul <strong>Organiza\u021biei Somelierilor din Rom\u00e2nia &#8211; Crama Vii\u0219oara<\/strong> \u0219i al <strong>Funda\u021biei SO.SI.SE.SA<\/strong>. Evenimentul a fost asemenea organizat \u00een cooperare cu<strong> Centre Europ\u00e9en Robert Schuman<\/strong> in Scy-Chazelles (Fran\u021ba) \u0219i cu sprijinul financiar al <strong>Programului European \u201dEuropa pentru Cet\u0103\u021beni\u201d<\/strong>.<\/p>\n<p><strong>Parteneri Media Asocia\u021bi:<\/strong> Agen\u021bia Na\u021bional\u0103 de Pres\u0103 AGERPRES, TVH, Opinia Na\u021bional\u0103, Juridice.ro. <strong>Parteneri Media:<\/strong> CaleaEuropeana.ro, Comunica\u021bii Mobile, Tribuna Economic\u0103, PRwave.ro, Tomisul Cultural, CalendarEvenimente.ro, 24PHarte.ro, \u201cBuletin Dun\u0103rean\u201d.<\/p>\n<p>Pentru conformitate,<br \/>\n<a href=\"http:\/\/www.cldr.ro\" target=\"_blank\" rel=\"noopener noreferrer\">Asocia\u021bia CLDR<\/a><br \/>\n29.06.2018<\/p>\n","protected":false},"excerpt":{"rendered":"<p>Revigorarea Strategiei Dun\u0103rii prin intensificarea cooper\u0103rii macro-regionale \u00een cursul Pre\u0219edin\u021biei Rom\u00e2niei ~ Dezbatere public\u0103 cu ocazia Ziua Dun\u0103rii &#8211; MAE, 28 iunie 2018 ~ \u00cen ajunul marc\u0103rii Zilei Interna\u021bionale a Dun\u0103rii (29 iunie), la Sala \u201dGrigore Gafencu\u201d a Ministerului Afacerilor Externe, a avut loc o consultare public\u0103 cu membrii institu\u021bionali \u0219i partenerii Asocia\u021biei \u201dComunit\u0103\u021bile Locale<a class=\"sup-readmore\" href=\"https:\/\/www.houseofeurope.ro\/blog\/revigorarea-strategiei-dunarii\/\">Read More<\/a><\/p>\n","protected":false},"author":1,"featured_media":1106,"comment_status":"open","ping_status":"open","sticky":false,"template":"","format":"standard","meta":{"footnotes":""},"categories":[1],"tags":[150,240],"_links":{"self":[{"href":"https:\/\/www.houseofeurope.ro\/blog\/wp-json\/wp\/v2\/posts\/1105"}],"collection":[{"href":"https:\/\/www.houseofeurope.ro\/blog\/wp-json\/wp\/v2\/posts"}],"about":[{"href":"https:\/\/www.houseofeurope.ro\/blog\/wp-json\/wp\/v2\/types\/post"}],"author":[{"embeddable":true,"href":"https:\/\/www.houseofeurope.ro\/blog\/wp-json\/wp\/v2\/users\/1"}],"replies":[{"embeddable":true,"href":"https:\/\/www.houseofeurope.ro\/blog\/wp-json\/wp\/v2\/comments?post=1105"}],"version-history":[{"count":2,"href":"https:\/\/www.houseofeurope.ro\/blog\/wp-json\/wp\/v2\/posts\/1105\/revisions"}],"predecessor-version":[{"id":1186,"href":"https:\/\/www.houseofeurope.ro\/blog\/wp-json\/wp\/v2\/posts\/1105\/revisions\/1186"}],"wp:featuredmedia":[{"embeddable":true,"href":"https:\/\/www.houseofeurope.ro\/blog\/wp-json\/wp\/v2\/media\/1106"}],"wp:attachment":[{"href":"https:\/\/www.houseofeurope.ro\/blog\/wp-json\/wp\/v2\/media?parent=1105"}],"wp:term":[{"taxonomy":"category","embeddable":true,"href":"https:\/\/www.houseofeurope.ro\/blog\/wp-json\/wp\/v2\/categories?post=1105"},{"taxonomy":"post_tag","embeddable":true,"href":"https:\/\/www.houseofeurope.ro\/blog\/wp-json\/wp\/v2\/tags?post=1105"}],"curies":[{"name":"wp","href":"https:\/\/api.w.org\/{rel}","templated":true}]}}