{"id":1197,"date":"2019-06-02T11:41:25","date_gmt":"2019-06-02T09:41:25","guid":{"rendered":"http:\/\/www.houseofeurope.ro\/blog\/?p=1197"},"modified":"2019-10-08T12:43:13","modified_gmt":"2019-10-08T10:43:13","slug":"decidentilor-ue-si-de-la-bucuresti-li-se-solicita-sprijin-clar-si-masuri-urgente-pentru-relansarea-economica-a-zonei-dunare-marea-neagra-in-context-macroregional","status":"publish","type":"post","link":"https:\/\/www.houseofeurope.ro\/blog\/decidentilor-ue-si-de-la-bucuresti-li-se-solicita-sprijin-clar-si-masuri-urgente-pentru-relansarea-economica-a-zonei-dunare-marea-neagra-in-context-macroregional\/","title":{"rendered":"Deciden\u021bilor UE \u0219i de la Bucure\u0219ti li se solicit\u0103 sprijin clar \u0219i m\u0103suri urgente pentru  relansarea economic\u0103 a zonei Dun\u0103re-Marea Neagr\u0103 \u00een context macroregional"},"content":{"rendered":"\n<p>\u00cen urma unor consistente consult\u0103ri structurate cu to\u021bi stakeholderii relevan\u021bi la nivel \u00eenalt ai bazinului inferior al Dun\u0103rii \u0219i la Marea Neagr\u0103, Comisia pentru Afaceri Europene a Senatului Rom\u00e2niei a g\u0103zduit \u00een data de vineri, 31 mai 2019, cu ocazia marc\u0103rii \u0219i \u00een Rom\u00e2nia a Zilei Maritime Europene un eveniment consacrat integral discut\u0103rii \u0219i adopt\u0103rii de c\u0103tre reprezentan\u021bii societ\u0103\u021bii civile, mediului de afaceri \u0219i sectorului academic a <strong>Foii de Parcurs privind dezvoltarea durabil\u0103 \u0219i incluziv\u0103 <\/strong>a zonei Dun\u0103rii Fluviale, Portului Constan\u021ba \u0219i a zonei maritime Dobrogea \u0219i Deltei Dun\u0103rii.<\/p>\n\n\n\n<p>Organizatorii principali ai reuniunii au fost: Catedra Interna\u021bional\u0103 Onorific\u0103 &#8220;Jean Bart&#8221; \u00een favoarea Strategiei UE pentru Regiunea Dun\u0103rii (<strong>CIO-SUERD<\/strong>), proiect coordonat de Funda\u021bia EUROLINK-Casa Europei \u00een parteneriat cu Academia Rom\u00e2n\u0103; <strong>Hub-ul Macro-Regional Dun\u0103re &#8211; Marea Neagr\u0103<\/strong>, prezidat de Clusterul IT Cluj \u0219i Asocia\u021bia &#8220;Comunit\u0103\u021bile Locale Riverane Dun\u0103rii&#8221; (<strong>CLDR<\/strong> \u2013 membr\u0103 CoDCR). Evenimentul a fost organizat \u00een parteneriat cu <strong>Funda\u021bia Hanns Seidel<\/strong> \u0219i <strong>Asocia\u021bia \u201d\u021aine de Noi\u201d<\/strong>.<\/p>\n\n\n\n<p><strong>Trei direc\u021bii-cheie de ac\u021biune<\/strong> s-au deta\u0219at ca fiind urgente \u0219i primordiale pentru a fi \u00eenaintate c\u0103tre principalele institu\u021bii UE, \u00een primul r\u00e2nd c\u0103tre Comisia European\u0103 prin DG MARE, sub egida c\u0103reia s-a desf\u0103\u0219urat evenimentul, precum \u0219i c\u0103tre Parlamentul Rom\u00e2niei \u0219i autorit\u0103\u021bile centrale de resort, \u00eendeosebi Ministerul Transporturilor, Ministerul Dezvolt\u0103rii Regionale, Ministerul Turismului \u0219i Ministerul Afacerilor Externe, \u00een calitate de Coordonator Na\u021bional al Strategiei Dun\u0103rii, document aflat \u00een prezent \u00een faza final\u0103 de revizuire:  <\/p>\n\n\n\n<ul><li>\n\tstabilirea unui calendar cu\n\tresponsabilit\u0103\u021bi clar individualizate, minister cu minister,\n\tpentru transpunerea \u00een practic\u0103 a recomand\u0103rilor \u0219i\n\tsolicit\u0103rilor formulate \u00een cadrul Foii de Parcurs\n\t<\/li><li>\n\ttransformarea radical\u0103 a abord\u0103rii\n\tprivind viitoarea dezvoltare durabil\u0103 a zonei, \u00eendeosebi \u00een\n\tcontext macroregional \u0219i global pentru evitarea ad\u00e2ncirii\n\tdecalajelor existente \u0219i decupl\u0103rii de la ritmul de dezvoltare a\n\tspa\u021biului unic european mai ales \u00een raport cu statele vecine\n\tRom\u00e2niei  \n\t\n\t<\/li><li>\n\tstabilirea \u0219i sus\u021binerea practic\u0103\n\tprin m\u0103suri concrete \u0219i c\u00e2t mai pragmatice a proiectelor\n\tconsiderate prioritare\/fanion ale Rom\u00e2niei \u0219i ale principalilor\n\ts\u0103i parteneri prin implementarea proiectelor transna\u021bionale soft\n\tdeja finan\u021bate de UE \u0219i BEI, ce merit\u0103 \u0219i ar trebui sus\u021binute,\n\tinclusiv prin finan\u021b\u0103ri de tip ITI \u00een viitorul exerci\u021biu\n\tfinanciar UE de dup\u0103 2020. \n\t\n<\/li><\/ul>\n\n\n\n<p>Printre componentele solicitate a fi luate \u00een considerare \u0219i implementate c\u00e2t mai prompt \u0219i flexibil, inclusiv prin utilizarea p\u00e2rghiilor oferite de <strong>Strategia Dun\u0103rii <\/strong>\u0219i de <strong>Sinergia M\u0103rii Negre<\/strong>, precum \u0219i a recentelor documente adoptate la Bucure\u0219ti \u00een cursul Pre\u0219edin\u021biei Consiliului UE privind cercetarea \u0219i inovarea \u00een comun la Marea Neagr\u0103, se num\u0103r\u0103, printre altele:  <\/p>\n\n\n\n<ul><li>\n\tcompletarea \u0219i \u00eembun\u0103t\u0103\u021birea\n\tcadrului legislativ \u0219i administrativ \u00een scopul reintegr\u0103rii \u00een\n\tfluxul economic \u0219i turistic a c\u00e2t mai multor zone \u0219i obiective\n\tportuare \u0219i ale \u0219antierelor navale \u00een mod coerent, coordonat \u0219i\n\tunitar; \n\t\n\t<\/li><li>\n\trecentrarea abord\u0103rii \u00een mod\n\tintegrativ asupra zonei afluen\u021bilor Dun\u0103rii \u0219i trecerea la\n\taplicarea unor m\u0103suri inteligente privind navigabilitatea,\n\tpromovarea destina\u021biilor de ospitalitate turistic\u0103, conservarea\n\tbiodiversit\u0103\u021bii, digitalizarea transformativ\u0103 etc; \n\t\n\t<\/li><li>\n\tadoptarea de urgen\u021b\u0103 a sistemului de\n\tplanificarea teritorial\u0103 concordat\u0103 cu partenerii \u0219i de\n\tstandardizare urban\u0103 \u00een ritm accelerat, conform concluziilor\n\tproiectului UE \u201dDun\u0103rea Atractiv\u0103\u201d\n\t<\/li><li>\n\tadoptarea \u0219i\n\timplementarea sistemului de guvernan\u021b\u0103 multi-nivel \u0219i a metodei\n\t\u201dcoordon\u0103rii deschise\u201d UE precum \u0219i a altor forme inovative de\n\t<em>leadership\n\tcolaborativ<\/em>\n\tdeja testate cu succes \u00een zon\u0103;\n\t<\/li><li>\n\tdeclan\u0219area \u0219i extinderea unor\n\tconsult\u0103ri structurate la nivel na\u021bional \u0219i european, \u00een mod\n\tperiodic, \u00een favoarea schimb\u0103rilor necesare \u0219i recuperarea\n\trealist\u0103  pozi\u021bion\u0103rii dorite de operatorii portului Constan\u021ba,\n\tprecum \u0219i de \u00eentreaga regiune a Dobrogei istorice \u0219i a Deltei\n\tDun\u0103rii\n<\/li><\/ul>\n\n\n\n<p>Pentru o consultare integral\u0103 a documentului adoptat, cei interesa\u021bi pot accesa  siteurile <a href=\"http:\/\/www.houseofeurope.ro\/\">www.houseofeurope.ro<\/a> \u0219i <a href=\"http:\/\/www.cldr.ro\/\">www.cldr.ro<\/a> .<\/p>\n\n\n\n<p>Men\u021bion\u0103m, totodat\u0103 c\u0103 reuniunea a beneficiat de un mesaj introductiv referitor la combaterea polu\u0103rii cu plastic a M\u0103rii Negre, transmis de Directorul General DG MARE, Dl Jo\u00e3o AGUIAR MACHADO, iar la lucr\u0103ri au mai fost formulate interven\u021bii de c\u0103tre Vicepre\u0219edintele Comisiei pentru Afaceri Europene, Senatorul Cristian GHICA, \u0218eful Statului Major al For\u021belor Naval, Viceamiralul Dr. Alexandru M\u00ceR\u0218U, Secretarul de Stat pentru Afaceri Europene &#8211; MAE, Dr. Melania-Gabriela CIOT, Consulul Onorific al Republicii Estonia, Prof. Alexandru BOBE, Pre\u0219edintele Asocia\u021biei \u201d\u021aine de Noi\u201d, Dl R\u0103zvan OR\u0102\u0218ANU, care a transmis \u0219i un mesaj din partea Funda\u021biei Hanns Seidel, partener oficial al evenimentului, Directorul Executiv al Centrului de Consiliere Energetic\u0103 Ambiental\u0103 al Academiei Rom\u00e2ne, Prof. Ionu\u021b PURICA, Pre\u0219edintele CLDR Rom\u00e2nia, Prof. Gabriel RAICU, Pro-Rectorul Universit\u0103\u021bii Maritime din Constan\u021ba.       <\/p>\n\n\n\n<div class=\"wp-block-image\"><figure class=\"aligncenter\"><img loading=\"lazy\" decoding=\"async\" width=\"732\" height=\"785\" src=\"http:\/\/www.houseofeurope.ro\/blog\/wp-content\/uploads\/2019\/06\/Navy.jpg\" alt=\"\" class=\"wp-image-1199\" srcset=\"https:\/\/www.houseofeurope.ro\/blog\/wp-content\/uploads\/2019\/06\/Navy.jpg 732w, https:\/\/www.houseofeurope.ro\/blog\/wp-content\/uploads\/2019\/06\/Navy-280x300.jpg 280w\" sizes=\"(max-width: 732px) 100vw, 732px\" \/><\/figure><\/div>\n\n\n\n<p><strong>Parteneri Media Asocia\u021bi:<\/strong> Agen\u021bia Na\u021bional\u0103 de Pres\u0103 AGERPRES, Radio7, Opinia Na\u021bional\u0103, Juridice.ro. <strong>Parteneri Media: <\/strong>Finantare.ro, CaleaEuropeana.ro, Comunica\u021bii Mobile, CalendarEvenimente.ro, ComunicateMedia.ro, Tribuna Economic\u0103, PRwave.ro, BrandInfo.ro, SmartFinancial.ro, Tomisul Cultural, 24PHarte.ro, \u201cBuletin Dun\u0103rean\u201d. <strong>Parteneri de promovare:<\/strong> AntreprenorinRomania.ro, Europolis-Forum.ro<\/p>\n\n\n\n<p>Pentru conformitate,<\/p>\n\n\n\n<p>EUROLINK \u2013 Casa Europei<\/p>\n\n\n\n<p><em>2 iunie 2019<\/em><\/p>\n","protected":false},"excerpt":{"rendered":"<p>\u00cen urma unor consistente consult\u0103ri structurate cu to\u021bi stakeholderii relevan\u021bi la nivel \u00eenalt ai bazinului inferior al Dun\u0103rii \u0219i la Marea Neagr\u0103, Comisia pentru Afaceri Europene a Senatului Rom\u00e2niei a g\u0103zduit \u00een data de vineri, 31 mai 2019, cu ocazia marc\u0103rii \u0219i \u00een Rom\u00e2nia a Zilei Maritime Europene un eveniment consacrat integral discut\u0103rii \u0219i adopt\u0103rii<a class=\"sup-readmore\" href=\"https:\/\/www.houseofeurope.ro\/blog\/decidentilor-ue-si-de-la-bucuresti-li-se-solicita-sprijin-clar-si-masuri-urgente-pentru-relansarea-economica-a-zonei-dunare-marea-neagra-in-context-macroregional\/\">Read More<\/a><\/p>\n","protected":false},"author":1,"featured_media":1198,"comment_status":"open","ping_status":"open","sticky":false,"template":"","format":"standard","meta":{"footnotes":""},"categories":[1],"tags":[],"_links":{"self":[{"href":"https:\/\/www.houseofeurope.ro\/blog\/wp-json\/wp\/v2\/posts\/1197"}],"collection":[{"href":"https:\/\/www.houseofeurope.ro\/blog\/wp-json\/wp\/v2\/posts"}],"about":[{"href":"https:\/\/www.houseofeurope.ro\/blog\/wp-json\/wp\/v2\/types\/post"}],"author":[{"embeddable":true,"href":"https:\/\/www.houseofeurope.ro\/blog\/wp-json\/wp\/v2\/users\/1"}],"replies":[{"embeddable":true,"href":"https:\/\/www.houseofeurope.ro\/blog\/wp-json\/wp\/v2\/comments?post=1197"}],"version-history":[{"count":1,"href":"https:\/\/www.houseofeurope.ro\/blog\/wp-json\/wp\/v2\/posts\/1197\/revisions"}],"predecessor-version":[{"id":1200,"href":"https:\/\/www.houseofeurope.ro\/blog\/wp-json\/wp\/v2\/posts\/1197\/revisions\/1200"}],"wp:featuredmedia":[{"embeddable":true,"href":"https:\/\/www.houseofeurope.ro\/blog\/wp-json\/wp\/v2\/media\/1198"}],"wp:attachment":[{"href":"https:\/\/www.houseofeurope.ro\/blog\/wp-json\/wp\/v2\/media?parent=1197"}],"wp:term":[{"taxonomy":"category","embeddable":true,"href":"https:\/\/www.houseofeurope.ro\/blog\/wp-json\/wp\/v2\/categories?post=1197"},{"taxonomy":"post_tag","embeddable":true,"href":"https:\/\/www.houseofeurope.ro\/blog\/wp-json\/wp\/v2\/tags?post=1197"}],"curies":[{"name":"wp","href":"https:\/\/api.w.org\/{rel}","templated":true}]}}