{"id":1202,"date":"2019-06-02T12:49:07","date_gmt":"2019-06-02T10:49:07","guid":{"rendered":"http:\/\/www.houseofeurope.ro\/blog\/?p=1202"},"modified":"2019-10-08T12:43:07","modified_gmt":"2019-10-08T10:43:07","slug":"centrul-international-de-excelenta-a-destinatiilor-al-organizatiei-mondiale-a-turismului-a-deschis-la-bucuresti-reprezentanta-pentru-destinatiile-dunare-marea-neagra","status":"publish","type":"post","link":"https:\/\/www.houseofeurope.ro\/blog\/centrul-international-de-excelenta-a-destinatiilor-al-organizatiei-mondiale-a-turismului-a-deschis-la-bucuresti-reprezentanta-pentru-destinatiile-dunare-marea-neagra\/","title":{"rendered":"Centrul Interna\u021bional de Excelen\u021b\u0103 a Destina\u021biilor al Organiza\u021biei Mondiale a Turismului  a deschis, la Bucure\u0219ti, Reprezentan\u021ba pentru Destina\u021biile Dun\u0103re-Marea Neagr\u0103"},"content":{"rendered":"\n<p>\n\u00cen\ncadrul celei de-a doua p\u0103r\u021bi a reuniunii organizate pentru marcarea\n<strong>Zilei\nMaritime Europene \u00een Rom\u00e2nia <\/strong>(Senatul\nRom\u00e2niei, Sala \u201dConstantin Stere\u201d &#8211; 31 mai 2019), s-a desf\u0103\u0219urat\ninaugurarea oficial\u0103 a reprezentan\u021bei <strong>Centrului\nInterna\u021bional de Excelen\u021b\u0103 a Destina\u021biilor <\/strong>(CED\nTravel) &#8211; Organiza\u021bia Mondial\u0103 a Turismului a Na\u021biunilor Unite\n(UNWTO) pentru <strong>Statele\nRegiunii Dun\u0103rii \u0219i M\u0103rii Negre<\/strong>.\n\n<\/p>\n\n\n\n<div class=\"wp-block-image\"><figure class=\"aligncenter\"><img loading=\"lazy\" decoding=\"async\" width=\"425\" height=\"1000\" src=\"http:\/\/www.houseofeurope.ro\/blog\/wp-content\/uploads\/2019\/06\/Centru-H.Negresco.jpg\" alt=\"\" class=\"wp-image-1204\" srcset=\"https:\/\/www.houseofeurope.ro\/blog\/wp-content\/uploads\/2019\/06\/Centru-H.Negresco.jpg 425w, https:\/\/www.houseofeurope.ro\/blog\/wp-content\/uploads\/2019\/06\/Centru-H.Negresco-128x300.jpg 128w\" sizes=\"(max-width: 425px) 100vw, 425px\" \/><\/figure><\/div>\n\n\n\n<p>\nMen\u021bion\u0103m\nc\u0103 acest centru a fost fondat \u00een anul 2007, cu sprijinul direct al\nOrganiza\u021biei Mondiale a Turismului, \u00een scopul de a orienta\ndestina\u021biile turistice de pe mapamond c\u0103tre atingerea standardelor\nde excelen\u021b\u0103, sus\u021bin\u00e2ndu-le \u00een eforturile de consolidare a\ndezvolt\u0103rii durabile \u0219i de cre\u0219tere a propriilor lor abilit\u0103\u021bi\nprin \u00eent\u0103rirea competitivit\u0103\u021bii pe pia\u021b\u0103, maximizarea\navantajelor sociale \u0219i economice la nivel local \u0219i \u00eembun\u0103t\u0103\u021birea\n\u00een general a calit\u0103\u021bii serviciilor oferite \u0219i experien\u021belor\nvizitatorilor, \u00eendeosebi prin implementarea \u201egeo-turismului\u201d\ndrept tr\u0103s\u0103tur\u0103 caracteristic\u0103 a locurilor, mediului ambiant,\nculturii, patrimoniului \u0219i st\u0103rii de bine a tuturor locuitorilor. \n<\/p>\n\n\n\n<p>\nCED\nTravel pune \u00een mod concret la dispozi\u021bie organiza\u021biilor de\nmanagement a destina\u021biilor OMD un<strong>\nSistem complet de M\u0103suri pentru Excelen\u021b\u0103 a Destina\u021biilor<\/strong>\n(SMED), menit s\u0103 monitorizeze \u0219i s\u0103 evalueze eficien\u021ba\nmarketingului, promov\u0103rii \u0219i brandului destina\u021biilor \u00een mod\ncomparativ \u0219i flexibil pentru men\u021binerea unei \u00eencrederi sporite \u00een\ncadrul parteneriatelor public private la care iau parte at\u00e2t\nreprezentan\u021bii autorit\u0103\u021bilor locale, c\u00e2t \u0219i cei ai operatorilor\nturistici \/ mediului de afaceri. \n<\/p>\n\n\n\n<p>\n\u00cen\ncalitate de Director Regional \u0219i Membru al Boardului CED, a fost\ndesemnat Dl Sever AVRAM, care recent a \u00eenfiin\u021bat, \u00eempreun\u0103 cu\nreprezentan\u021bii Universit\u0103\u021bii Maritime Constan\u021ba, ce prezideaz\u0103\nAsocia\u021bia CLDR, \u0219i <strong>Centrul\nDun\u0103re-Marea Neagr\u0103 \u201dHENRI NEGRESCO\u201d <\/strong>care\nse implic\u0103 \u00een mod activ \u00een formarea Alian\u021bei Na\u021bionale a OMD din\nRom\u00e2nia. La eveniment, din partea Ministerului Turismului, dar \u0219i\n\u00een calitate de reprezentant al Rom\u00e2niei \u00een cadrul Consiliului\nDirector al Institutului Rutelor Culturale Europene al Consiliului\nEuropei (Luxemburg), a fost prezent\u0103 \u0219i a avut un mesaj de salut \u0219i\nde sprijin Dna Consilier Dr. Steliana COJOCARIU. \n<\/p>\n\n\n\n<p>\n\u00cen\nsal\u0103 au mai fost prezen\u021bi Pre\u0219edintele Asocia\u021biei Asocia\u021biei\npentru Dezvoltarea\nTurismului de S\u0103n\u0103tate \u015fi Social, <strong>Dl\nJamil BENABDALLAH<\/strong>;\nExpertul Comisiei Europene pentru Programele UIA\/URBACT \u0219i\nDirectorul URBASOFIA, <strong>Dr.\nUrb. Pietro ELISEI<\/strong>;\nReprezentantul Sec\u021biei Economice \u0219i Comerciale a Ambasadei\nGermaniei \u00een Rom\u00e2nia, <strong>Dl\nDaniel TANDREU<\/strong>,\nDirector Departamentului de Proiecte Europene al Universit\u0103\u021bii\nMaritime din Constan\u021ba, <strong>Dr.\nEmilia MURINEANU <\/strong>\u0219i\nPre\u0219edintele Asocia\u021biei de Management al Destina\u021biei Turistice\nDelta Dun\u0103rii, <strong>Dl\nC\u0103t\u0103lin \u021aIBULEAC<\/strong>.<\/p>\n\n\n\n<p> De altfel, \u00een numele Directorului General al <strong>Institutului Rutelor Culturale Europene<\/strong>, Stefano Dominioni, reprezentanta sa \u00een Rom\u00e2nia, Dna Consilier Dr. Steliana COJOCARIU, a preluat \u0219i a adresat un scurt mesaj de mul\u021bumiri pentru decernarea celui dint\u00e2i <strong>Trofeu<\/strong> \u0219i a <strong>Diplomei de Excelen\u021b\u0103<\/strong> <em><strong>\u201cBlack Sea -Danubian Social &amp; Economic Innovator\u201d<\/strong><\/em>. <\/p>\n\n\n\n<div class=\"wp-block-image\"><figure class=\"aligncenter\"><img loading=\"lazy\" decoding=\"async\" width=\"1000\" height=\"768\" src=\"http:\/\/www.houseofeurope.ro\/blog\/wp-content\/uploads\/2019\/06\/MinTurism-InstRuteCulturale.jpg\" alt=\"\" class=\"wp-image-1203\" srcset=\"https:\/\/www.houseofeurope.ro\/blog\/wp-content\/uploads\/2019\/06\/MinTurism-InstRuteCulturale.jpg 1000w, https:\/\/www.houseofeurope.ro\/blog\/wp-content\/uploads\/2019\/06\/MinTurism-InstRuteCulturale-300x230.jpg 300w, https:\/\/www.houseofeurope.ro\/blog\/wp-content\/uploads\/2019\/06\/MinTurism-InstRuteCulturale-768x590.jpg 768w\" sizes=\"(max-width: 1000px) 100vw, 1000px\" \/><\/figure><\/div>\n\n\n\n<p>Acela\u0219i  simbol de r\u0103spl\u0103tire, creat de CESIRO SA Sighi\u0219oara, a fost, de asemenea, oferit urm\u0103toarelor organiza\u021bii, institu\u021bii \u0219i proiecte europene: <strong>\u201dAGRIGO4CITIES\u201d <\/strong>&#8211; proiect coordonat de Centru de Cercetare al Academiei de \u0218tiin\u021be \u0219i Arte din Slovenia; <strong>\u201dDANUBE FLOODPLAIN\u201d <\/strong>&#8211; proiect coordonat de Administra\u0163ia Na\u0163ional\u0103 ,,Apele Rom\u00e2ne\u201d; <strong>\u201dDANUBE GEOTOUR\u201d<\/strong>, preluat de reprezentantul Parcului administrat de Universitatea Bucure\u0219ti, partener al proiectului; <strong>Asocia\u021bia &#8220;Organiza\u021bia Somelierilor din Rom\u00e2nia 2011&#8221;<\/strong>, \u00een tandem cu <strong>Federa\u021bia Na\u021bional\u0103 a Degust\u0103torilor Autoriza\u021bi<\/strong>; <strong>Funda\u0163ia pentru Dezvoltare Local\u0103 \u015fi Regional\u0103 <\/strong>pentru proiectul \u201dParc tematic CETATEA HELIS &#8211; Fete\u0219ti&#8221;; <strong>Municipalitatea Kladovo <\/strong>(Serbia); <strong>Danube Schools Series<\/strong>, proiect al European Danube Academy; <strong>ZEXE <\/strong>pentru aplicarea conceptului de gastronomie rom\u00e2neasc\u0103 interbelic\u0103; <strong>USH Pro Business <\/strong>pentru sprijinul acordat form\u0103rii clusterelor dun\u0103rene; <strong>Liga Studen\u021bilor Electroni\u0219ti<\/strong>, pentru activitatea \u00een cadrul UPBIZZ.<\/p>\n\n\n\n<p>\nLa\nfinal a fost oferit un Cocktail de Networking \u00een onoarea invita\u021bilor\n\u0219i a participan\u021bilor. Reflectarea media a reuniunii la locul\nevenimentului, a fost realizat\u0103 \u00een principal cu sprijinul <strong>Agen\u021biei\n<\/strong><strong>Na\u021bionale\nde Pres\u0103 AGERPRES<\/strong>,<strong>\nRadio Rom\u00e2nia Actualit\u0103\u021bi <\/strong>\u0219i\na platformei <strong>Antreprenorin\nRomania.ro<\/strong>.\nEvenimentul a fost organizat \u00een parteneriat cu <strong>Funda\u021bia\nHanns Seidel<\/strong>\n\u0219i <strong>Asocia\u021bia\n\u201d\u021aine de Noi\u201d<\/strong>.<\/p>\n\n\n\n<p>\nPentru\nmai multe informa\u021bii, cei interesa\u021bi pot accesa  siteurile\n<a href=\"http:\/\/www.houseofeurope.ro\/\">www.houseofeurope.ro<\/a>\n\u0219i <a href=\"http:\/\/www.cldr.ro\/\">www.cldr.ro<\/a>\n.<\/p>\n\n\n\n<p>\n<strong>Parteneri\nMedia Asocia\u021bi:<\/strong>\nAgen\u021bia Na\u021bional\u0103 de Pres\u0103 AGERPRES, Radio7, Opinia Na\u021bional\u0103,\nJuridice.ro. \n<strong>Parteneri\nMedia: <\/strong>Finantare.ro,\nCaleaEuropeana.ro, Comunica\u021bii Mobile, CalendarEvenimente.ro,\nComunicateMedia.ro, Tribuna Economic\u0103, PRwave.ro, BrandInfo.ro,\nSmartFinancial.ro, Tomisul Cultural, 24PHarte.ro, \u201cBuletin\nDun\u0103rean\u201d. <strong>Parteneri\nde promovare:<\/strong>\nAntreprenorinRomania.ro, Europolis-Forum.ro<\/p>\n\n\n\n<p>\nPentru\nconformitate,<\/p>\n\n\n\n<p>\nEUROLINK\n\u2013 Casa Europei<\/p>\n\n\n\n<p>\n2\niunie 2019<\/p>\n","protected":false},"excerpt":{"rendered":"<p>\u00cen cadrul celei de-a doua p\u0103r\u021bi a reuniunii organizate pentru marcarea Zilei Maritime Europene \u00een Rom\u00e2nia (Senatul Rom\u00e2niei, Sala \u201dConstantin Stere\u201d &#8211; 31 mai 2019), s-a desf\u0103\u0219urat inaugurarea oficial\u0103 a reprezentan\u021bei Centrului Interna\u021bional de Excelen\u021b\u0103 a Destina\u021biilor (CED Travel) &#8211; Organiza\u021bia Mondial\u0103 a Turismului a Na\u021biunilor Unite (UNWTO) pentru Statele Regiunii Dun\u0103rii \u0219i M\u0103rii Negre.<a class=\"sup-readmore\" href=\"https:\/\/www.houseofeurope.ro\/blog\/centrul-international-de-excelenta-a-destinatiilor-al-organizatiei-mondiale-a-turismului-a-deschis-la-bucuresti-reprezentanta-pentru-destinatiile-dunare-marea-neagra\/\">Read More<\/a><\/p>\n","protected":false},"author":1,"featured_media":1203,"comment_status":"open","ping_status":"open","sticky":false,"template":"","format":"standard","meta":{"footnotes":""},"categories":[1],"tags":[],"_links":{"self":[{"href":"https:\/\/www.houseofeurope.ro\/blog\/wp-json\/wp\/v2\/posts\/1202"}],"collection":[{"href":"https:\/\/www.houseofeurope.ro\/blog\/wp-json\/wp\/v2\/posts"}],"about":[{"href":"https:\/\/www.houseofeurope.ro\/blog\/wp-json\/wp\/v2\/types\/post"}],"author":[{"embeddable":true,"href":"https:\/\/www.houseofeurope.ro\/blog\/wp-json\/wp\/v2\/users\/1"}],"replies":[{"embeddable":true,"href":"https:\/\/www.houseofeurope.ro\/blog\/wp-json\/wp\/v2\/comments?post=1202"}],"version-history":[{"count":1,"href":"https:\/\/www.houseofeurope.ro\/blog\/wp-json\/wp\/v2\/posts\/1202\/revisions"}],"predecessor-version":[{"id":1205,"href":"https:\/\/www.houseofeurope.ro\/blog\/wp-json\/wp\/v2\/posts\/1202\/revisions\/1205"}],"wp:featuredmedia":[{"embeddable":true,"href":"https:\/\/www.houseofeurope.ro\/blog\/wp-json\/wp\/v2\/media\/1203"}],"wp:attachment":[{"href":"https:\/\/www.houseofeurope.ro\/blog\/wp-json\/wp\/v2\/media?parent=1202"}],"wp:term":[{"taxonomy":"category","embeddable":true,"href":"https:\/\/www.houseofeurope.ro\/blog\/wp-json\/wp\/v2\/categories?post=1202"},{"taxonomy":"post_tag","embeddable":true,"href":"https:\/\/www.houseofeurope.ro\/blog\/wp-json\/wp\/v2\/tags?post=1202"}],"curies":[{"name":"wp","href":"https:\/\/api.w.org\/{rel}","templated":true}]}}