{"id":1213,"date":"2019-08-22T10:43:58","date_gmt":"2019-08-22T08:43:58","guid":{"rendered":"http:\/\/www.houseofeurope.ro\/blog\/?p=1213"},"modified":"2019-10-08T12:42:55","modified_gmt":"2019-10-08T10:42:55","slug":"deschiderea-oficiala-a-taberei-de-sculptura-monumentala-muzeul-de-arta-contemporana-in-aer-liber-ploiesti-2019","status":"publish","type":"post","link":"https:\/\/www.houseofeurope.ro\/blog\/deschiderea-oficiala-a-taberei-de-sculptura-monumentala-muzeul-de-arta-contemporana-in-aer-liber-ploiesti-2019\/","title":{"rendered":"Deschiderea oficial\u0103 a Taberei de sculptur\u0103 monumental\u0103 \u201eMuzeul de Art\u0103 Contemporan\u0103 \u00een Aer Liber\u201d Ploie\u0219ti, 2019"},"content":{"rendered":"\n<p><strong>Ieri sear\u0103, 21 august 2019, la Hotelul Central din Ploie\u0219ti, a avut loc deschiderea oficial\u0103 a Taberei de Sculptur\u0103 Monumental\u0103, \u201eMuzeul de Art\u0103 Contemporan\u0103 \u00een aer liber\u201d Ploie\u0219ti, 2019.<\/strong><\/p>\n\n\n\n<p> Evenimentul se desf\u0103\u0219oar\u0103 sub deviza\u00a0<em><strong>\u201eNu exist\u0103 patriotism f\u0103r\u0103 patrimoniu\u201d<\/strong><\/em>, este ini\u021biat de Asocia\u021bia Cultural\u0103 \u201e24pharte\u201d \u0219i sus\u021binut de: <\/p>\n\n\n\n<ul><li>Consiliul Local al Municipiului Ploie\u0219ti, \u00eempreun\u0103 cu Prim\u0103ria Ploie\u0219ti,<\/li><li>Consiliul Jude\u021bean Prahova,<\/li><li>U. A. P. \u2013 filiala Prahova,<\/li><li>Muzeul Jude\u021bean de Art\u0103,<\/li><li>Casa de Cultur\u0103 a municipiului,<\/li><li>Filarmonica \u201ePaul Constantinescu\u201d,<\/li><li>Teatrul \u201eToma Caragiu\u201d,<\/li><li>S. G. U., T. C. E,<\/li><li>Parcul Municipal Vest \u0219i<\/li><li>Cenaclul \u201eI. L. Caragiale\u201d.<\/li><\/ul>\n\n\n\n<p>Informa\u021bii suplimentare:  <a href=\"https:\/\/24pharte.ro\/\">https:\/\/24pharte.ro<\/a> <\/p>\n","protected":false},"excerpt":{"rendered":"<p>Ieri sear\u0103, 21 august 2019, la Hotelul Central din Ploie\u0219ti, a avut loc deschiderea oficial\u0103 a Taberei de Sculptur\u0103 Monumental\u0103, \u201eMuzeul de Art\u0103 Contemporan\u0103 \u00een aer liber\u201d Ploie\u0219ti, 2019. Evenimentul se desf\u0103\u0219oar\u0103 sub deviza\u00a0\u201eNu exist\u0103 patriotism f\u0103r\u0103 patrimoniu\u201d, este ini\u021biat de Asocia\u021bia Cultural\u0103 \u201e24pharte\u201d \u0219i sus\u021binut de: Consiliul Local al Municipiului Ploie\u0219ti, \u00eempreun\u0103 cu Prim\u0103ria<a class=\"sup-readmore\" href=\"https:\/\/www.houseofeurope.ro\/blog\/deschiderea-oficiala-a-taberei-de-sculptura-monumentala-muzeul-de-arta-contemporana-in-aer-liber-ploiesti-2019\/\">Read More<\/a><\/p>\n","protected":false},"author":1,"featured_media":1214,"comment_status":"open","ping_status":"open","sticky":false,"template":"","format":"standard","meta":{"footnotes":""},"categories":[1],"tags":[],"_links":{"self":[{"href":"https:\/\/www.houseofeurope.ro\/blog\/wp-json\/wp\/v2\/posts\/1213"}],"collection":[{"href":"https:\/\/www.houseofeurope.ro\/blog\/wp-json\/wp\/v2\/posts"}],"about":[{"href":"https:\/\/www.houseofeurope.ro\/blog\/wp-json\/wp\/v2\/types\/post"}],"author":[{"embeddable":true,"href":"https:\/\/www.houseofeurope.ro\/blog\/wp-json\/wp\/v2\/users\/1"}],"replies":[{"embeddable":true,"href":"https:\/\/www.houseofeurope.ro\/blog\/wp-json\/wp\/v2\/comments?post=1213"}],"version-history":[{"count":1,"href":"https:\/\/www.houseofeurope.ro\/blog\/wp-json\/wp\/v2\/posts\/1213\/revisions"}],"predecessor-version":[{"id":1215,"href":"https:\/\/www.houseofeurope.ro\/blog\/wp-json\/wp\/v2\/posts\/1213\/revisions\/1215"}],"wp:featuredmedia":[{"embeddable":true,"href":"https:\/\/www.houseofeurope.ro\/blog\/wp-json\/wp\/v2\/media\/1214"}],"wp:attachment":[{"href":"https:\/\/www.houseofeurope.ro\/blog\/wp-json\/wp\/v2\/media?parent=1213"}],"wp:term":[{"taxonomy":"category","embeddable":true,"href":"https:\/\/www.houseofeurope.ro\/blog\/wp-json\/wp\/v2\/categories?post=1213"},{"taxonomy":"post_tag","embeddable":true,"href":"https:\/\/www.houseofeurope.ro\/blog\/wp-json\/wp\/v2\/tags?post=1213"}],"curies":[{"name":"wp","href":"https:\/\/api.w.org\/{rel}","templated":true}]}}