{"id":1258,"date":"2020-02-10T11:46:16","date_gmt":"2020-02-10T09:46:16","guid":{"rendered":"http:\/\/www.houseofeurope.ro\/blog\/?p=1258"},"modified":"2020-02-10T11:46:17","modified_gmt":"2020-02-10T09:46:17","slug":"lansarea-retelei-platforma-de-cooperare-a-stakeholderilor-din-industria-de-ospitalitate-maniera-concreta-de-combatere-a-schimbarilor-climatice-prin-economia-circulara","status":"publish","type":"post","link":"https:\/\/www.houseofeurope.ro\/blog\/lansarea-retelei-platforma-de-cooperare-a-stakeholderilor-din-industria-de-ospitalitate-maniera-concreta-de-combatere-a-schimbarilor-climatice-prin-economia-circulara\/","title":{"rendered":"Lansarea re\u021belei &#8211; platform\u0103 de cooperare a stakeholderilor din industria de ospitalitate  &#8211; manier\u0103 concret\u0103 de combatere a schimb\u0103rilor climatice prin economia circular\u0103"},"content":{"rendered":"\n<p> La <strong>Centrul \u201dPierre Werner\u201d al Academiei Rom\u00e2ne<\/strong>, la ini\u021biativa <strong>Catedrei Interna\u021bionale Onorifice \u201dJean Bart\u201d<\/strong> (CIO-SUERD), Reprezentan\u021bei Dun\u0103re-Marea Neagr\u0103 a CED \u2013 <strong>Centrul Mondial pentru Excelen\u021ba Destina\u021biilor <\/strong>(membru afiliat al Organiza\u021biei Mondiale a Turismului)  \u0219i a <strong>Asocia\u021biei \u201dComunit\u0103\u021bile Locale Riverane Dun\u0103rii\u201d <\/strong>(CLDR), cu sprijinul \u0219i \u00een parteneriat cu <strong>Institutul de Cercet\u0103ri Juridice \u201dAcad. Andrei R\u0103dulescu\u201d<\/strong>, precum \u0219i al reprezentan\u021bilor altor prestigioase institu\u021bii \u0219i organiza\u021bii publice \u0219i private, al unor exper\u021bi \u00een domeniul consultan\u021bei, managementului de proiect \u0219i al economiei circulare \u0219i biodiversit\u0103\u021bii, a avut loc, \u00een data de <strong>7 februarie 2020<\/strong>, Reuniunea special\u0103 dedicat\u0103 modalit\u0103\u021bilor prin care <strong>Pactul Ecologic European<\/strong> poate \u0219i trebuie s\u0103 influen\u021beze Rom\u00e2nia prin implicare la <strong>Mecanismul pentru o Tranzi\u021bie Just\u0103<\/strong>, ce beneficiaz\u0103 estimativ de o finan\u021bare de peste <strong>10 miliarde euro<\/strong> pentru \u021bara noastr\u0103.<\/p>\n\n\n\n<!--more-->\n\n\n\n<p>\n\u00cen\ncursul exerci\u021biului financiar UE care se \u00eencheie oficial \u00een acest\nan, <strong>expertiza\nautohton\u0103<\/strong>\na mediului academic, a inovatorilor, precum \u0219i al antreprenorilor \u0219i\nmediului de consultan\u021b\u0103 din zona privat\u0103, a fost prea pu\u021bin cu\nadev\u0103rat valorificat\u0103. De aceea, evenimentul a avut \u00een primul r\u00e2nd\nmenirea s\u0103 stimuleze o racordare mai consistent\u0103 \u0219i mai palpabil\u0103\n\u00een scopul <strong>transpunerii\n\u00een practic\u0103<\/strong>\na unei abord\u0103ri mai \u00een\u021belept focalizate, mai \u00eendr\u0103zne\u021be,\nimplicit prin preluarea din mers a bunelor practici ale statelor mai\navansate, \u00een special din cele nordice ce pun la dispozi\u021bie, la\nr\u00e2ndul lor, sprijin financiar \u0219i de <em>know-how\n<\/em>\u00een\ndomeniu.  \u00cen acest context, <strong>Funda\u021bia\nEUROLINK-Casa Europei <\/strong>a\nlansat <strong>Apelul\nDeschis <\/strong>\u00een\nfavoarea implic\u0103rii urgente a expertizei rom\u00e2ne\u0219ti privind\naplicarea cu succes a Pactului Ecologic European, \u00een special\nprintr-o sus\u021binere la nivel oficial de c\u0103tre Statul Rom\u00e2n \u00een\nrela\u021bia cu Comisia European\u0103 a unui prim <strong>proiect\nmajor flagship<\/strong>,\nconceput \u00een a\u0219a mod \u00eenc\u00e2t s\u0103 transpun\u0103 un <strong>model\nde economie circular\u0103 <\/strong>de\nsucces \u00een direc\u021bia realiz\u0103rii unei re\u021bele de sta\u021biuni balneare \/\nspa resort-uri care s\u0103 aplice principiile \u0219i recomand\u0103rile\nturismului sustenabil, responsabil \u0219i social incluziv \u00een cadrul nu\ndoar al Rom\u00e2niei, ci al unei \u00eentregi <strong>platforme\ndun\u0103rene inovative<\/strong>,\napt\u0103 s\u0103 implementeze \u0219i adapteze \u00een timp util standardele-cheie\nale economiei circulare, dup\u0103 un model testat cu succes \u00een Olanda,\nc\u00e2t \u0219i standardele de excelen\u021b\u0103 a destina\u021biilor de ospitalitate,\nprecum cele cunoscute sub denumirea de SMED, promovate \u00een practic\u0103\nde c\u0103tre CED \u00een peste 120 de destina\u021bii din \u00eentreaga lume. \n<\/p>\n\n\n\n<p>\nDrept\nrezultat final, grupul de ini\u021biatori, \u00eentre care se num\u0103r\u0103\n<strong>Catedra\nInterna\u021bional\u0103 Onorific\u0103 \u201dJean Bart\u201d<\/strong>\n(CIO-SUERD), proiect fondat \u00een parteneriat cu Academia Rom\u00e2n\u0103,\n<strong>Asocia\u021bia\n\u201dComunit\u0103\u021bile Locale Riverane Dun\u0103rii\u201d <\/strong>(CLDR),<strong>\nAgen\u021bia pentru Eficien\u021b\u0103 Energetic\u0103 \u0219i Protec\u021bia Mediului<\/strong>,\n<strong>Asocia\u021bia\nAdministratorilor Publici din Rom\u00e2nia<\/strong>,\n<strong>Institutul\npentru Cercet\u0103ri \u00een Economie Circular\u0103 \u015fi Mediu \u201cErnest Lupan\u201d\n<\/strong>(IRCEM),<strong>\nConsiliul Ora\u0219elor \u0219i Regiunilor Dun\u0103rii <\/strong>(CoDCR),\nvizeaz\u0103 conturarea nu doar a unui proiect <em>soft<\/em>,\nci adaptarea \u00een practic\u0103 a unui model adecvat de business circular,\nproiectat conform tehnicilor \u201d<em>design-thinking<\/em>\u201d\n\u00een rela\u021bie cu profilul specific macro-regional dun\u0103rean, \u00een a\u0219a\nfel \u00eenc\u00e2t s\u0103 conduc\u0103 la o re\u021binere a capitalului uman existent\nsau de atras pe viitor \u00een cadrul unei industrii spa regenerate \u00een\nmod inovativ. \n<\/p>\n\n\n\n<p>\nPrintre\norganiza\u021biile care au fost prezente sau \u0219i-au exprimat adeziunea\nfa\u021b\u0103 de aceast\u0103 ini\u021biativ\u0103, amintim: Departamentul de Dezvoltare\nDurabil\u0103 al Guvernului Rom\u00e2niei, Organiza\u021bia Patronal\u0103 a\nTurismului Balnear din Rom\u00e2nia, Patronatul ANAT, Ac\u021biunea Ecologic\u0103\nRom\u00e2n\u0103, Institutul Rutelor Culturale Europene, Prim\u0103ria Sibiu,\nUniversitatea Spiru Haret, Universitatea din Craiova, Institutul de\nEconomie Mondial\u0103 \u0219i Institutul de Cercet\u0103ri Juridice ale\nAcademiei Rom\u00e2ne. \n<\/p>\n\n\n\n<p>\nDin\npartea organizatorilor reuniunii, Coordonatorul General al CIO-SUERD\n\u201dJean Bart\u201d a anun\u021bat c\u0103 va continua depunerea eforturilor\npentru sus\u021binerea acestei ini\u021biative, at\u00e2t pe l\u00e2ng\u0103 <strong>Raportorul\ndin partea Parlamentului European privind finan\u021barea Pactului\nEcologic European<\/strong>,\nc\u00e2t \u0219i al ministerelor relevante pentru implementarea Planului de\nLucru \u00een domeniu, \u00een special c\u0103tre Ministerul Afacerilor Externe &#8211;\nCoordonator Na\u021bional al Strategiei UE pentru Regiunea Dun\u0103rii\n(SUERD), \u00eendeosebi prin intermediul <strong>Consiliului\nConsultativ SUERD<\/strong>.<\/p>\n\n\n\n<p>\nCu\nacela\u0219i prilej, a fost prezentat\u0103 \u0219i <strong>oferta\nde expertiz\u0103 \u0219i sprijin din partea CED<\/strong>\n\u00een favoarea constituirii <strong>organiza\u021biilor\nde management al destina\u021biei<\/strong>\n\u0219i a elabor\u0103rii unor strategii adecvate \u00een cel mai \u00eenalt grad\nstandardelor de excelen\u021b\u0103 promovate de c\u0103tre CED. \n<\/p>\n\n\n\n<p>\n\u00cen\nfine, pe de alt\u0103 parte, \u00een prezen\u021ba reprezentan\u021bilor \u0218colii\nDoctorale \u00een domeniul \u0218tiin\u021belor Economice, Juridice \u0219i\nSociologie a Academiei Rom\u00e2ne, a fost lansat\u0103 cea de-a doua edi\u021bie\na <strong>Programului\nde Formare Pre-Doctoral\u0103 CIO-SUERD<\/strong>,\nadresat \u00een egal\u0103 m\u0103sur\u0103 practicienilor, exper\u021bilor, managerilor\n\u0219i cercet\u0103torilor care vor s\u0103-\u0219i completeze \/ sporeasc\u0103\nreputa\u021bia profesional\u0103 \u0219i angajabilitatea printr-o abordare trans-\n\u0219i inter-disciplinar\u0103, desf\u0103\u0219urat\u0103 at\u00e2t prin colocvii periodice\n<em>live<\/em>,\nc\u00e2t \u0219i \u00een sistem <em>on-line<\/em>,\nspre a da posibilitatea de acces tuturor participan\u021bilor din \u021bar\u0103\nsau din str\u0103in\u0103tate s\u0103 urmeze preg\u0103tirea respectiv\u0103. \n<\/p>\n\n\n\n<p>\nMen\u021bion\u0103m\nc\u0103 rezultatele reuniunii au fost prezentate pe larg de c\u0103tre Radio\nRom\u00e2nia Actualit\u0103\u021bi \u0219i Agen\u021bia Na\u021bional\u0103 de Pres\u0103 AGERPRES.<\/p>\n\n\n\n<p>\nPentru\nconformitate, \n<\/p>\n\n\n\n<p>\nCIO-SUERD\n\u201dJean Bart\u201d \n<\/p>\n\n\n\n<p>\n<em>10\nfebruarie 2020<\/em><\/p>\n","protected":false},"excerpt":{"rendered":"<p>La Centrul \u201dPierre Werner\u201d al Academiei Rom\u00e2ne, la ini\u021biativa Catedrei Interna\u021bionale Onorifice \u201dJean Bart\u201d (CIO-SUERD), Reprezentan\u021bei Dun\u0103re-Marea Neagr\u0103 a CED \u2013 Centrul Mondial pentru Excelen\u021ba Destina\u021biilor (membru afiliat al Organiza\u021biei Mondiale a Turismului) \u0219i a Asocia\u021biei \u201dComunit\u0103\u021bile Locale Riverane Dun\u0103rii\u201d (CLDR), cu sprijinul \u0219i \u00een parteneriat cu Institutul de Cercet\u0103ri Juridice \u201dAcad. Andrei R\u0103dulescu\u201d, precum<a class=\"sup-readmore\" href=\"https:\/\/www.houseofeurope.ro\/blog\/lansarea-retelei-platforma-de-cooperare-a-stakeholderilor-din-industria-de-ospitalitate-maniera-concreta-de-combatere-a-schimbarilor-climatice-prin-economia-circulara\/\">Read More<\/a><\/p>\n","protected":false},"author":1,"featured_media":1259,"comment_status":"open","ping_status":"open","sticky":false,"template":"","format":"standard","meta":{"footnotes":""},"categories":[6],"tags":[253,95],"_links":{"self":[{"href":"https:\/\/www.houseofeurope.ro\/blog\/wp-json\/wp\/v2\/posts\/1258"}],"collection":[{"href":"https:\/\/www.houseofeurope.ro\/blog\/wp-json\/wp\/v2\/posts"}],"about":[{"href":"https:\/\/www.houseofeurope.ro\/blog\/wp-json\/wp\/v2\/types\/post"}],"author":[{"embeddable":true,"href":"https:\/\/www.houseofeurope.ro\/blog\/wp-json\/wp\/v2\/users\/1"}],"replies":[{"embeddable":true,"href":"https:\/\/www.houseofeurope.ro\/blog\/wp-json\/wp\/v2\/comments?post=1258"}],"version-history":[{"count":1,"href":"https:\/\/www.houseofeurope.ro\/blog\/wp-json\/wp\/v2\/posts\/1258\/revisions"}],"predecessor-version":[{"id":1260,"href":"https:\/\/www.houseofeurope.ro\/blog\/wp-json\/wp\/v2\/posts\/1258\/revisions\/1260"}],"wp:featuredmedia":[{"embeddable":true,"href":"https:\/\/www.houseofeurope.ro\/blog\/wp-json\/wp\/v2\/media\/1259"}],"wp:attachment":[{"href":"https:\/\/www.houseofeurope.ro\/blog\/wp-json\/wp\/v2\/media?parent=1258"}],"wp:term":[{"taxonomy":"category","embeddable":true,"href":"https:\/\/www.houseofeurope.ro\/blog\/wp-json\/wp\/v2\/categories?post=1258"},{"taxonomy":"post_tag","embeddable":true,"href":"https:\/\/www.houseofeurope.ro\/blog\/wp-json\/wp\/v2\/tags?post=1258"}],"curies":[{"name":"wp","href":"https:\/\/api.w.org\/{rel}","templated":true}]}}