{"id":1281,"date":"2020-06-22T10:05:19","date_gmt":"2020-06-22T08:05:19","guid":{"rendered":"http:\/\/www.houseofeurope.ro\/blog\/?p=1281"},"modified":"2020-06-22T10:08:33","modified_gmt":"2020-06-22T08:08:33","slug":"punerea-bazelor-primului-parteneriat-national-in-domeniul-bio-economiei-circulare-in-sprijinul-aplicarii-pactului-ecologic-european","status":"publish","type":"post","link":"https:\/\/www.houseofeurope.ro\/blog\/punerea-bazelor-primului-parteneriat-national-in-domeniul-bio-economiei-circulare-in-sprijinul-aplicarii-pactului-ecologic-european\/","title":{"rendered":"Punerea bazelor primului parteneriat na\u021bional \u00een domeniul bio-economiei circulare \u00een sprijinul aplic\u0103rii Pactului Ecologic European"},"content":{"rendered":"\n<p>Cu ocazia desf\u0103\u0219ur\u0103rii, la Casa Academiei Rom\u00e2ne, la finele s\u0103pt\u0103m\u00e2nii trecute, a unei reuniuni consultative de lucru, ini\u021biat\u0103 de <strong>Catedra Interna\u021bional\u0103 Onorific\u0103 \u201dJean Bart\u201d \u00een sprijinul Strategiei UE pentru Regiunea Dun\u0103rii <\/strong>(CIO-SUERD), proiect fondat de Funda\u021bia EUROLINK-Casa Europei \u00een parteneriat cu Academia Rom\u00e2n\u0103 (2012), a fost adoptat\u0103 <strong><a href=\"http:\/\/www.houseofeurope.ro\/blog\/wp-content\/uploads\/2020\/06\/DeclaratieBuneIntentii-19iun2020.pdf\" target=\"_blank\" rel=\"noreferrer noopener\">Declara\u021bia de Bune Inten\u021bii \u00een favoarea agreerii Acordului de Parteneriat<\/a><\/strong> destinat acces\u0103rii finan\u021b\u0103rilor disponibile \u0219i a altor oportunit\u0103\u021bi de tip transna\u021bional rezultate din <strong>Planul de Redresare pentru Europa<\/strong> \u0219i din <strong>Pactul Ecologic European<\/strong>. Prin aceste documente, adoptate sau \u00een curs de a fi adoptate, Rom\u00e2nia ar urma s\u0103 primeasc\u0103 consistente finan\u021b\u0103ri dintr-un buget consolidat pe termen lung estimat la circa 1100 miliarde euro pentru perioada 2021-2027.<\/p>\n\n\n\n<p>Aceast\u0103 <a href=\"http:\/\/www.houseofeurope.ro\/blog\/wp-content\/uploads\/2020\/06\/DeclaratieBuneIntentii-19iun2020.pdf\" target=\"_blank\" rel=\"noreferrer noopener\">Declara\u021bie<\/a> a fost formulat\u0103 \u00een special \u00een aten\u021bia principalilor deciden\u021bi \u00een domeniu precum <strong>Ministerul Mediului<\/strong>,<strong> Ministerul Dezvolt\u0103rii<\/strong>,<strong> Ministerul Afacerilor Externe<\/strong>,<strong> Ministerul Economiei <\/strong>\u0219i<strong> Ministerul Educa\u021biei \u0219i Cercet\u0103rii<\/strong>. Printre personalit\u0103\u021bile \u0219i institu\u021biile reprezentate la eveniment s-au num\u0103rat: Sorin CHELMU &#8211; Pre\u0219edintele Organiza\u021biei pentru Cooperare Economic\u0103 \u0219i Mediul de Afaceri (recent fondat\u0103); Institutul de Cercet\u0103ri Juridice \u0219i Institutul de Economie Mondial\u0103 ale Academiei Rom\u00e2ne; Institutul pentru Cercet\u0103ri \u00een Economie Circular\u0103 \u0219i Mediu \u201cErnest Lupan\u201d \u2013 IRCEM; Institutul Na\u021bional de Cercetare-Dezvoltare \u00een Informatic\u0103 \u2013 ICI Bucure\u0219ti; Institutul Geologic al Rom\u00e2niei; Institutul Na\u0163ional de Cercetare-Dezvoltare Delta Dun\u0103rii; Institutul Na\u021bional de Mecatronic\u0103 \u2013 INCDMTM; Asocia\u021bia CLDR Rom\u00e2nia, precum \u0219i reprezentan\u021bi ai mediului de afaceri \u0219i sectorului societ\u0103\u021bii civile.<\/p>\n\n\n\n<p>\u00centruc\u00e2t, p\u00e2n\u0103 \u00een prezent, experien\u021ba practic\u0103 a ar\u0103tat c\u0103 este necesar prevenirea \u0219i dep\u0103\u0219irea unor posibile suprapuneri, paralelisme sau blocaje legate \u00een special de formarea unor <strong>consor\u021bii, clustere sau parteneriate public-private<\/strong> privind atragerea \u0219i utilizarea fondurilor europene destinate \u00een spe\u021b\u0103 proiectelor de bio-economie, dezvoltare durabil\u0103 \u0219i economie circular\u0103 \u00een contextul transpunerii strategiilor \u0219i recomand\u0103rilor UE \u00een aceste domenii, p\u0103r\u021bile reunite \u00een\u021beleg s\u0103 str\u00e2ng\u0103 cooperarea spre a impulsiona \u00eendeosebi <strong>deciden\u021bii \u0219i stakeholderii publici <\/strong>\u00een domeniu \u00een sensul cre\u0219terii gradului de stabilitate legislativ\u0103 \u0219i decizional\u0103, al transparen\u021bei \u0219i unei sporite interac\u021biuni, \u00een special aceea legat\u0103 de creditele cu dob\u00e2nd\u0103 subven\u021bionat\u0103 pe care le va acorda <strong>Banca European\u0103 de Investi\u021bii<\/strong>.<\/p>\n\n\n\n<p>P\u0103r\u021bile reunite \u0219i-au exprimat convingerea c\u0103, pentru perioada premerg\u0103toare opera\u021bionaliz\u0103rii acestor direc\u021bii mai largi de ac\u021biune, ar fi necesar\u0103 convergen\u021ba intereselor, resurselor \u0219i instrumentelor specifice ale p\u0103r\u021bilor prin primul <strong>Cluster Na\u021bional de Bio-Economie Circular\u0103<\/strong>, axat pe aplicarea \u00een practic\u0103 a managementului economiei circulare \u0219i realizarea, \u00een paralel, a unei protec\u021bii a mediului, apt\u0103 s\u0103 contribuie decisiv la reducerea efectelor nocive ale schimb\u0103rilor climatice, \u00een acord cu Strategia de Dezvoltare Durabil\u0103 a Rom\u00e2niei, cu Strategia pentru Economie Circular\u0103 a Rom\u00e2nie, aflat\u0103 \u00een curs de adoptare, precum \u0219i cu Strategia UE pentru Regiunea Dun\u0103rii (SUERD). Totodat\u0103, noul cadru de cooperare urmeaz\u0103 s\u0103 aib\u0103 \u00een vedere \u0219i aplicarea \u00een practic\u0103 a altor noi importante strategii UE, precum cea referitoare la combaterea crizei alimentare, Strategia Biodiversit\u0103\u021bii pentru 2030, ca \u0219i a Strategiei P\u0103durilor (\u00een curs de a fi adoptat\u0103).<\/p>\n\n\n\n<p>Pentru conformitate,<\/p>\n\n\n\n<p><a href=\"http:\/\/ciosuerd.houseofeurope.ro\/\" target=\"_blank\" rel=\"noreferrer noopener\">Catedra Interna\u021bional\u0103 Onorific\u0103 \u201dJean Bart\u201d<\/a> (CIO-SUERD)<\/p>\n\n\n\n<p>Funda\u021bia EUROLINK-Casa Europei<\/p>\n","protected":false},"excerpt":{"rendered":"<p>Cu ocazia desf\u0103\u0219ur\u0103rii, la Casa Academiei Rom\u00e2ne, la finele s\u0103pt\u0103m\u00e2nii trecute, a unei reuniuni consultative de lucru, ini\u021biat\u0103 de Catedra Interna\u021bional\u0103 Onorific\u0103 \u201dJean Bart\u201d \u00een sprijinul Strategiei UE pentru Regiunea Dun\u0103rii (CIO-SUERD), proiect fondat de Funda\u021bia EUROLINK-Casa Europei \u00een parteneriat cu Academia Rom\u00e2n\u0103 (2012), a fost adoptat\u0103 Declara\u021bia de Bune Inten\u021bii \u00een favoarea agreerii Acordului<a class=\"sup-readmore\" href=\"https:\/\/www.houseofeurope.ro\/blog\/punerea-bazelor-primului-parteneriat-national-in-domeniul-bio-economiei-circulare-in-sprijinul-aplicarii-pactului-ecologic-european\/\">Read More<\/a><\/p>\n","protected":false},"author":1,"featured_media":1282,"comment_status":"open","ping_status":"open","sticky":false,"template":"","format":"standard","meta":{"footnotes":""},"categories":[6],"tags":[257,255,258],"_links":{"self":[{"href":"https:\/\/www.houseofeurope.ro\/blog\/wp-json\/wp\/v2\/posts\/1281"}],"collection":[{"href":"https:\/\/www.houseofeurope.ro\/blog\/wp-json\/wp\/v2\/posts"}],"about":[{"href":"https:\/\/www.houseofeurope.ro\/blog\/wp-json\/wp\/v2\/types\/post"}],"author":[{"embeddable":true,"href":"https:\/\/www.houseofeurope.ro\/blog\/wp-json\/wp\/v2\/users\/1"}],"replies":[{"embeddable":true,"href":"https:\/\/www.houseofeurope.ro\/blog\/wp-json\/wp\/v2\/comments?post=1281"}],"version-history":[{"count":2,"href":"https:\/\/www.houseofeurope.ro\/blog\/wp-json\/wp\/v2\/posts\/1281\/revisions"}],"predecessor-version":[{"id":1285,"href":"https:\/\/www.houseofeurope.ro\/blog\/wp-json\/wp\/v2\/posts\/1281\/revisions\/1285"}],"wp:featuredmedia":[{"embeddable":true,"href":"https:\/\/www.houseofeurope.ro\/blog\/wp-json\/wp\/v2\/media\/1282"}],"wp:attachment":[{"href":"https:\/\/www.houseofeurope.ro\/blog\/wp-json\/wp\/v2\/media?parent=1281"}],"wp:term":[{"taxonomy":"category","embeddable":true,"href":"https:\/\/www.houseofeurope.ro\/blog\/wp-json\/wp\/v2\/categories?post=1281"},{"taxonomy":"post_tag","embeddable":true,"href":"https:\/\/www.houseofeurope.ro\/blog\/wp-json\/wp\/v2\/tags?post=1281"}],"curies":[{"name":"wp","href":"https:\/\/api.w.org\/{rel}","templated":true}]}}