{"id":1421,"date":"2021-11-04T12:00:55","date_gmt":"2021-11-04T10:00:55","guid":{"rendered":"https:\/\/www.houseofeurope.ro\/blog\/?p=1421"},"modified":"2021-11-15T10:56:27","modified_gmt":"2021-11-15T08:56:27","slug":"expert-european-in-dezvoltare-si-inovare-urbana-smart-city","status":"publish","type":"post","link":"https:\/\/www.houseofeurope.ro\/blog\/expert-european-in-dezvoltare-si-inovare-urbana-smart-city\/","title":{"rendered":"\u201dExpert European \u00een Dezvoltare \u0219i Inovare Urban\u0103 \u2013 Smart City\u201d"},"content":{"rendered":"\n<p><strong>INVITA\u021aIE \u2013 ANUN\u021a DE PRES\u0102<\/strong><\/p>\n\n\n\n<p><em><strong>Cunoa\u0219te\u021bi c\u0103, \u00een special \u00een contextul combaterii pandemiei, profesiile inter-disciplinare au devenit tot mai c\u0103utate \u0219i mai vine cotate pe plan european \u0219i interna\u021bional?<\/strong><\/em><\/p>\n\n\n\n<p>\u00cen ultimii doi ani, merit\u0103 s\u0103 recunoa\u0219tem c\u0103 s-au schimbat cu o vitez\u0103 mult mai accelerat\u0103 foarte multe obi\u0219nuin\u021be, percep\u021bii \u0219i perspective cu privire la dezvoltarea urban\u0103, mai ales a marilor ora\u0219e. Era de imaginat c\u0103 o criz\u0103 global\u0103 de asemenea propor\u021bii, ar fi fost imposibil s\u0103 nu modifice \u0219i chiar zdruncine din temelii coordonatele \u0219i pilonii de baz\u0103 pe care s-a fondat \u0219i s-a acumulat cunoa\u0219terea \u0219i ac\u021biunea noastr\u0103 de schimbare a modului de locuire \u0219i a rela\u021biei dintre noi ca \u0219i cet\u0103\u021beni \u0219i tipul predilect de locuire \u00een care evolu\u0103m.<\/p>\n\n\n\n<p>Noua serie de cursuri online \u0219i certificare ca <strong>\u201dExpert European \u00een Dezvoltare \u0219i Inovare Urban\u0103 &#8211; Smart City\u201d <\/strong>este g\u00e2ndit\u0103 ca un compendiu cu studii de caz \u0219i exemple de bune practici, inclusiv referitoare la finan\u021b\u0103rile posibil de ob\u021binut, care se refer\u0103 \u00een primul r\u00e2nd la o mai bun\u0103 \u00een\u021belegere a beneficiilor \u0219i provoc\u0103rilor pe care le ridic\u0103 locuirea \u00een a\u0219a-numitele <em><strong>\u201dsmart cities\u201d<\/strong><\/em>.<\/p>\n\n\n\n<p>Sub autoritatea teoretic\u0103 \u0219i practic\u0103 a <strong>Pre\u0219edintelui ISOCARP, Dr. Urb. Petro ELISEI<\/strong>, ne concentr\u0103m pe modul \u00een care putem contribui la \u00een\u021belegerea \u0219i \u00eembun\u0103t\u0103\u021birea sistemului de planificare, implementare \u0219i evaluare a proiectelor cu finan\u021bare european\u0103, care s\u0103 conduc\u0103 la transformarea c\u00e2t mai multor zone urbane \u00een <em><strong>\u201dsmart resilient cities\u201d<\/strong><\/em>. Tocmai de aceea, am avut \u00een vedere o \u00eentredeschidere a c\u00e2t mai multor ferestre de perspectiv\u0103 \u0219i de oportunitate pentru a mobiliza cunoa\u0219terea acumulat\u0103 \u0219i a genera, \u00eempreun\u0103, c\u00e2t mai cur\u00e2nd, acea plus-valoare care s\u0103 schimbe c\u00e2t mai \u00een bine fa\u021ba v\u0103zut\u0103 \u0219i nev\u0103zut\u0103 a marilor ora\u0219e.<\/p>\n\n\n\n<p>Cursurile se desf\u0103\u0219oar\u0103 online, \u00een perioada lunilor<strong> noiembrie 2021 \u2013<\/strong> <strong>ianuarie 2022<\/strong>, prin intermediul unei platforme educa\u021bionale, accesibil\u0103 oric\u0103rui cursant \u00een mod flexibil, \u00een func\u021bie programul individual al fiec\u0103rui cursant. Cursul se adreseaz\u0103 \u00een special urm\u0103toarelor <strong>categorii<\/strong>: arhitec\u021bi \u0219efi\/func\u021bionari \u00een departamentele de specialitate ale ora\u0219elor, municipiilor \u0219i jude\u021belor; urbani\u0219ti; consultan\u021bi; planificatori; geodezi; speciali\u0219ti \u00eembun\u0103t\u0103\u021biri funciare \/ ingineria mediului; cercet\u0103tori; masteranzi; doctoranzi. <strong>Certificarea <\/strong>se ob\u021bine \u00een urma unei evalu\u0103ri finale care const\u0103 \u00eentr-un test scris de evaluare la distan\u021b\u0103, furnizat de organizatori.<\/p>\n\n\n\n<p>\u00censcrierile se fac in baza<strong> Formularului de \u00censcriere<\/strong> de pe pagina <a href=\"http:\/\/ciosuerd.houseofeurope.ro\/expert-european-dezvoltare-inovare-urbana\/\" target=\"_blank\" rel=\"noreferrer noopener\">www.ciosuerd.houseofeurope.ro<\/a>, conform principiului <em>\u201ePrimul venit-primul servit\u201d<\/em>, p\u00e2n\u0103 cel t\u00e2rziu \u00een data de<em><strong>25 noiembrie 2021<\/strong><\/em>. Detalii suplimentare pot fi solicitate Secretariatului Tehnic prin e-mail: <a href=\"mailto:ciosuerd@gmail.com\">ciosuerd@gmail.com<\/a> ori telefonic la tel.0726.375.855.<\/p>\n\n\n\n<p><strong>Partener Media Asociat:<\/strong> Agen\u021bia Na\u021bional\u0103 de Pres\u0103 AGERPRES. <strong>Parteneri Media: <\/strong>Prwave.ro, Finantare.ro, CalendarEvenimente.ro, CaleaEuropeana.ro, Comunica\u021bii Mobile, SmartFinancial.ro, BrandInfo.ro, Opinia Na\u021bional\u0103, ComunicateMedia.ro, Tribuna Economic\u0103, Tomisul Cultural, \u201dDanubius in-folio\u201d, 24PHarte.ro, \u201dBuletin Dun\u0103rean\u201d.<\/p>\n\n\n\n<p>Pentru conformitate,<\/p>\n\n\n\n<p>Secretariatul Tehnic CIO-SUERD \u201dJean Bart\u201d<\/p>\n","protected":false},"excerpt":{"rendered":"<p>INVITA\u021aIE \u2013 ANUN\u021a DE PRES\u0102 Cunoa\u0219te\u021bi c\u0103, \u00een special \u00een contextul combaterii pandemiei, profesiile inter-disciplinare au devenit tot mai c\u0103utate \u0219i mai vine cotate pe plan european \u0219i interna\u021bional? \u00cen ultimii doi ani, merit\u0103 s\u0103 recunoa\u0219tem c\u0103 s-au schimbat cu o vitez\u0103 mult mai accelerat\u0103 foarte multe obi\u0219nuin\u021be, percep\u021bii \u0219i perspective cu privire la dezvoltarea<a class=\"sup-readmore\" href=\"https:\/\/www.houseofeurope.ro\/blog\/expert-european-in-dezvoltare-si-inovare-urbana-smart-city\/\">Read More<\/a><\/p>\n","protected":false},"author":1,"featured_media":0,"comment_status":"open","ping_status":"open","sticky":false,"template":"","format":"standard","meta":{"footnotes":""},"categories":[1],"tags":[],"_links":{"self":[{"href":"https:\/\/www.houseofeurope.ro\/blog\/wp-json\/wp\/v2\/posts\/1421"}],"collection":[{"href":"https:\/\/www.houseofeurope.ro\/blog\/wp-json\/wp\/v2\/posts"}],"about":[{"href":"https:\/\/www.houseofeurope.ro\/blog\/wp-json\/wp\/v2\/types\/post"}],"author":[{"embeddable":true,"href":"https:\/\/www.houseofeurope.ro\/blog\/wp-json\/wp\/v2\/users\/1"}],"replies":[{"embeddable":true,"href":"https:\/\/www.houseofeurope.ro\/blog\/wp-json\/wp\/v2\/comments?post=1421"}],"version-history":[{"count":2,"href":"https:\/\/www.houseofeurope.ro\/blog\/wp-json\/wp\/v2\/posts\/1421\/revisions"}],"predecessor-version":[{"id":1432,"href":"https:\/\/www.houseofeurope.ro\/blog\/wp-json\/wp\/v2\/posts\/1421\/revisions\/1432"}],"wp:attachment":[{"href":"https:\/\/www.houseofeurope.ro\/blog\/wp-json\/wp\/v2\/media?parent=1421"}],"wp:term":[{"taxonomy":"category","embeddable":true,"href":"https:\/\/www.houseofeurope.ro\/blog\/wp-json\/wp\/v2\/categories?post=1421"},{"taxonomy":"post_tag","embeddable":true,"href":"https:\/\/www.houseofeurope.ro\/blog\/wp-json\/wp\/v2\/tags?post=1421"}],"curies":[{"name":"wp","href":"https:\/\/api.w.org\/{rel}","templated":true}]}}