{"id":303,"date":"2012-09-04T11:33:35","date_gmt":"2012-09-04T09:33:35","guid":{"rendered":"http:\/\/www.houseofeurope.ro\/blog\/?p=303"},"modified":"2012-09-04T11:33:35","modified_gmt":"2012-09-04T09:33:35","slug":"reteaua-nationala-expertilor-pentru-regiunea-dunarii-la-start","status":"publish","type":"post","link":"https:\/\/www.houseofeurope.ro\/blog\/reteaua-nationala-expertilor-pentru-regiunea-dunarii-la-start\/","title":{"rendered":"Re\u0163eaua Na\u0163ional\u0103 a Exper\u0163ilor pentru Regiunea Dun\u0103rii, la start"},"content":{"rendered":"<blockquote>\n<p align=\"center\"><strong>Re\u0163eaua Na\u0163ional\u0103 a Exper\u0163ilor pentru Regiunea Dun\u0103rii, la start<\/strong><\/p>\n<p align=\"center\"><strong>Deschiderea \u00eenscrierilor: Palatul Parlamentului, 27-28 septembrie 2012<\/strong><\/p>\n<\/blockquote>\n<p>Bucure\u015fti, 3 septembrie 2012<\/p>\n<p>Dup\u0103 Marea Baltic\u0103, regiunea Dun\u0103rii este a doua zon\u0103 pentru care Uniunea European\u0103 a elaborat \u015fi aprobat o<strong> strategie special\u0103 de finan\u0163are<\/strong>, \u00een urma eforturilor Austriei \u015fi Rom\u00e2niei, dar \u00een special cu sprijinul celor mai importante landuri germane, Bavaria \u015fi Baden-Wurttemberg. Din fericire, toate jude\u0163ele din Rom\u00e2nia sunt eligibile pentru a primi finan\u0163are \u00een viitor, pentru transpunerea \u00een practic\u0103 a acestui vast program.<\/p>\n<p>Tocmai de aceea, ar fi p\u0103cat ca aceast\u0103 extraordinar\u0103 oportunitate s\u0103 fie irosit\u0103, a\u015fa cum s-a \u00eent\u00e2mplat, \u00een mare parte, cu Fondurile Structurale. Domenii \u00eentregi au nevoie de ace\u015fti bani europeni, Rom\u00e2nia concentr\u00e2ndu-se, \u00een special, pe transporturi &#8211; infrastructur\u0103; turism &#8211; patrimoniu cultural; mediu &#8211; managementul situa\u0163iilor de urgen\u0163\u0103.<\/p>\n<p>Prin constituirea <strong>Grupului de Ac\u0163iunea \u201cDezvoltare Integrat\u0103: Dun\u0103re-Marea Neagr\u0103\u201d<\/strong>, de pe lang\u0103 Consiliul Consultativ SUERD, creat special \u00een cadrul MAE, au fost puse deja bazele unei complexe platforme de ac\u0163iune, iar apropiata lansare oficial\u0103 a <strong>Catedrei Interna\u0163ionale Onorifice SUERD<\/strong>, sub pre\u015fedin\u0163ia Excelen\u0163ei Sale, Ambasador Liviu Bota, creeaz\u0103 premise favorabile pentru o abordare dinamic\u0103 \u015fi constructiv\u0103 de-acum \u00eenainte.<\/p>\n<p>De aceea, to\u0163i liderii, managerii \u015fi al\u0163i responsabili din sectorul public, mediul de afaceri sunt chema\u0163i s\u0103 con\u015ftientizeze importan\u0163a acestui moment de r\u0103scruce \u015fi s\u0103 se al\u0103ture \u00een mod concret ini\u0163iativei, spre a se bucura de beneficiile particip\u0103rii la cea dint\u00e2i <strong>Re\u0163ea Na\u0163ional\u0103 a Promotorilor, Facilitatorilor \u015fi Exper\u0163ilor pentru Implementarea SUERD<\/strong>. Inaugurarea are loc \u00een data de <strong>27 septembrie 2012<\/strong>, la <strong>Palatul Parlamentului<\/strong>, \u00een prezen\u0163a reprezentan\u0163ilor celor mai importante institu\u0163ii care sprijin\u0103, direct sau indirect, rena\u015fterea regiunii dun\u0103rene \u015fi implicarea Rom\u00e2niei \u00een acest \u015fantier de proiecte.<\/p>\n<p>Pentru detalii complete \u015fi informa\u0163ii, cei interesa\u0163i sunt invita\u0163i s\u0103 consulte pagina oficial\u0103 <a title=\"Reteaua Nationala a Promotorilor, Facilitatorilor si Expertilor pentru Implementarea SUERD\" href=\"http:\/\/www.houseofeurope.ro\/SUERD\/index.html\" target=\"_blank\">http:\/\/www.houseofeurope.ro\/SUERD\/index.html<\/a>.<\/p>\n<p><strong>Parteneri Media<\/strong>: Finantare.ro, CalendarEvenimente.ro, CaleaEuropeana.ro, Comunicatii Mobile, SmartFinancial.ro, NewsChannel.ro, Tribuna Economica, Economie si Administratie Locala, Euroconsultanta-Ghidul Firmei, ClubAfaceri.ro, BrandInfo.ro, GhiseulBancar.ro, PRwave.ro,\u00a0 ComunicateMedia.ro, Early Warning Support &#8211; &#8220;EU-RO Clearing Funds&#8221;.<\/p>\n<p>Pentru conformitate,<\/p>\n<p>EUROLINK- Casa Europei<\/p>\n","protected":false},"excerpt":{"rendered":"<p>Re\u0163eaua Na\u0163ional\u0103 a Exper\u0163ilor pentru Regiunea Dun\u0103rii, la start Deschiderea \u00eenscrierilor: Palatul Parlamentului, 27-28 septembrie 2012 Bucure\u015fti, 3 septembrie 2012 Dup\u0103 Marea Baltic\u0103, regiunea Dun\u0103rii este a doua zon\u0103 pentru care Uniunea European\u0103 a elaborat \u015fi aprobat o strategie special\u0103 de finan\u0163are, \u00een urma eforturilor Austriei \u015fi Rom\u00e2niei, dar \u00een special cu sprijinul celor mai<a class=\"sup-readmore\" href=\"https:\/\/www.houseofeurope.ro\/blog\/reteaua-nationala-expertilor-pentru-regiunea-dunarii-la-start\/\">Read More<\/a><\/p>\n","protected":false},"author":1,"featured_media":0,"comment_status":"open","ping_status":"open","sticky":false,"template":"","format":"standard","meta":{"footnotes":""},"categories":[6,1,8,56],"tags":[104,105,106,95],"_links":{"self":[{"href":"https:\/\/www.houseofeurope.ro\/blog\/wp-json\/wp\/v2\/posts\/303"}],"collection":[{"href":"https:\/\/www.houseofeurope.ro\/blog\/wp-json\/wp\/v2\/posts"}],"about":[{"href":"https:\/\/www.houseofeurope.ro\/blog\/wp-json\/wp\/v2\/types\/post"}],"author":[{"embeddable":true,"href":"https:\/\/www.houseofeurope.ro\/blog\/wp-json\/wp\/v2\/users\/1"}],"replies":[{"embeddable":true,"href":"https:\/\/www.houseofeurope.ro\/blog\/wp-json\/wp\/v2\/comments?post=303"}],"version-history":[{"count":1,"href":"https:\/\/www.houseofeurope.ro\/blog\/wp-json\/wp\/v2\/posts\/303\/revisions"}],"predecessor-version":[{"id":304,"href":"https:\/\/www.houseofeurope.ro\/blog\/wp-json\/wp\/v2\/posts\/303\/revisions\/304"}],"wp:attachment":[{"href":"https:\/\/www.houseofeurope.ro\/blog\/wp-json\/wp\/v2\/media?parent=303"}],"wp:term":[{"taxonomy":"category","embeddable":true,"href":"https:\/\/www.houseofeurope.ro\/blog\/wp-json\/wp\/v2\/categories?post=303"},{"taxonomy":"post_tag","embeddable":true,"href":"https:\/\/www.houseofeurope.ro\/blog\/wp-json\/wp\/v2\/tags?post=303"}],"curies":[{"name":"wp","href":"https:\/\/api.w.org\/{rel}","templated":true}]}}