{"id":391,"date":"2013-02-26T19:16:07","date_gmt":"2013-02-26T17:16:07","guid":{"rendered":"http:\/\/www.houseofeurope.ro\/blog\/?p=391"},"modified":"2013-02-26T19:19:55","modified_gmt":"2013-02-26T17:19:55","slug":"reuniunea-clubului-suporterilor-regiunii-dunarii","status":"publish","type":"post","link":"https:\/\/www.houseofeurope.ro\/blog\/reuniunea-clubului-suporterilor-regiunii-dunarii\/","title":{"rendered":"Reuniunea Clubului Suporterilor Regiunii Dunarii"},"content":{"rendered":"<p><a href=\"http:\/\/www.houseofeurope.ro\/blog\/wp-content\/uploads\/2013\/02\/cropped-Lansarea-Clubului-Suporterilor-Regiunii-Dunarii.jpg\"><img loading=\"lazy\" decoding=\"async\" class=\"alignleft size-full wp-image-387\" alt=\"cropped-Lansarea-Clubului-Suporterilor-Regiunii-Dunarii.jpg\" src=\"http:\/\/www.houseofeurope.ro\/blog\/wp-content\/uploads\/2013\/02\/cropped-Lansarea-Clubului-Suporterilor-Regiunii-Dunarii.jpg\" width=\"300\" height=\"70\" \/><\/a><\/p>\n<p>&nbsp;<\/p>\n<p>&nbsp;<\/p>\n<p>&nbsp;<\/p>\n<p>Pentru prima dat\u0103 \u00een istorie, prin <b>Strategia UE <\/b>consacrat\u0103 \u00eentregii macro-regiuni din zona geo-economic\u0103 a Dun\u0103rii (SUERD), se deschid <b>oportunit\u0103\u0163i spectaculoase de relansare<\/b> printr-o injec\u0163ie financiar\u0103 f\u0103r\u0103 precedent. Totodat\u0103, stilurile de via\u0163\u0103, identit\u0103\u0163ile, c\u00e2t \u015fi mentalit\u0103\u0163ile de-a lungul Dun\u0103rii, din P\u0103durea Neagr\u0103 p\u00e2n\u0103 \u00een Delta noastr\u0103, au o \u015fans\u0103 excep\u0163ional\u0103 de a se re-inventa \u015fi a genera un profil dinamic \u015fi puternic, a\u015fa cum \u00eel au, de pild\u0103, \u0163\u0103rile nordice \u015fi cele din regiunea M\u0103rii Baltice. \u00cen acest sens, \u00eentreaga Europ\u0103 \u00ee\u015fi pune mari speran\u0163e \u00een acest vast <b><i>proiect transformativ<\/i><\/b>, \u00een care \u015fi Rom\u00e2nia poate avea un cuv\u00e2nt greu de spus.<\/p>\n<p><a title=\"Reuniunea Clubului Suporterilor Regiunii Dunarii - 7 martie 2013\" href=\"http:\/\/www.houseofeurope.ro\/Club-Dunare_martie_2013.html\" target=\"_blank\"><b>Clubul Suporterilor Regiunii Dun\u0103rii<\/b><\/a> constituie vectorul de <b><i>networking<\/i><\/b> \u015fi <b><i>lobby<\/i><\/b> cel mai recent al ini\u0163iativei demarate de c\u0103tre <b>Grupul de Ac\u0163iune \u201eDun\u0103re-Marea Neagr\u0103\u201d<\/b>, care dob\u00e2nde\u015fte acum un rol tot mai pregnant \u00een preg\u0103tirea \u015fi lansarea spre implementare a proiectelor de investi\u0163ii dun\u0103rene.<\/p>\n<p>Dup\u0103 lansarea de mare impact a Clubului din decembrie 2012, cea de-a doua reuniune a <b>Clubului Suporterilor Regiunii Dun\u0103rii<\/b> se va desf\u0103\u015fura la sediul <b>Institutului Bancar Rom\u00e2n<\/b>, \u00een data <strong>7 martie 2013 <\/strong><strong><i>(orele 14.00-18.00)<\/i><\/strong><strong>.<\/strong><\/p>\n<p>\u00cen cadrul reuniunii, vor fi abordate dou\u0103 chestiuni de maxim\u0103\u00a0importan\u0163\u0103:<\/p>\n<ul>\n<li>conectarea judicioas\u0103 a <b>reorganiz\u0103rii administrativ-teritoriale a Rom\u00e2niei <\/b>\u00een raport cu implementarea la nivel macro-regional a Strategiei UE pentru Regiunea Dun\u0103rii (SUERD);<\/li>\n<li>consultare informal\u0103 a stakeholderilor\u00a0cu privire la definitivarea agendei de lucru a edi\u0163iei a III-a a <b>Forumului de Inovare Social\u0103 Dun\u0103re-Marea Neagr\u0103<\/b>, ce se va desf\u0103\u015fura sub Patronajul de Onoare al Pre\u015fedin\u0163iei Uniunii Europene, cu amabilul sprijin al Ambasadei Republicii Irlanda \u015fi al Ambasadei Republicii Austria \u00een Rom\u00e2nia (IBR, 23-24 mai 2013).<\/li>\n<\/ul>\n<p>Printre invita\u0163ii de onoare \u015fi speakerii invita\u0163i se num\u0103ra:<\/p>\n<ul>\n<li>reprezentantul Consiliului de Administra\u0163ie BNR, Prof. Napoleon POP;<\/li>\n<li>Purtatorul de Cuv\u00e2nt al Guvernatorului BNR, Dl Mugur \u015eTET;<\/li>\n<li>reprezentantul Academiei Rom\u00e2ne, Prof. Alexandru T. BOGDAN, Membru Corespondent;<\/li>\n<li>Coordonatorul Na\u0163ional SUERD \u00een Romania, Ministru Plenipoten\u0163iar Br\u00e2ndu\u015fa PREDESCU;<\/li>\n<li>reprezentantul Senatului Rom\u00e2niei, Prof. Dr. Ecaterina ANDRONESCU;<\/li>\n<li>reprezentantul Camerei Deputa\u0163ilor, Deputat Aurelia CRISTEA;<\/li>\n<li>observator din partea grupului de Exper\u0163i pentru Energie al Comisiei Europene, Dna Olivia COM\u015eA;<\/li>\n<li>reprezentantul Asocia\u0163iei Profesionale a Form\u0103rii \u00een Administra\u0163ia Public\u0103 Local\u0103, \u00a0Dna Georgeta GHE\u0162E-D\u0102N\u0102U;<\/li>\n<li>reprezentantul Institutului de Economie Mondial\u0103, Prof. Petre PRISECARU.<\/li>\n<\/ul>\n<p>Participarea se face numai pe baz\u0103 de invita\u0163ie personalizat\u0103 din partea organizatorilor. <i>(info@houseofeurope.ro)<\/i>.<\/p>\n<p>Mai multe informa\u0163ii: <a title=\"Reuniunea Clubului Suporterilor Regiunii Dunarii - 7 martie 2013\" href=\"http:\/\/www.houseofeurope.ro\/Club-Dunare_martie_2013.html\" target=\"_blank\">http:\/\/www.houseofeurope.ro\/Club-Dunare_martie_2013.html<\/a><\/p>\n","protected":false},"excerpt":{"rendered":"<p>&nbsp; &nbsp; &nbsp; Pentru prima dat\u0103 \u00een istorie, prin Strategia UE consacrat\u0103 \u00eentregii macro-regiuni din zona geo-economic\u0103 a Dun\u0103rii (SUERD), se deschid oportunit\u0103\u0163i spectaculoase de relansare printr-o injec\u0163ie financiar\u0103 f\u0103r\u0103 precedent. Totodat\u0103, stilurile de via\u0163\u0103, identit\u0103\u0163ile, c\u00e2t \u015fi mentalit\u0103\u0163ile de-a lungul Dun\u0103rii, din P\u0103durea Neagr\u0103 p\u00e2n\u0103 \u00een Delta noastr\u0103, au o \u015fans\u0103 excep\u0163ional\u0103 de a<a class=\"sup-readmore\" href=\"https:\/\/www.houseofeurope.ro\/blog\/reuniunea-clubului-suporterilor-regiunii-dunarii\/\">Read More<\/a><\/p>\n","protected":false},"author":1,"featured_media":0,"comment_status":"open","ping_status":"open","sticky":false,"template":"","format":"standard","meta":{"footnotes":""},"categories":[6,1,8],"tags":[106,95],"_links":{"self":[{"href":"https:\/\/www.houseofeurope.ro\/blog\/wp-json\/wp\/v2\/posts\/391"}],"collection":[{"href":"https:\/\/www.houseofeurope.ro\/blog\/wp-json\/wp\/v2\/posts"}],"about":[{"href":"https:\/\/www.houseofeurope.ro\/blog\/wp-json\/wp\/v2\/types\/post"}],"author":[{"embeddable":true,"href":"https:\/\/www.houseofeurope.ro\/blog\/wp-json\/wp\/v2\/users\/1"}],"replies":[{"embeddable":true,"href":"https:\/\/www.houseofeurope.ro\/blog\/wp-json\/wp\/v2\/comments?post=391"}],"version-history":[{"count":5,"href":"https:\/\/www.houseofeurope.ro\/blog\/wp-json\/wp\/v2\/posts\/391\/revisions"}],"predecessor-version":[{"id":395,"href":"https:\/\/www.houseofeurope.ro\/blog\/wp-json\/wp\/v2\/posts\/391\/revisions\/395"}],"wp:attachment":[{"href":"https:\/\/www.houseofeurope.ro\/blog\/wp-json\/wp\/v2\/media?parent=391"}],"wp:term":[{"taxonomy":"category","embeddable":true,"href":"https:\/\/www.houseofeurope.ro\/blog\/wp-json\/wp\/v2\/categories?post=391"},{"taxonomy":"post_tag","embeddable":true,"href":"https:\/\/www.houseofeurope.ro\/blog\/wp-json\/wp\/v2\/tags?post=391"}],"curies":[{"name":"wp","href":"https:\/\/api.w.org\/{rel}","templated":true}]}}