{"id":398,"date":"2013-03-11T10:51:14","date_gmt":"2013-03-11T08:51:14","guid":{"rendered":"http:\/\/www.houseofeurope.ro\/blog\/?p=398"},"modified":"2013-03-11T10:52:47","modified_gmt":"2013-03-11T08:52:47","slug":"bucurestiul-poate-figura-pe-harta-marilor-destinatii-si-investitii-in-macro-regiunea-dunarii","status":"publish","type":"post","link":"https:\/\/www.houseofeurope.ro\/blog\/bucurestiul-poate-figura-pe-harta-marilor-destinatii-si-investitii-in-macro-regiunea-dunarii\/","title":{"rendered":"Bucure\u015ftiul poate figura pe harta marilor destina\u0163ii \u015fi investi\u0163ii \u00een macro-regiunea Dun\u0103rii"},"content":{"rendered":"<blockquote>\n<p style=\"text-align: center;\" align=\"center\"><b>Bucure\u015ftiul poate figura pe harta marilor destina\u0163ii \u015fi investi\u0163ii \u00een macro-regiunea Dun\u0103rii<\/b><\/p>\n<p style=\"text-align: center;\" align=\"center\"><b><i>Concluziile edi<\/i><\/b><b><i>\u0163iei a II-a a Clubului Suporterilor Regiunii Dun\u0103rii<\/i><\/b><\/p>\n<p style=\"text-align: center;\"><b><i>Institutul Bancar Rom\u00e2n, 7 martie 2013<\/i><\/b><\/p>\n<\/blockquote>\n<p>\u00cen prezen\u0163a \u015fi cu amabilul sprijin al Ambasadorului Austriei \u00een Rom\u00e2nia, E.S. Dr. Michael SCHWARZINGER \u015fi ai \u00eenal\u0163ilor reprezentan\u0163i ai Coordonatorului Na\u0163ional al Strategiei UE pentru Regiunea Dun\u0103rii (SUERD) &#8211; MAE, Academiei Rom\u00e2ne \u015fi B\u0103ncii Na\u0163ionale a Rom\u00e2niei, la sediul Institutului Bancar Rom\u00e2n a avut loc joi, 7 martie 2013, ce-a de-a doua reuniune a <b>Clubului Suporterilor Regiunii Dun\u0103rii<\/b>, organizat de Grupul de Ac\u0163iune \u201eDezvoltare Integrat\u0103: Dun\u0103re-Marea Neag\u0103\u201d, coordonat de <b>Funda\u0163ia EUROLINK &#8211; Casa Europei<\/b>.<\/p>\n<p><a href=\"http:\/\/www.houseofeurope.ro\/blog\/wp-content\/uploads\/2013\/03\/Diplome_Excelenta-e1362991777658.jpg\"><img loading=\"lazy\" decoding=\"async\" class=\"alignleft size-medium wp-image-399\" alt=\"Clubul Dunarii\" src=\"http:\/\/www.houseofeurope.ro\/blog\/wp-content\/uploads\/2013\/03\/Diplome_Excelenta-300x178.jpg\" width=\"300\" height=\"178\" \/><\/a><\/p>\n<p>&nbsp;<\/p>\n<p>&nbsp;<\/p>\n<p>&nbsp;<\/p>\n<p>&nbsp;<\/p>\n<p>&nbsp;<\/p>\n<p>&nbsp;<\/p>\n<p>Evenimentul a reunit circa 100 de invita\u0163i \u015fi participan\u0163i, reprezent\u00e2nd practic toate mediile importante din \u0163ara noastr\u0103, motivate s\u0103 se implice \u00een <b>implementarea proiectelor dun\u0103rene <\/b>a c\u0103ror preg\u0103tire \u00eenc\u0103 din acest an este vital\u0103 din punctul de vedere al Comisiei Europene: parlamentar \/ guvernamental, comunit\u0103\u0163i locale (Gala\u0163i, Giurgiu, Timi\u015foara, Ploie\u015fti), cercetare-inovare, IT&amp;C, protec\u0163ia mediului, agricultur\u0103, turism, patronate, mediul academic, artistic \u015fi sectorul ONG. Obiectivul central al reuniunii a fost constituirea unui nou vector de <b>lobby institu\u0163ional <\/b>c\u00e2t mai viabil, consistent \u015fi credibil prin care s\u0103 se realizeze o convergen\u0163\u0103 \u015fi coeren\u0163\u0103 sporite, necesare pentru o rat\u0103 de accesare mult mai mare a finan\u0163\u0103rilor destinate celor patru piloni de relansare economic\u0103 \u015fi social\u0103 pentru care sunt eligibile toate cele 41 de jude\u0163e din Rom\u00e2nia.<\/p>\n<p>\u00cen prima parte, \u00een baza unui punctaj de probleme-cheie, distribuit participan\u0163ilor, a fost dezb\u0103tut\u0103 pe larg <b>problematica reformei \u015fi dezvolt\u0103rii regionale a Rom\u00e2niei <\/b>\u00een contextul necesarei cupl\u0103ri la trendurile macro-regiunii dun\u0103rene, dar \u015fi la la regiunile economice europene deja active \u015fi de succes \u00een cadrul UE. \u00cen acest sens, au fost avansate o serie de sugestii concrete \u015fi recomand\u0103ri specifice care ar merita s\u0103 vizeze \u00eendeosebi urm\u0103toarele aspecte prin reforma organiz\u0103rii administrativ-teritoriale: formularea unei <b>legi a competen\u0163elor \/ prerogativelor regiunilor <\/b>pentru o eficient\u0103 distribu\u0163ie a puterii \u015fi r\u0103spunderilor \u00een cadrul noilor regiuni; introducerea unor <b>standarde de performan\u0163\u0103 managerial\u0103 real\u0103 \u00een administra\u0163ia public\u0103 <\/b>pentru \u00eembun\u0103t\u0103\u0163irea radical\u0103 a calit\u0103\u0163ii guvernan\u0163ei regionale \/ locale \u015fi realizarea unei cooper\u0103ri teritoriale pragmatice \u00een cadrul macro-regiunii Dun\u0103rii; \u00eembun\u0103t\u0103\u0163irea rapid\u0103 a legii privind <b>parteneriatul public-privat <\/b>pentru a se putea demara proiectele majore de investi\u0163ii cu parteneri interna\u0163ionali; concentrarea aten\u0163iei pe aspectele <b>de-birocratiz\u0103rii \u015fi descentraliz\u0103rii <\/b>\u00een vederea cre\u015fterii eficien\u0163ei administrative \u015fi mai ales a simplific\u0103rii accesului la finan\u0163are european\u0103 \/ interna\u0163ional\u0103; coagularea coerent\u0103 a unor realit\u0103\u0163i regionale care s\u0103 \u0163in\u0103 seam\u0103 \u015fi de <b>identit\u0103\u0163ile culturale istorice <\/b>din vechiul regat, \u00een special pentru a contribui la solidarit\u0103\u0163i de interese \u015fi la parteneriate economice pragmatice; preluarea dinamic\u0103 a <b>modelelor de bune practici <\/b>din restul UE, \u00eendeosebi pentru descurajarea separatismelor, inechit\u0103\u0163ilor \u015fi xenofobiei din unele zone problematice ale \u0163\u0103rii; reconfigurarea urgent\u0103 a <b>sub-comisiilor SUERD<\/b> din cadrul celor dou\u0103 camere ale Parlamentului Rom\u00e2niei, \u00een vederea propuls\u0103rii unei cooper\u0103ri mai active cu regiunile administrative de succes din cele 14 \u0163\u0103ri dun\u0103rene. Un Document de Pozi\u0163ie sintetic va fi remis, \u00een acest sens, c\u0103tre Comisia European\u0103 \u015fi Guvernul Rom\u00e2niei, precum \u015fi diseminat prin intermediul Partenerilor Media ai Clubului.<\/p>\n<p>\u00cen partea a doua, au fost supuse aten\u0163iei c\u00e2teva idei de proiecte promi\u0163\u0103toare \u015fi consor\u0163ii de parteneri rom\u00e2ni deja coagulate care vor fi prezentate spre identificarea de parteneri europeni cu ocazia edi\u0163iei a III-a a <b>Forumului Dun\u0103re-Marea Neagr\u0103<\/b>, ce se va desf\u0103\u015fura \u00een perioada <b>23-24 mai 2013<\/b>, sub \u00cenaltul Patronaj al Pre\u015fedin\u0163iei Uniunii Europene, prin sprijinul <b>Ambasadei Irlandei <\/b>\u015fi \u00een parteneriat cu <b>Ambasada Austriei <\/b>la Bucure\u015fti, \u00een contextul marc\u0103rii <b>Zilei Europene Maritime <\/b>\u00een Rom\u00e2nia. Una dintre ini\u0163iativele considerate de maxim\u0103 importan\u0163\u0103 se refer\u0103 la fondarea unui <b>Centru de Transfer de Know-How la Bucure\u015fti<\/b>, care s\u0103 beneficieze de expertiza Funda\u0163iei Steinbeis, partener al Guvernului Landului Baden-W\u00fcrttemberg (Germania) \u015fi s\u0103 contribuie astfel la punerea pe baze noi a competitivit\u0103\u0163ii produselor \u015fi serviciilor IMM-urilor inovative, a promov\u0103rii acestora \u00een cadrul Pie\u0163ei Unice UE, dar \u015fi pe ter\u0163e pie\u0163e. Au fost, totodat\u0103, prezentate recomand\u0103rile formulate \u00een raportul final privind finan\u0163area SUERD, realizat recent de Agen\u0163ia Metis pentru Comisia European\u0103, \u00eentre care realizarea unei <b>platforme autonome de matchmaking<\/b> pentru formarea consor\u0163iilor de parteneri \u015fi instruirea \/ implicarea b\u0103ncilor comerciale \u00een selectarea proiectelor viabile sunt considerate elementele-cheie ale succesului.<\/p>\n<p>Cu sprijinul unor distin\u015fi parteneri precum <b>LUSH Romania<\/b>, <b>Etiquette Magazine <\/b>\u015fi <b>Ethic Wine (Crama Basilescu)<\/b>, a fost realizat\u0103 \u00een partea final\u0103 ceremonia de decernare a <b>Diplomelor de Excelen\u0163\u0103 \u201eFemeia Dun\u0103rean\u0103 de Carier\u0103<\/b>\u201d, pentru recompensarea unor personalit\u0103\u0163i feminine care contribuie decisiv la formarea unor noi mentalit\u0103\u0163i de cooperare \u015fi de dezvoltare \u00een zona de aplicare a SUERD. Pe acest fundal a avut loc <b>sesiunea final\u0103 de networking \u015fi de lobby <\/b>care s\u0103 permit\u0103 ulterior ca vocea mediului de afaceri \u015fi a societ\u0103\u0163ii civile s\u0103 se fac\u0103 mai bine auzite la nivel politic \/ guvernamental, \u00een special \u00een perioada urm\u0103toare, c\u00e2nd sunt decise angajamentele de co-finan\u0163are a proiectelor rom\u00e2ne\u015fti, precum \u015fi structura de organizare a axelor tehnice \u00een cadrul procesului de implementare SUERD.<\/p>\n<p><b>Partenerii Media<\/b> ai evenimentului au fost: Finantare.ro, CalendarEvenimente.ro, CaleaEuropeana.ro, Comunicatii Mobile, SmartFinancial.ro, NewsChannel.ro, Tribuna Economica, Economie si Administratie Locala, Euroconsultanta-Ghidul Firmei, ClubAfaceri.ro, BrandInfo.ro, GhiseulBancar.ro, PRwave.ro, Opinia Na\u0163ional\u0103, TV H2O, ComunicateMedia.ro, ZiarulAlb.ro, Early Warning Support &#8211; &#8220;EU-RO Clearing Funds&#8221;.<b> \u00a0<\/b><\/p>\n<p>Organiza\u0163iile \u015fi companiile motivate s\u0103 ob\u0163in\u0103 informa\u0163ii suplimentare \u00een vederea ader\u0103rii la <b>Clubul Suporterilor Regiunii Dun\u0103rii<\/b>, precum \u015fi pentru participarea la programul educa\u0163ional \u015fi de informare al Catedrei Interna\u0163ionale Onorifice SUERD, pot consulta siteul <a href=\"http:\/\/www.houseofeurope.ro\/\">www.HouseofEurope.ro<\/a> sau contacta Secretariatul Consortiului Organizatoric la tel.\/fax: 021.230.49.97 sau e-mail <a href=\"mailto:info@houseofeurope.ro\">info@houseofeurope.ro<\/a> .<\/p>\n","protected":false},"excerpt":{"rendered":"<p>Bucure\u015ftiul poate figura pe harta marilor destina\u0163ii \u015fi investi\u0163ii \u00een macro-regiunea Dun\u0103rii Concluziile edi\u0163iei a II-a a Clubului Suporterilor Regiunii Dun\u0103rii Institutul Bancar Rom\u00e2n, 7 martie 2013 \u00cen prezen\u0163a \u015fi cu amabilul sprijin al Ambasadorului Austriei \u00een Rom\u00e2nia, E.S. Dr. Michael SCHWARZINGER \u015fi ai \u00eenal\u0163ilor reprezentan\u0163i ai Coordonatorului Na\u0163ional al Strategiei UE pentru Regiunea Dun\u0103rii<a class=\"sup-readmore\" href=\"https:\/\/www.houseofeurope.ro\/blog\/bucurestiul-poate-figura-pe-harta-marilor-destinatii-si-investitii-in-macro-regiunea-dunarii\/\">Read More<\/a><\/p>\n","protected":false},"author":1,"featured_media":389,"comment_status":"open","ping_status":"open","sticky":false,"template":"","format":"standard","meta":{"footnotes":""},"categories":[1,56],"tags":[119,134,88,106,95],"_links":{"self":[{"href":"https:\/\/www.houseofeurope.ro\/blog\/wp-json\/wp\/v2\/posts\/398"}],"collection":[{"href":"https:\/\/www.houseofeurope.ro\/blog\/wp-json\/wp\/v2\/posts"}],"about":[{"href":"https:\/\/www.houseofeurope.ro\/blog\/wp-json\/wp\/v2\/types\/post"}],"author":[{"embeddable":true,"href":"https:\/\/www.houseofeurope.ro\/blog\/wp-json\/wp\/v2\/users\/1"}],"replies":[{"embeddable":true,"href":"https:\/\/www.houseofeurope.ro\/blog\/wp-json\/wp\/v2\/comments?post=398"}],"version-history":[{"count":5,"href":"https:\/\/www.houseofeurope.ro\/blog\/wp-json\/wp\/v2\/posts\/398\/revisions"}],"predecessor-version":[{"id":404,"href":"https:\/\/www.houseofeurope.ro\/blog\/wp-json\/wp\/v2\/posts\/398\/revisions\/404"}],"wp:featuredmedia":[{"embeddable":true,"href":"https:\/\/www.houseofeurope.ro\/blog\/wp-json\/wp\/v2\/media\/389"}],"wp:attachment":[{"href":"https:\/\/www.houseofeurope.ro\/blog\/wp-json\/wp\/v2\/media?parent=398"}],"wp:term":[{"taxonomy":"category","embeddable":true,"href":"https:\/\/www.houseofeurope.ro\/blog\/wp-json\/wp\/v2\/categories?post=398"},{"taxonomy":"post_tag","embeddable":true,"href":"https:\/\/www.houseofeurope.ro\/blog\/wp-json\/wp\/v2\/tags?post=398"}],"curies":[{"name":"wp","href":"https:\/\/api.w.org\/{rel}","templated":true}]}}