{"id":443,"date":"2013-05-21T14:36:39","date_gmt":"2013-05-21T12:36:39","guid":{"rendered":"http:\/\/www.houseofeurope.ro\/blog\/?p=443"},"modified":"2013-05-21T14:43:12","modified_gmt":"2013-05-21T12:43:12","slug":"443","status":"publish","type":"post","link":"https:\/\/www.houseofeurope.ro\/blog\/443\/","title":{"rendered":"Repozi\u0163ionarea economic\u0103 a zonei Cri\u015furilor &#8211; o nou\u0103 \u015fans\u0103 prin SUERD"},"content":{"rendered":"<blockquote>\n<p align=\"center\"><strong><a href=\"http:\/\/www.houseofeurope.ro\/blog\/wp-content\/uploads\/2013\/05\/Promotia_Oradea.jpg\"><img loading=\"lazy\" decoding=\"async\" class=\"size-medium wp-image-446 aligncenter\" alt=\"Promotia_Oradea\" src=\"http:\/\/www.houseofeurope.ro\/blog\/wp-content\/uploads\/2013\/05\/Promotia_Oradea-300x187.jpg\" width=\"300\" height=\"187\" srcset=\"https:\/\/www.houseofeurope.ro\/blog\/wp-content\/uploads\/2013\/05\/Promotia_Oradea-300x187.jpg 300w, https:\/\/www.houseofeurope.ro\/blog\/wp-content\/uploads\/2013\/05\/Promotia_Oradea-479x300.jpg 479w, https:\/\/www.houseofeurope.ro\/blog\/wp-content\/uploads\/2013\/05\/Promotia_Oradea.jpg 500w\" sizes=\"(max-width: 300px) 100vw, 300px\" \/><\/a><\/strong><\/p>\n<p align=\"center\"><strong>Repozi\u0163ionarea economic\u0103 a zonei Cri\u015furilor<\/strong><\/p>\n<p align=\"center\"><strong> &#8211; o nou\u0103 \u015fans\u0103 prin SUERD<\/strong><\/p>\n<\/blockquote>\n<p align=\"center\"><strong><em>~ concluziile reuniunii organizate la Oradea, 18 mai 2013 ~<\/em><\/strong><\/p>\n<p>Dinamica dezvolt\u0103rii economice din <b>zona celor trei Cri\u015furi<\/b>, \u00een mare parte bazate pe atrac\u0163iile turistice, ar putea cunoa\u015fte \u00een anii ce vin o poten\u0163are f\u0103r\u0103 precedent dac\u0103 Strategia UE pentru Regiunea Dun\u0103rii &#8211; <b>SUERD<\/b> va avea \u00een\u0163elepciunea s\u0103 integreze cum se cuvine aceast\u0103 zon\u0103 carpatic\u0103, marcat\u0103 de importan\u0163i afluen\u0163i ai fluviului \u00een logica marilor proiecte ce vor fi agreeate al\u0103turi de partenerii principali din Ungaria, Slovacia, Ucraina \u015fi chiar Serbia.<\/p>\n<p>\u00cen acest sens, la sediul <b>Hotelului Continental Forum din Oradea<\/b>, au avut loc la finele s\u0103pt\u0103m\u00e2nii trecute o consultare \u015fi o sesiune practic\u0103 de formare girat\u0103 de <b>Catedra Interna\u0163ional\u0103 Onorific\u0103 \u00een sprijinul SUERD <\/b>(CIO-SUERD)<b> <\/b>\u00een parteneriat cu <b>Academia Rom\u00e2n\u0103<\/b>, <b>AGER<\/b> <b>filiala Bihor <\/b>&#8211; Asocia\u0163ia General\u0103 a Economi\u015ftilor din Rom\u00e2nia \u015fi <b>Universitatea de Vest &#8220;Vasile Goldi\u015f&#8221;<\/b>, cu amabilul sprijin al Consiliului Jude\u0163ean Bihor. La reuniune au participat practic liderii sau reprezentan\u0163ii tuturor mediilor importante din zon\u0103 &#8211; de la mediul academic \u015fi sectorul IMM p\u00e2n\u0103 la Institu\u0163ia Prefectului \u015fi BRECO &#8211; Biroul Regional pentru Cooperare Transfrontalier\u0103 din Oradea. Parlamentul a fost reprezentat, de asemenea, de reprezentantul minorit\u0103\u0163ilor ceh\u0103 \u015fi slovac\u0103, Dl Adrian Miroslav MERKA.<\/p>\n<p>Majoritatea vorbitorilor au considerat c\u0103 \u00eent\u00e2rzierea realiz\u0103rii noii diviziuni administrativ-teritoriale a Rom\u00e2niei a afectat punerea \u00een practic\u0103 a unei g\u00e2ndiri strategice consolidate \u015fi mult mai\u00a0 \u00eendr\u0103zne\u0163e pe termen mediu \u015fi lung. Totu\u015fi, atuurile capitalului natural, istoric, cultural \u015fi uman, mai ales gradul \u00eenalt de multiculturalitate \u015fi de exersare \u00een proiecte transfrontaliere \u015fi-a ar\u0103tat roadele \u015fi a creat patul germinativ pentru un <b>proiect inovativ major<\/b>, apt s\u0103 re-pozi\u0163ioneze dezvoltarea turistic\u0103 \u015fi social-economic\u0103 \u00een genere \u00eentr-un context auto-sustenabil mult mai favorabil. Un num\u0103r de peste 20 de exper\u0163i, manageri sau cadre universitare au fost certifica\u0163i cu succes ca promotori &#8211; facilitatori SUERD la finele sesiunii de training.<\/p>\n<p>Cu acela\u015fi prilej, a fost format\u0103 o ramur\u0103 a <b>Grupului de Ac\u0163iune &#8220;Dun\u0103re-Marea Neagr\u0103&#8221;<\/b>, mandatat s\u0103 sus\u0163in\u0103 cel pu\u0163in dou\u0103 proiecte \u00een parteneriat multina\u0163ional solid: unul de dezvoltare inovativ\u0103 a antreprenoriatului dun\u0103rean activ, altul de reg\u00e2ndire a dezvolt\u0103rii turistice \u00een Carpa\u0163ii Occidentali prin interconectare palpabil\u0103 cu SUERD (mai ales pe dimensiunea prevenirii riscurilor de mediu) \u015fi cu noua <i>Strategie Carpatic\u0103<\/i>, aceasta din urm\u0103 fiind urm\u0103toarea miza major\u0103 de relansare la nivel comunitar.<\/p>\n<p>\u00cen fine, ca priorit\u0103\u0163i majore pentru perioada imediat urm\u0103toare sunt considerate: identificarea \u015fi responsablizarea unei institu\u0163ii centrale cu autoritate moral\u0103 \u015fi de <i>project management<\/i> ca <b>&#8220;Integrator Unic de Proiecte&#8221; <\/b>pentru proiectele SUERD \u00een care Rom\u00e2nia este parte; refacerea sub-comitetelor SUERD la nivelul celor dou\u0103 camere parlamentare pentru \u00eencurajarea la nivel politic a form\u0103rii consor\u0163iilor \u015fi implement\u0103rii proiectelor dun\u0103rene strategice\/majore; creearea unui vector de expertiz\u0103 intedisciplinar\u0103 prin CIO-SUERD \u00een parteneriat cu universit\u0103\u0163i importante \u00een vederea gener\u0103rii de programe post-universitare \u00een studii danubiene; valorizarea cum se cuvine a rezultatelor <b>Forumului Inov\u0103rii Dun\u0103re &#8211; Marea Neagr\u0103<\/b> din 23-24 mai 2013 de la <b>Institutul Bancar Rom\u00e2n<\/b> pentru generarea de consor\u0163ii puternice\u00a0 cu ax rom\u00e2no-austriac.<\/p>\n<p><b>Partener Media Asociat: <\/b>Agentia Nationala de Presa &#8211; <b>AGERPRES<\/b>. <b>Parteneri Media Permanenti: <\/b>Finantare.ro, CalendarEvenimente.ro, CaleaEuropeana.ro, Comunicatii Mobile, SmartFinancial.ro, NewsChannel.ro, Tribuna Economica, Economie si Administratie Locala, Euroconsultanta-Ghidul Firmei, ClubAfaceri.ro, BrandInfo.ro, GhiseulBancar.ro, PRwave.ro, ComunicateMedia.ro, ZiarulAlb.ro, Early Warning Support &#8211; &#8220;EU-RO Clearing Funds&#8221;. <b>Sponsori Tehnici:<\/b> Qelly Exim Oradea, Phaeton Gala &#8211; PR &amp; Lobby Consulting, Remtours Oradea.<\/p>\n<p>Informatii detaliate despre activit\u0103\u0163ile CIO-SUERD pot fi consultate pe siteul <a href=\"http:\/\/www.houseofeurope.ro\/\">www.HouseofEurope.ro<\/a> sau solicitate la adresa de e-mail: <a href=\"mailto:info@houseofeurope.ro\">info@houseofeurope.ro<\/a> sau tel.\/fax: 021.230.49.97.<\/p>\n","protected":false},"excerpt":{"rendered":"<p>Repozi\u0163ionarea economic\u0103 a zonei Cri\u015furilor &#8211; o nou\u0103 \u015fans\u0103 prin SUERD ~ concluziile reuniunii organizate la Oradea, 18 mai 2013 ~ Dinamica dezvolt\u0103rii economice din zona celor trei Cri\u015furi, \u00een mare parte bazate pe atrac\u0163iile turistice, ar putea cunoa\u015fte \u00een anii ce vin o poten\u0163are f\u0103r\u0103 precedent dac\u0103 Strategia UE pentru Regiunea Dun\u0103rii &#8211; SUERD<a class=\"sup-readmore\" href=\"https:\/\/www.houseofeurope.ro\/blog\/443\/\">Read More<\/a><\/p>\n","protected":false},"author":1,"featured_media":0,"comment_status":"open","ping_status":"open","sticky":false,"template":"","format":"standard","meta":{"footnotes":""},"categories":[1],"tags":[119,141,106,95],"_links":{"self":[{"href":"https:\/\/www.houseofeurope.ro\/blog\/wp-json\/wp\/v2\/posts\/443"}],"collection":[{"href":"https:\/\/www.houseofeurope.ro\/blog\/wp-json\/wp\/v2\/posts"}],"about":[{"href":"https:\/\/www.houseofeurope.ro\/blog\/wp-json\/wp\/v2\/types\/post"}],"author":[{"embeddable":true,"href":"https:\/\/www.houseofeurope.ro\/blog\/wp-json\/wp\/v2\/users\/1"}],"replies":[{"embeddable":true,"href":"https:\/\/www.houseofeurope.ro\/blog\/wp-json\/wp\/v2\/comments?post=443"}],"version-history":[{"count":8,"href":"https:\/\/www.houseofeurope.ro\/blog\/wp-json\/wp\/v2\/posts\/443\/revisions"}],"predecessor-version":[{"id":452,"href":"https:\/\/www.houseofeurope.ro\/blog\/wp-json\/wp\/v2\/posts\/443\/revisions\/452"}],"wp:attachment":[{"href":"https:\/\/www.houseofeurope.ro\/blog\/wp-json\/wp\/v2\/media?parent=443"}],"wp:term":[{"taxonomy":"category","embeddable":true,"href":"https:\/\/www.houseofeurope.ro\/blog\/wp-json\/wp\/v2\/categories?post=443"},{"taxonomy":"post_tag","embeddable":true,"href":"https:\/\/www.houseofeurope.ro\/blog\/wp-json\/wp\/v2\/tags?post=443"}],"curies":[{"name":"wp","href":"https:\/\/api.w.org\/{rel}","templated":true}]}}