{"id":488,"date":"2013-11-04T10:13:51","date_gmt":"2013-11-04T08:13:51","guid":{"rendered":"http:\/\/www.houseofeurope.ro\/blog\/?p=488"},"modified":"2013-11-04T10:13:51","modified_gmt":"2013-11-04T08:13:51","slug":"banii-pentru-proiecte-dunarene-exista-mai-mult-commitment-politic-si-spirit-co-solidar-dunarean-n-ar-prisosi","status":"publish","type":"post","link":"https:\/\/www.houseofeurope.ro\/blog\/banii-pentru-proiecte-dunarene-exista-mai-mult-commitment-politic-si-spirit-co-solidar-dunarean-n-ar-prisosi\/","title":{"rendered":"Banii pentru proiecte dun\u0103rene exist\u0103 \u2013  mai mult \u201ccommitment\u201d politic \u015fi spirit co-solidar dun\u0103rean n-ar prisosi"},"content":{"rendered":"<blockquote>\n<p align=\"center\"><b>Marginalii la \u00eenchiderea lucr\u0103rilor <\/b><\/p>\n<\/blockquote>\n<p align=\"center\"><b>Forumului Anual SUERD \u015fi a<\/b> <b>Dialogului Financiar Dun\u0103rean de la Bucure\u015fti<\/b><b><\/b><\/p>\n<p>Cele dou\u0103 mari reuniuni legate de aplicarea <b>Strategiei UE pentru Regiunea Dun\u0103rii <\/b>(SUERD) pe care le-a g\u0103zduit recent Capitala Rom\u00e2niei &#8211; <b>Forumul Anual al Strategiei UE pentru Regiunea Dun\u0103rii <\/b>\u015fi <b>Dialogul Financiar Dun\u0103rean <\/b>&#8211; precum \u015fi celelalte evenimente paralele organizate \u00een contextul S\u0103pt\u0103m\u00e2nii Dun\u0103rene, confer\u0103 posibilitatea extragerii unor prime concluzii, pe care le sintetiz\u0103m aici, \u00een special din unghiul interesului societ\u0103\u0163ii civile \u015fi a mediului academic:<\/p>\n<ul>\n<li>Uniunea European\u0103 pune la dispozi\u0163ie pentru perioada 2014-2020 suficiente resurse financiare pentru <b>activarea proiectelor flag-ship \u015fi proiectelor majore SUERD<\/b>, \u00eens\u0103 to\u0163i vorbitorii importan\u0163i prezen\u0163i la eveniment au reliefat schimbarea stilului de finan\u0163are al proiectelor, c\u00e2t \u015fi nevoia cre\u015fterii nivelului de coordonare unitar\u0103 \u015fi de prioritizare al acestor proiecte cu veritabil impact macro-regional;<\/li>\n<li>o importan\u0163\u0103 deosebit\u0103 o va avea capacitatea ini\u0163ial\u0103 de bancabilitate a marilor proiecte multi-na\u0163ionale, \u00een special a celor realizate \u00een sistem public-privat, ceea ce poate fi realizat ca deziderat doar prin <b>armonizarea criteriilor de pre-selec\u0163ie \u015fi evaluare <\/b>a propunerilor \u00een mod co-solidar de c\u0103tre cele trei tipuri de protagoni\u015fti SUERD: autorit\u0103\u0163i de gestiune \u015fi organisme decidente SUERD; institu\u0163ii financiar-bancare; de\u0163in\u0103tori de interese \u015fi beneficiari ai finan\u0163\u0103rilor. Totodat\u0103, <b>bancabilizarea <\/b>presupune \u015fi o mult mai atent\u0103 preg\u0103tire a studiilor de fezabilitate, conform ghidurilor formulate de Banca Mondial\u0103 \u015fi de Comisia European\u0103, pentru a pre\u00eent\u00e2mpina disfunc\u0163ionalit\u0103\u0163i \u015fi lips\u0103 de viziune coerent\u0103 \u00een vederea impactului strategic scontat;<\/li>\n<li>pe l\u00e2ng\u0103 destinarea de c\u0103tre UE a unor fonduri speciale pentru proiecte prin \u201eAxa Dun\u0103rii\u201d, realizarea unui <b>mix de finan\u0163\u0103ri<\/b>, precum \u015fi atragerea resurselor din partea B\u0103ncii Europene de Investi\u0163ii, ca \u015fi a unor <b>fonduri de investi\u0163ii <\/b>puternice din ter\u0163e \u0163\u0103ri, dob\u00e2ndesc o semnifica\u0163ie aparte, mai ales \u00een lumina recomand\u0103rilor formulate de comisiile interministeriale, reunite cu prilejul Forumului;<\/li>\n<li>cre\u015fterea gradului de <b>transparen\u0163\u0103 <\/b>\u015fi de <b>vizibilitate <\/b>a ini\u0163iativelor \u015fi proiectelor la nivel macro-regional va reprezenta una dintre condi\u0163iile obligatorii pentru ob\u0163inerea efectului transversal \u015fi a transferului real de bune practici, ca \u015fi a speratei <b>complementarit\u0103\u0163i <\/b>\u00eentre proiectele ini\u0163iate \u00eentr-una sau alta din sub-regiunile dun\u0103rene;<\/li>\n<li>\u00een etapa imediat urm\u0103toare, va fi necesar \u015fi un <b>efort sporit de compatibilizare <\/b>\u00eentre inten\u0163iile \u015fi interesele deciden\u0163ilor politici \u015fi cele ale comunit\u0103\u0163ilor locale, ceea ce presupune un <b>dublu efort<\/b> de ambele p\u0103r\u0163i: de \u00eembun\u0103t\u0103\u0163ire \u015fi standardizare a suportului legislativ pentru favorizarea proiectelor multi-na\u0163ionale, dincolo de frontierele de stat \u015fi de barierele de mentalitate; de implicare a comunit\u0103\u0163ilor locale \u00een auto-evaluiarea nevoilor \u015fi deschiderea unor consult\u0103ri structurate cu Coordonatorii Ariilor Prioritare pentru realizarea unei reale integrativit\u0103\u0163i a proiectelor, c\u00e2t \u015fi pentru transpunerea \u00een practic\u0103 a principiului democratic de implementare SUERD \u201ede jos \u00een sus\u201d;<\/li>\n<li>\u00a0f\u0103r\u0103 a fi nevoie de \u00eenfiin\u0163area de noi institu\u0163ii care s\u0103 birocratizeze suplimentar cadrul de implementare SUERD, r\u0103m\u00e2ne important\u0103 activarea unor structuri na\u0163ionale pentru <b>stimularea competitivit\u0103\u0163ii <\/b>\u00een plan mai larg, la care s\u0103 adere toate comunit\u0103\u0163ile interesate, c\u00e2t \u015fi flexibilizarea unui dialog \u015fi <b>lobby inter-institu\u0163ional <\/b>adecvat, \u00een scopul concert\u0103rii ac\u0163iunilor sub-regionale, na\u0163ionale cu cele pan-europene. Aceasta este \u015fi ra\u0163iunea pentru care a \u015fi fost creat\u0103 <b>Platforma Comunit\u0103\u0163ilor Locale Riverane Dun\u0103rii <\/b>(CLDR), care va facilita leg\u0103turi c\u00e2t mai str\u00e2nse cu principalii coordonatori la nivel european ai SUERD, c\u00e2t \u015fi cu autorit\u0103\u0163ile centrale relevante din Rom\u00e2nia;<\/li>\n<li>sprijinul politic \u015fi institu\u0163ional la nivel central vor fi cruciale pentru ca Rom\u00e2nia s\u0103 ocupe unul din locurile meritate ca propor\u0163ie a finan\u0163\u0103rilor \u015fi interven\u0163iilor tematice de care s\u0103 se bucure, dar aceasta va fi posibil doar prin <b>reunirea la nivel na\u0163ional a expertizei dun\u0103rene<\/b>, domeniu de care se ocup\u0103 \u00een mod prioritar <b>Catedra Interna\u0163ional\u0103 Onorific\u0103 \u201eJEAN BART\u201d \u00een sprijinul Strategiei UE pentru Regiunea Dun\u0103rii<\/b> (CIO-SUERD), precum \u015fi \u00eenfiin\u0163area\/ activarea <b>birourilor de informare \u015fi reprezentare la nivel local<\/b>, recomandat\u0103 deja oficial de Ministrul Dezvolt\u0103rii Regionale al Guvernului Rom\u00e2niei cu ocazia fond\u0103rii Forumului Antreprenorial Dun\u0103rean (Giurgiu, 11 octombrie 2013);<\/li>\n<\/ul>\n<p>\u00cen mod evident, acestea sunt doar c\u00e2teva din concluziile \u015fi recomand\u0103rile for\u0163\u0103 desprinse cu ocazia desf\u0103\u015fur\u0103rii celor dou\u0103 reuniuni de la Bucure\u015fti, acestea put\u00e2nd fi completate \u015fi \u00eembun\u0103t\u0103\u0163ite ulterior, cu ocazia procesului \u00een curs. \u00cen mod esen\u0163ial, merit\u0103 s\u0103 re\u0163inem c\u0103 <b>\u00eenceputul unei<\/b> <b>reconstruc\u0163ii \u015fi relans\u0103ri sociale \u015fi economice a macro-regiunii <\/b>&#8211; av\u00e2nd ca scop final schimbarea percep\u0163iilor, atitudinilor, identit\u0103\u0163ilor \u015fi mentalit\u0103\u0163ilor dun\u0103rene \u00een spirit pro-european &#8211; va prinde via\u0163\u0103 doar \u00een m\u0103sura unei implic\u0103ri co-solidare a tuturor actorilor principali, c\u00e2t \u015fi a racord\u0103rii \u00eentregului <b>proces transformativ<\/b> la curentul schimb\u0103rilor economice \u015fi democratice globale.<\/p>\n<p>Sever AVRAM<\/p>\n<p>Coordonator General &#8211; Catedra Interna\u0163ional\u0103 Onorific\u0103 \u201eJEAN BART\u201d<\/p>\n<p>\u00een sprijinul Strategiei UE pentru Regiunea Dun\u0103rii (CIO-SUERD)<\/p>\n","protected":false},"excerpt":{"rendered":"<p>Marginalii la \u00eenchiderea lucr\u0103rilor Forumului Anual SUERD \u015fi a Dialogului Financiar Dun\u0103rean de la Bucure\u015fti Cele dou\u0103 mari reuniuni legate de aplicarea Strategiei UE pentru Regiunea Dun\u0103rii (SUERD) pe care le-a g\u0103zduit recent Capitala Rom\u00e2niei &#8211; Forumul Anual al Strategiei UE pentru Regiunea Dun\u0103rii \u015fi Dialogul Financiar Dun\u0103rean &#8211; precum \u015fi celelalte evenimente paralele organizate<a class=\"sup-readmore\" href=\"https:\/\/www.houseofeurope.ro\/blog\/banii-pentru-proiecte-dunarene-exista-mai-mult-commitment-politic-si-spirit-co-solidar-dunarean-n-ar-prisosi\/\">Read More<\/a><\/p>\n","protected":false},"author":1,"featured_media":0,"comment_status":"open","ping_status":"open","sticky":false,"template":"","format":"standard","meta":{"footnotes":""},"categories":[6,1,54,56,24,50,26],"tags":[155,154,106,95],"_links":{"self":[{"href":"https:\/\/www.houseofeurope.ro\/blog\/wp-json\/wp\/v2\/posts\/488"}],"collection":[{"href":"https:\/\/www.houseofeurope.ro\/blog\/wp-json\/wp\/v2\/posts"}],"about":[{"href":"https:\/\/www.houseofeurope.ro\/blog\/wp-json\/wp\/v2\/types\/post"}],"author":[{"embeddable":true,"href":"https:\/\/www.houseofeurope.ro\/blog\/wp-json\/wp\/v2\/users\/1"}],"replies":[{"embeddable":true,"href":"https:\/\/www.houseofeurope.ro\/blog\/wp-json\/wp\/v2\/comments?post=488"}],"version-history":[{"count":2,"href":"https:\/\/www.houseofeurope.ro\/blog\/wp-json\/wp\/v2\/posts\/488\/revisions"}],"predecessor-version":[{"id":490,"href":"https:\/\/www.houseofeurope.ro\/blog\/wp-json\/wp\/v2\/posts\/488\/revisions\/490"}],"wp:attachment":[{"href":"https:\/\/www.houseofeurope.ro\/blog\/wp-json\/wp\/v2\/media?parent=488"}],"wp:term":[{"taxonomy":"category","embeddable":true,"href":"https:\/\/www.houseofeurope.ro\/blog\/wp-json\/wp\/v2\/categories?post=488"},{"taxonomy":"post_tag","embeddable":true,"href":"https:\/\/www.houseofeurope.ro\/blog\/wp-json\/wp\/v2\/tags?post=488"}],"curies":[{"name":"wp","href":"https:\/\/api.w.org\/{rel}","templated":true}]}}