{"id":510,"date":"2013-11-29T12:50:24","date_gmt":"2013-11-29T10:50:24","guid":{"rendered":"http:\/\/www.houseofeurope.ro\/blog\/?p=510"},"modified":"2013-12-04T12:57:29","modified_gmt":"2013-12-04T10:57:29","slug":"businessul-bancar-trebuie-sa-se-reinventeze-in-context-dunarean","status":"publish","type":"post","link":"https:\/\/www.houseofeurope.ro\/blog\/businessul-bancar-trebuie-sa-se-reinventeze-in-context-dunarean\/","title":{"rendered":"Businessul bancar trebuie s\u0103 se reinventeze \u00een context dun\u0103rean"},"content":{"rendered":"<blockquote><p><a href=\"http:\/\/www.houseofeurope.ro\/blog\/wp-content\/uploads\/2013\/11\/Ziua_Concurentei_2013.jpg\"><img loading=\"lazy\" decoding=\"async\" class=\"size-medium wp-image-511 aligncenter\" alt=\"Ziua Concuren\u0163ei 2013\" src=\"http:\/\/www.houseofeurope.ro\/blog\/wp-content\/uploads\/2013\/11\/Ziua_Concurentei_2013-300x219.jpg\" width=\"300\" height=\"219\" srcset=\"https:\/\/www.houseofeurope.ro\/blog\/wp-content\/uploads\/2013\/11\/Ziua_Concurentei_2013-300x219.jpg 300w, https:\/\/www.houseofeurope.ro\/blog\/wp-content\/uploads\/2013\/11\/Ziua_Concurentei_2013-409x300.jpg 409w, https:\/\/www.houseofeurope.ro\/blog\/wp-content\/uploads\/2013\/11\/Ziua_Concurentei_2013.jpg 554w\" sizes=\"(max-width: 300px) 100vw, 300px\" \/><\/a><\/p>\n<p align=\"center\"><b>Propuneri \u015fi recomand\u0103ri cu ocazia<\/b> <b>Zilei Europene a Concuren\u0163ei <\/b><b>\u015fi Competitivit\u0103\u0163ii \u00a0<\/b><\/p>\n<\/blockquote>\n<p align=\"center\"><b>~ Bucure\u015fti, 28 noiembrie 2013 ~<\/b><\/p>\n<p>\u00cen contextul marc\u0103rii anuale a <b>Zilei Europene a Concuren\u0163ei <\/b><b>\u015fi Competitivit\u0103\u0163ii \u00een Rom\u00e2nia <\/b>(ed. a IX-a), sub egida <b>Platformei CEFTAC<\/b> (<i>Platforma Central European\u0103 pentru o Concuren\u0163\u0103 Loial\u0103 \u015fi Transparent\u0103<\/i>) \u015fi a <b>Catedrei Interna\u0163ionale Onorifice \u201eJean Bart\u201d \u00een sprijinul Strategiei UE pentru Regiunea Dun\u0103rii<\/b> (CIO-SUERD), sub coordonarea <b>Funda\u0163iei EUROLINK-Casa Europei <\/b>a avut loc \u00een data de joi, <b>28 noiembrie 2013<\/b>, la sediul <b>Universit\u0103\u0163ii Europei de Sud-Est \u201eLumina\u201d<\/b>,<b> <\/b>o consultare a principalilor de\u0163in\u0103tori de interese \u015fi promotori \u00een Rom\u00e2nia ai <b>Strategiei UE pentru Regiunea Dun\u0103rii <\/b>(SUERD), cu privire la bancabilitatea proiectelor de investi\u0163ii cu impact dun\u0103rean \u015fi, implicit, \u00eembun\u0103t\u0103\u0163irea absorb\u0163iei Fondurilor Europene \u00een perspectiva noului exerci\u0163iu financiar UE 2014-2020.<\/p>\n<p>\u00centre reprezentan\u0163ii mediului de consultan\u0163\u0103, financiar-bancar, academic \u015fi de afaceri a avut loc un intens brainstorming, menit s\u0103 produc\u0103 o <b>schimbare de percep\u0163ii, atitudini \u015fi de mentalitate<\/b>, at\u00e2t din partea organismelor de gestiune, c\u00e2t \u015fi a finan\u0163atorilor \u015fi beneficiarilor poten\u0163iali, prin armonizarea criteriilor de pre-selectare a proiectelor \u015fi \u00eembun\u0103t\u0103\u0163irea radical\u0103 a studiilor de fezabilitate, apte s\u0103 conduc\u0103 la investi\u0163ii viabile \u015fi pe termen lung \u00een vederea relans\u0103rii social-economice a Rom\u00e2niei \u00een context macro-regional.<\/p>\n<p>Majoritatea vorbitorilor au relevat necesitatea cre\u015fterii gradului de transparen\u0163\u0103 \u015fi de interactivitate cu privire la atragerea fondurilor pentru proiecte majore dun\u0103rene, \u00een special prin c\u00e2teva m\u0103suri-cheie, precum: desemnarea unei institu\u0163ii &#8211; <b>integrator unic de proiecte <\/b>la nivel na\u0163ional; adoptarea de c\u0103tre Banca Na\u0163ional\u0103 a cadrului interna\u0163ional de management al riscului denumit <b>\u201eEquator principles\u201d<\/b> pentru evitarea consecin\u0163elor sociale \u015fi de mediu nedorite; stabilirea unei <b>Scheme Na\u0163ionale de Garantare a Creditelor <\/b>oferite ca pre\/co-finan\u0163are de c\u0103tre b\u0103ncile comerciale pentru proiectele majore multina\u0163ionale \u015fi transformarea EximBank \u00eentr-o institu\u0163ie pro-activ\u0103 pentru implementarea inov\u0103rii \u00een mediul de afaceri rom\u00e2nesc; utilizarea real\u0103 a <b>instrumentelor de lobby inter-institu\u0163ional<\/b>, dup\u0103 model german \u015fi austriac pentru realizarea unui transfer eficient de bune practici dinspre amonte \u00eenspre avalul Dun\u0103rii; identificarea unor mecanisme de sprijin financiar la nivel na\u0163ional pentru agregarea consor\u0163iilor, preg\u0103tirea proiectelor \u015fi auto-evaluarea nevoilor \u00een sistem <i>\u201ebottom-up\u201d<\/i> de c\u0103tre comunit\u0103\u0163ile locale \u015fi universit\u0103\u0163ile rom\u00e2ne\u015fti.<\/p>\n<p>Toate aceste propuneri \u015fi recomand\u0103ri au fost colectate \u00een vederea transmiterii unui mesaj c\u00e2t mai dens \u015fi nuan\u0163at de c\u0103tre reprezentan\u0163ii <b>Platformei Comunit\u0103\u0163ilor Locale Riverane Dun\u0103rii <\/b>(CLDR) la Viena, cu ocazia fond\u0103rii <b>Platformei Urmabe Dun\u0103rene<\/b>, \u00een perioada 9-10 decembrie 2013. De asemenea, men\u0163ion\u0103m c\u0103 o sintez\u0103 a acestui mesaj va fi remis\u0103 \u00een aten\u0163ia DG Regio &#8211; Comisia European\u0103, Coordonatorul pentru Cooperare SUERD &#8211; Municipalitatea Viena \u015fi Cabinetul Primului Ministru.<\/p>\n<p>\u00cen cursul serii, \u00een <b>Aula \u201eCostin Murgescu\u201d <\/b>a <b>Institutului Bancar Rom\u00e2n<\/b>, a avut loc partea festiv\u0103 a evenimentului, anume desf\u0103\u015furarea Ceremoniei de Gala a decern\u0103rii Distinc\u0163iei <b>\u201ePersonalitatea Anului pentru o Rom\u00e2nie European\u0103\u201d<\/b>, a Trofeului <b>\u201eCampion Rom\u00e2n \u00een Afaceri\u201d<\/b> \u015fi a <b>Diplomelor de Excelen\u0163\u0103 \u00een Jurnalism European<\/b>. Evenimentul a fost onorat de participarea unor personalit\u0103\u0163i marcante precum: Coordonatorul pentru Cooperare SUERD, <b>Dr. Kurt PUCHINGER<\/b>; Pre\u015fedintele Consiliului Na\u0163ional al Rectorilor, <b>Prof. Univ. Dr. Ing. Sorin C\u00ceMPEANU<\/b>; Directorul Centrului de Biodiversitate &#8220;Acad. David Davidescu&#8221; al Academiei Rom\u00e2ne, <b>Prof. Univ. Dr. Alexandru T. BOGDAN<\/b>, Membru Corespondent al Academiei Rom\u00e2ne; Primarul Sectorului 2, <b>Dl Neculai ON\u0162ANU<\/b>; Ata\u015fatul Comercial al Ambasadei Austriei, <b>Dl Heinz THENMEYER<\/b>, Pre\u015fedintele Agen\u0163iei Na\u0163ionale pentru Romi, <b>Dl Daniel VASILE<\/b>; Pre\u015fedintele Universit\u0103\u0163ii Europei de Sud-Est \u201cLumina\u201d<b> Prof. Dr. Huseyin PADEM<\/b>; Directorul General al Agen\u0163iei Na\u0163ionale de Pres\u0103 AGERPRES, <b>Dl Alexandru Ion GIBOI<\/b>; Directoarea Executiva BCR, <b>Dna Ioana Anca GHEORGHIADE<\/b>; Comentatorul HotNews.ro, <b>Dl Dan POPA<\/b>; reprezentanta Fondului de Garantare a Creditului Rural, <b>Dna Dana AMANCEI<\/b> \u015fi <b>Dl Mircea ASANACHE <\/b>din partea B\u0103ncii Na\u0163ionale. Cu acela\u015fi prilej, au fost desemna\u0163i \u00een calitate de <b>\u201eAmbasadori Speciali ai Regiunii Dun\u0103rii\u201d<\/b> urm\u0103toarele personalit\u0103\u0163i: <b>Conf. Univ. Dr. Aurelian A. BONDREA <\/b>&#8211;<b> <\/b>Rectorul Universit\u0103\u0163ii Spiru Haret; <b>Dl Mircea GU\u0162\u0102<\/b> &#8211; Primarul Municipiului Calafat; <b>Dl Dan MOC\u0102NESCU <\/b>&#8211; Regizor \u015fi scenarist; <b>Dl George SUCIU <\/b>&#8211; Vicepre\u015fedintele Camerei de Comer\u0163 \u015fi Industrie Rom\u00e2no-German\u0103; <b>Wienfried SENKER <\/b>&#8211; Pre\u015fedinte East West Management; <b>Denis RADU <\/b>&#8211; Specialist PR. Pentru o list\u0103 complet\u0103 a laurea\u0163ilor \u015fi a organiza\u0163iilor premiate, cei interesa\u0163i pot consulta siteul Casei Europei: <a href=\"http:\/\/www.houseofeurope.ro\/\">www.HouseofEurope.ro<\/a><\/p>\n<p>Prin transmisiuni, interviuri \u015fi reportaje, evenimentul a fost reflectat de Money Channel TV, Na\u015ful TV, TV H, Radio Rom\u00e2nia Cultural. Partenerii Media Asocia\u0163i ai evenimentului au fost: Agen\u0163ia Na\u0163ional\u0103 de Pres\u0103 AGERPRES, TVH, ZiarulAlb.ro. Parteneri Media: Finantare.ro, CalendarEvenimente.ro, CaleaEuropeana.ro, Comunica\u0163ii Mobile, Opinia Na\u0163ional\u0103, SmartFinancial.ro, NewsChannel.ro, Tribuna Economic\u0103, ComunicateMedia.ro, Economie \u015fi Administra\u0163ie Local\u0103, Euroconsultan\u0163\u0103-Ghidul Firmei, ClubAfaceri.ro, BrandInfo.ro, GhiseulBancar.ro, PRwave.ro, &#8220;EU-RO Clearing Funds&#8221;. Sponsori Tehnici: CESIRO SA; Ethic Wine; Uni-Market; Phaeton Gala.<\/p>\n<p>Pentru conformitate,<\/p>\n<p>Secretariatul Consortiului Organizatoric<\/p>\n<p>c\/o EUROLINK-Casa Europei<\/p>\n<p>Bucuresti, 29 noiembrie 2013<\/p>\n","protected":false},"excerpt":{"rendered":"<p>Propuneri \u015fi recomand\u0103ri cu ocazia Zilei Europene a Concuren\u0163ei \u015fi Competitivit\u0103\u0163ii \u00a0 ~ Bucure\u015fti, 28 noiembrie 2013 ~ \u00cen contextul marc\u0103rii anuale a Zilei Europene a Concuren\u0163ei \u015fi Competitivit\u0103\u0163ii \u00een Rom\u00e2nia (ed. a IX-a), sub egida Platformei CEFTAC (Platforma Central European\u0103 pentru o Concuren\u0163\u0103 Loial\u0103 \u015fi Transparent\u0103) \u015fi a Catedrei Interna\u0163ionale Onorifice \u201eJean Bart\u201d \u00een<a class=\"sup-readmore\" href=\"https:\/\/www.houseofeurope.ro\/blog\/businessul-bancar-trebuie-sa-se-reinventeze-in-context-dunarean\/\">Read More<\/a><\/p>\n","protected":false},"author":1,"featured_media":0,"comment_status":"open","ping_status":"open","sticky":false,"template":"","format":"standard","meta":{"footnotes":""},"categories":[1,8,56],"tags":[119,106,95,159],"_links":{"self":[{"href":"https:\/\/www.houseofeurope.ro\/blog\/wp-json\/wp\/v2\/posts\/510"}],"collection":[{"href":"https:\/\/www.houseofeurope.ro\/blog\/wp-json\/wp\/v2\/posts"}],"about":[{"href":"https:\/\/www.houseofeurope.ro\/blog\/wp-json\/wp\/v2\/types\/post"}],"author":[{"embeddable":true,"href":"https:\/\/www.houseofeurope.ro\/blog\/wp-json\/wp\/v2\/users\/1"}],"replies":[{"embeddable":true,"href":"https:\/\/www.houseofeurope.ro\/blog\/wp-json\/wp\/v2\/comments?post=510"}],"version-history":[{"count":6,"href":"https:\/\/www.houseofeurope.ro\/blog\/wp-json\/wp\/v2\/posts\/510\/revisions"}],"predecessor-version":[{"id":513,"href":"https:\/\/www.houseofeurope.ro\/blog\/wp-json\/wp\/v2\/posts\/510\/revisions\/513"}],"wp:attachment":[{"href":"https:\/\/www.houseofeurope.ro\/blog\/wp-json\/wp\/v2\/media?parent=510"}],"wp:term":[{"taxonomy":"category","embeddable":true,"href":"https:\/\/www.houseofeurope.ro\/blog\/wp-json\/wp\/v2\/categories?post=510"},{"taxonomy":"post_tag","embeddable":true,"href":"https:\/\/www.houseofeurope.ro\/blog\/wp-json\/wp\/v2\/tags?post=510"}],"curies":[{"name":"wp","href":"https:\/\/api.w.org\/{rel}","templated":true}]}}