{"id":537,"date":"2014-01-27T12:30:38","date_gmt":"2014-01-27T10:30:38","guid":{"rendered":"http:\/\/www.houseofeurope.ro\/blog\/?p=537"},"modified":"2014-01-27T12:30:38","modified_gmt":"2014-01-27T10:30:38","slug":"formarea-ca-expert-in-proiecte-si-afaceri-dunarene-racordare-la-expertiza-europeana-pentru-nou-viitor-al-macro-regiunii-dunarii","status":"publish","type":"post","link":"https:\/\/www.houseofeurope.ro\/blog\/formarea-ca-expert-in-proiecte-si-afaceri-dunarene-racordare-la-expertiza-europeana-pentru-nou-viitor-al-macro-regiunii-dunarii\/","title":{"rendered":"Formarea ca Expert \u00een Proiecte \u015fi Afaceri Dun\u0103rene &#8211;  racordare la expertiza european\u0103 pentru un nou viitor al Macro-regiunii Dun\u0103rii"},"content":{"rendered":"<p><a href=\"http:\/\/www.houseofeurope.ro\/blog\/wp-content\/uploads\/2014\/01\/Ulm_Germania.jpg\"><img loading=\"lazy\" decoding=\"async\" class=\"wp-image-538 aligncenter\" alt=\"Ulm - Germania\" src=\"http:\/\/www.houseofeurope.ro\/blog\/wp-content\/uploads\/2014\/01\/Ulm_Germania-300x233.jpg\" width=\"300\" height=\"233\" srcset=\"https:\/\/www.houseofeurope.ro\/blog\/wp-content\/uploads\/2014\/01\/Ulm_Germania-300x233.jpg 300w, https:\/\/www.houseofeurope.ro\/blog\/wp-content\/uploads\/2014\/01\/Ulm_Germania-385x300.jpg 385w, https:\/\/www.houseofeurope.ro\/blog\/wp-content\/uploads\/2014\/01\/Ulm_Germania.jpg 800w\" sizes=\"(max-width: 300px) 100vw, 300px\" \/><\/a>Filiera de formare \u00een studii \u015fi afaceri dun\u0103rene exist\u0103 demult \u00een aproape toate \u0163\u0103rile aflate pe cursul fluviului, de la Viena la Budapesta \u015fi p\u00e2n\u0103 la Belgrad. Recent, sub egida European Danube Academy, aflat\u0103 \u00een Ulm, ora\u015ful care g\u0103zduie\u015fte \u015fi Consiliul Ora\u015felor \u015fi Regiunilor Dun\u0103rene (CODCR) a fost c\u00e2\u015ftigat un proiect preg\u0103titor pentru a se genera un program integrat de Master \u00een Studii Dun\u0103rene la scara tuturor celor 14 State Membre SUERD (<strong>Strategia UE pentru Regiunea Dun\u0103rii<\/strong>) Obiectivul central const\u0103 \u00een abilitarea absolven\u0163ilor cu un nivel \u00eenalt de expertiz\u0103 pentru a putea s\u0103 redacteaze cereri de finan\u0163are, precum \u015fi s\u0103 conduc\u0103 proiecte UE \u015fi s\u0103 scrie rapoarte de \u00eenalt nivel calitativ.<\/p>\n<p>Prin contactele \u015fi parteneriatele na\u0163ionale \u015fi interna\u0163ionale deja create, <strong>Catedra Interna\u0163ional\u0103 Onorific\u0103 \u201eJean Bart\u201d \u00een sprijinul Strategiei UE pentru Regiunea Dun\u0103rii <\/strong>(CIO-SUERD), fondat\u0103 \u00een septembrie 2011, cu sprijinul <strong>Ministerului Educa\u0163iei \u015fi Cercet\u0103rii<\/strong> \u015fi \u00een parteneriat cu <strong>Academia Rom\u00e2n\u0103<\/strong>, a demarat \u00een toat\u0103 \u0163ar\u0103 o suit\u0103 de <strong>sesiuni de informare \u015fi formare practic\u0103<\/strong> \u00een numeroase centre universitare, precum \u015fi un <a title=\"Curs online postuniversitar Experti SUERD\" href=\"http:\/\/www.houseofeurope.ro\/SUERD\/CIO-SUERD.html\" target=\"_blank\"><strong>program on-line de tip post-universitar<\/strong><\/a>, \u00een special \u00een inten\u0163ia de a racorda expertiza intern\u0103 \u00een raport cu re\u0163elele \u015fi consor\u0163iile parteneriale pan-europene \u015fi a agrega proiecte majore cu participare multi-na\u0163ional\u0103.<\/p>\n<p>\u00cen acest spirit, relu\u0103m, odat\u0103 cu \u00eenceputul noului exerci\u0163iu financiar 2014-2020, seria de sesiuni special adresate celor ce doresc s\u0103 lucreze pe viitor \u00een calitate de<strong> Exper\u0163i Dun\u0103reni \u00een multiple domenii inter-disciplinare <\/strong>aferente celor <strong>11 arii prioritare SUERD<\/strong> \u015fi \u00een special \u00een proiectele la care particip\u0103 comunit\u0103\u0163ile locale \u015fi universit\u0103\u0163ile rom\u00e2ne\u015fti, din domenii precum: turism \u015fi cultur\u0103; protec\u0163ia mediului \u015fi combaterea riscurilor; navigabilitate-infrastructur\u0103; consolidare institu\u0163ional\u0103 \u015fi cooperare dun\u0103rean\u0103; IT&amp;C \u015fi societatea cunoa\u015fterii etc.<\/p>\n<p>\u00cen acest sens, reamintim c\u0103 urm\u0103toarea sesiune va avea loc \u00een data de <strong>7 februarie 2014<\/strong> (orele 10.00-18.00), la sediul <strong>Academiei Rom\u00e2ne<\/strong> din Calea 13 Septembrie nr 13, et. VII. Modulul con\u0163ine informa\u0163ii de ultim\u0103 or\u0103, aplica\u0163ii practice \u015fi studii de bune practici privind preg\u0103tirea \u015fi depunerea proiectelor europene cu impact dun\u0103rean c\u0103tre ariile prioritare de interes major pentru Rom\u00e2nia, inclusiv c\u0103tre noul program specific, ce va fi activat \u00een cur\u00e2nd de la Budapesta. Absolven\u0163ii primesc <strong>Certificat de Absolvire<\/strong> semnat \u00een co-tutel\u0103, din partea CIO-SUERD \u015fi Centrului de Biodiversitate al Academiei Rom\u00e2ne \u015fi sunt coopta\u0163i \u00een <strong>Registrul Na\u0163ional al Exper\u0163ilor Dun\u0103reni<\/strong>, pus la dispozi\u0163ia Coordonatorului Na\u0163ional SUERD \u015fi Platformei Urbane a Regiunii Dun\u0103rii de la Viena.<\/p>\n<p><strong>Parteneri \u015fi speakeri<\/strong> invita\u0163i Prof. Univ. Dr., Ing., Dr. HC, Prof. HC Alexandru T. BOGDAN \u2013 Membru Corespondent al Academiei Rom\u00e2ne, Directorul Centrului \u201eAcad. David Davidescu\u201d &#8211; Academia Rom\u00e2n\u0103; Conf. Univ. Dr. Cristiana S\u00ceRBU, Pre\u015fedinte Executiv Funda\u0163ia GIEDD; Jamil BENABDALLAH &#8211; Consultant Dezvoltarea Turismului Detente Consultants; KMC Octavian \u015eERBAN, MBA &#8211; Pre\u015fedintele Knowledge Management Institute Romania; Prof. Asoc. Dr. Iolanda MIHALACHE &#8211; Pre\u015fedinte Asocia\u0163ia PartNET; Conf. Univ. Dr. Arh. Gheorghe IONA\u015eCU &#8211; Academia Oamenilor de \u015etiin\u0163\u0103; Dr. Georgeta GHE\u0162E D\u0102N\u0102U \u2013 Pre\u015fedinte Asocia\u0163ia CINAQ; Sever AVRAM &#8211; Director Executiv Platforma CLDR; Sandu ZAMFIRESCU &#8211; Secretar General, Funda\u0163ia EUROLINK-Casa Europei.<\/p>\n<p>Pentru confirmarea particip\u0103rii la Sesiunea Practic\u0103 de Informare \u015fi Training, cei interesa\u0163i sunt ruga\u0163i s\u0103 completeze, Formularul de \u00censcriere de pe pagina <a title=\"Sesiune Practica de Informare si Training pentru Experti si Specialisti SUERD - Bucuresti, 7 februarie 2014\" href=\"http:\/\/www.houseofeurope.ro\/SUERD\/Bucuresti.html\">www.HouseofEurope.ro<\/a>. \u00censcrierile se fac \u00een baza principiului <i>\u201ePrimul venit &#8211; primul servit\u201d<\/i>, \u00een limita a <strong>20 de locuri<\/strong>, p\u00e2n\u0103 cel t\u00e2rziu \u00een data de <strong><em>31 ianuarie 2014<\/em><\/strong>.<\/p>\n<p><strong>Partener Media Asociat<\/strong><b>: <\/b>Agerpres. <strong>Parteneri Media Permanen\u0163i:<\/strong> Finantare.ro, CalendarEvenimente.ro, CaleaEuropeana.ro, Comunicatii Mobile, ZiarulAlb.ro, SmartFinancial.ro, NewsChannel.ro, Tribuna Economica, Economie si Administratie Locala, Euroconsultanta-Ghidul Firmei, ClubAfaceri.ro, BrandInfo.ro, GhiseulBancar.ro, PRwave.ro,\u00a0 ComunicateMedia.ro, Early Warning Support &#8211; &#8220;EU-RO Clearing Funds&#8221;.<\/p>\n","protected":false},"excerpt":{"rendered":"<p>Filiera de formare \u00een studii \u015fi afaceri dun\u0103rene exist\u0103 demult \u00een aproape toate \u0163\u0103rile aflate pe cursul fluviului, de la Viena la Budapesta \u015fi p\u00e2n\u0103 la Belgrad. Recent, sub egida European Danube Academy, aflat\u0103 \u00een Ulm, ora\u015ful care g\u0103zduie\u015fte \u015fi Consiliul Ora\u015felor \u015fi Regiunilor Dun\u0103rene (CODCR) a fost c\u00e2\u015ftigat un proiect preg\u0103titor pentru a se<a class=\"sup-readmore\" href=\"https:\/\/www.houseofeurope.ro\/blog\/formarea-ca-expert-in-proiecte-si-afaceri-dunarene-racordare-la-expertiza-europeana-pentru-nou-viitor-al-macro-regiunii-dunarii\/\">Read More<\/a><\/p>\n","protected":false},"author":1,"featured_media":0,"comment_status":"open","ping_status":"open","sticky":false,"template":"","format":"standard","meta":{"footnotes":""},"categories":[6,1,8,54,56,24],"tags":[119,162,160,163,106,95],"_links":{"self":[{"href":"https:\/\/www.houseofeurope.ro\/blog\/wp-json\/wp\/v2\/posts\/537"}],"collection":[{"href":"https:\/\/www.houseofeurope.ro\/blog\/wp-json\/wp\/v2\/posts"}],"about":[{"href":"https:\/\/www.houseofeurope.ro\/blog\/wp-json\/wp\/v2\/types\/post"}],"author":[{"embeddable":true,"href":"https:\/\/www.houseofeurope.ro\/blog\/wp-json\/wp\/v2\/users\/1"}],"replies":[{"embeddable":true,"href":"https:\/\/www.houseofeurope.ro\/blog\/wp-json\/wp\/v2\/comments?post=537"}],"version-history":[{"count":1,"href":"https:\/\/www.houseofeurope.ro\/blog\/wp-json\/wp\/v2\/posts\/537\/revisions"}],"predecessor-version":[{"id":539,"href":"https:\/\/www.houseofeurope.ro\/blog\/wp-json\/wp\/v2\/posts\/537\/revisions\/539"}],"wp:attachment":[{"href":"https:\/\/www.houseofeurope.ro\/blog\/wp-json\/wp\/v2\/media?parent=537"}],"wp:term":[{"taxonomy":"category","embeddable":true,"href":"https:\/\/www.houseofeurope.ro\/blog\/wp-json\/wp\/v2\/categories?post=537"},{"taxonomy":"post_tag","embeddable":true,"href":"https:\/\/www.houseofeurope.ro\/blog\/wp-json\/wp\/v2\/tags?post=537"}],"curies":[{"name":"wp","href":"https:\/\/api.w.org\/{rel}","templated":true}]}}